{"id":88449,"date":"2026-09-05T15:42:16","date_gmt":"2026-09-05T18:42:16","guid":{"rendered":"https:\/\/portalcatolico.net\/portal\/?p=88449"},"modified":"2026-09-05T15:42:16","modified_gmt":"2026-09-05T18:42:16","slug":"documentario-terra-de-santa-cruz-tera-exibicao-especial-no-local-da-primeira-missa-do-brasil","status":"publish","type":"post","link":"https:\/\/portalcatolico.net\/portal\/documentario-terra-de-santa-cruz-tera-exibicao-especial-no-local-da-primeira-missa-do-brasil\/","title":{"rendered":"Document\u00e1rio &#8220;Terra de Santa Cruz&#8221; ter\u00e1 exibi\u00e7\u00e3o especial no local da Primeira Missa do Brasil."},"content":{"rendered":"<p>O document\u00e1rio &#8220;Terra de Santa Cruz&#8221; ter\u00e1 uma exibi\u00e7\u00e3o especial no dia 12 de setembro, em Coroa Vermelha, no munic\u00edpio de Santa Cruz Cabr\u00e1lia, no sul da Bahia. A produ\u00e7\u00e3o ser\u00e1 apresentada no Marco da Primeira Missa, local de grande import\u00e2ncia para a hist\u00f3ria da presen\u00e7a cat\u00f3lica no Brasil.<\/p>\n<p>A sess\u00e3o integra a programa\u00e7\u00e3o da Festa da Exalta\u00e7\u00e3o da Santa Cruz, promovida na Costa do Descobrimento pelo Movimento Brasil com F\u00e9, em parceria com o Santu\u00e1rio Cristo Redentor e o Instituto Redemptor. A programa\u00e7\u00e3o contar\u00e1 com Santa Missa \u00e0s 17h e, \u00e0s 19h, com a exibi\u00e7\u00e3o do document\u00e1rio.<\/p>\n<p>A escolha de Coroa Vermelha para receber a produ\u00e7\u00e3o est\u00e1 relacionada \u00e0 import\u00e2ncia hist\u00f3rica e religiosa da regi\u00e3o. Foi nesse territ\u00f3rio que, em 26 de abril de 1500, foi celebrada a Primeira Missa no Brasil. Atualmente, o local est\u00e1 sob a jurisdi\u00e7\u00e3o eclesi\u00e1stica da Diocese de Eun\u00e1polis e permanece como refer\u00eancia para peregrinos e visitantes.<\/p>\n<p>F\u00e9, hist\u00f3ria e identidade<\/p>\n<p>&#8220;Terra de Santa Cruz&#8221; acompanha a peregrina\u00e7\u00e3o da Cruz da Primeira Missa por mais de 20 cidades de Portugal e do Brasil. Durante 15 dias, o s\u00edmbolo percorreu diferentes localidades em uma jornada marcada pela f\u00e9, mem\u00f3ria, cultura e reflex\u00e3o sobre as ra\u00edzes da forma\u00e7\u00e3o hist\u00f3rica brasileira.<\/p>\n<p>A narrativa do document\u00e1rio \u00e9 conduzida pelo padre Omar Raposo, reitor do Santu\u00e1rio Cristo Redentor e idealizador da iniciativa, e por Wilza Neves, ind\u00edgena da etnia Patax\u00f3 e coordenadora do N\u00facleo de Povos Origin\u00e1rios do Santu\u00e1rio.<\/p>\n<p>A produ\u00e7\u00e3o apresenta diferentes perspectivas sobre a trajet\u00f3ria da Cruz. Padre Omar aborda aspectos hist\u00f3ricos e religiosos, enquanto Wilza Neves apresenta a participa\u00e7\u00e3o e a presen\u00e7a dos povos origin\u00e1rios na constru\u00e7\u00e3o da hist\u00f3ria brasileira.<\/p>\n<p>A exibi\u00e7\u00e3o em Coroa Vermelha marca o retorno da narrativa ao territ\u00f3rio relacionado diretamente aos acontecimentos retratados na produ\u00e7\u00e3o. A iniciativa tamb\u00e9m busca contribuir para a preserva\u00e7\u00e3o da mem\u00f3ria religiosa e hist\u00f3rica da Costa do Descobrimento.<\/p>\n<p>A programa\u00e7\u00e3o est\u00e1 inserida ainda nas a\u00e7\u00f5es voltadas ao fortalecimento do turismo religioso, hist\u00f3rico e cultural na regi\u00e3o, por meio da chamada Nova Rota da F\u00e9, que busca conectar locais ligados \u00e0 espiritualidade e \u00e0 mem\u00f3ria do pa\u00eds.<\/p>\n<p>Estreia nacional<\/p>\n<p>Ap\u00f3s a sess\u00e3o especial em Santa Cruz Cabr\u00e1lia, o document\u00e1rio &#8220;Terra de Santa Cruz&#8221; ter\u00e1 estreia nacional no dia 14 de setembro, no Globoplay e Globoplay Internacional.<\/p>\n<p>A produ\u00e7\u00e3o \u00e9 uma coprodu\u00e7\u00e3o do Instituto Redemptor e da TM Produtora, viabilizada pela Lei do Audiovisual. O projeto conta com apoio da Arquidiocese de S\u00e3o Sebasti\u00e3o do Rio de Janeiro e da Federa\u00e7\u00e3o de Convention &amp; Visitors Bureaux do Estado do Rio de Janeiro, al\u00e9m do patroc\u00ednio da MAG.<\/p>\n<p>Servi\u00e7o<\/p>\n<p>Exibi\u00e7\u00e3o especial do document\u00e1rio &#8220;Terra de Santa Cruz&#8221;<\/p>\n<p>Data: 12 de setembro Local: Marco da Primeira Missa, Coroa Vermelha, Santa Cruz Cabr\u00e1lia Santa Missa: 17h Exibi\u00e7\u00e3o do document\u00e1rio: 19h<\/p>\n<p>Estreia no Globoplay e Globoplay Internacional: 14 de setembro<\/p>\n","protected":false},"excerpt":{"rendered":"<p>O document\u00e1rio &#8220;Terra de Santa Cruz&#8221; ter\u00e1 uma exibi\u00e7\u00e3o especial no dia 12 de setembro, em Coroa Vermelha, no munic\u00edpio de Santa Cruz Cabr\u00e1lia, no sul da Bahia. A produ\u00e7\u00e3o ser\u00e1 apresentada no Marco da Primeira Missa, local de grande import\u00e2ncia para a hist\u00f3ria da presen\u00e7a cat\u00f3lica no Brasil. A sess\u00e3o integra a programa\u00e7\u00e3o da&nbsp;<\/p>\n<p><a class=\"btn btn-style\" href=\"https:\/\/portalcatolico.net\/portal\/documentario-terra-de-santa-cruz-tera-exibicao-especial-no-local-da-primeira-missa-do-brasil\/\">Continue Reading<\/a><\/p>\n","protected":false},"author":2,"featured_media":88450,"comment_status":"open","ping_status":"open","sticky":false,"template":"","format":"standard","meta":{"ngg_post_thumbnail":0,"footnotes":""},"categories":[4],"tags":[],"class_list":["post-88449","post","type-post","status-publish","format-standard","has-post-thumbnail","hentry","category-destaques"],"_links":{"self":[{"href":"https:\/\/portalcatolico.net\/portal\/wp-json\/wp\/v2\/posts\/88449","targetHints":{"allow":["GET"]}}],"collection":[{"href":"https:\/\/portalcatolico.net\/portal\/wp-json\/wp\/v2\/posts"}],"about":[{"href":"https:\/\/portalcatolico.net\/portal\/wp-json\/wp\/v2\/types\/post"}],"author":[{"embeddable":true,"href":"https:\/\/portalcatolico.net\/portal\/wp-json\/wp\/v2\/users\/2"}],"replies":[{"embeddable":true,"href":"https:\/\/portalcatolico.net\/portal\/wp-json\/wp\/v2\/comments?post=88449"}],"version-history":[{"count":1,"href":"https:\/\/portalcatolico.net\/portal\/wp-json\/wp\/v2\/posts\/88449\/revisions"}],"predecessor-version":[{"id":88451,"href":"https:\/\/portalcatolico.net\/portal\/wp-json\/wp\/v2\/posts\/88449\/revisions\/88451"}],"wp:featuredmedia":[{"embeddable":true,"href":"https:\/\/portalcatolico.net\/portal\/wp-json\/wp\/v2\/media\/88450"}],"wp:attachment":[{"href":"https:\/\/portalcatolico.net\/portal\/wp-json\/wp\/v2\/media?parent=88449"}],"wp:term":[{"taxonomy":"category","embeddable":true,"href":"https:\/\/portalcatolico.net\/portal\/wp-json\/wp\/v2\/categories?post=88449"},{"taxonomy":"post_tag","embeddable":true,"href":"https:\/\/portalcatolico.net\/portal\/wp-json\/wp\/v2\/tags?post=88449"}],"curies":[{"name":"wp","href":"https:\/\/api.w.org\/{rel}","templated":true}]}}