{"id":88446,"date":"2026-09-05T15:39:38","date_gmt":"2026-09-05T18:39:38","guid":{"rendered":"https:\/\/portalcatolico.net\/portal\/?p=88446"},"modified":"2026-09-05T15:39:38","modified_gmt":"2026-09-05T18:39:38","slug":"apostolado-da-oracao-celebra-124-anos-de-fe-e-missao-na-paroquia-sao-boaventura-em-canavieiras","status":"publish","type":"post","link":"https:\/\/portalcatolico.net\/portal\/apostolado-da-oracao-celebra-124-anos-de-fe-e-missao-na-paroquia-sao-boaventura-em-canavieiras\/","title":{"rendered":"Apostolado da Ora\u00e7\u00e3o celebra 124 anos de f\u00e9 e miss\u00e3o na Par\u00f3quia S\u00e3o Boaventura, em Canavieiras."},"content":{"rendered":"<p>O Apostolado da Ora\u00e7\u00e3o da Par\u00f3quia S\u00e3o Boaventura, em Canavieiras, no sul da Bahia, celebra 124 anos de funda\u00e7\u00e3o e de atua\u00e7\u00e3o na comunidade paroquial. A trajet\u00f3ria \u00e9 marcada pela espiritualidade do Sagrado Cora\u00e7\u00e3o de Jesus, pela ora\u00e7\u00e3o e pelo servi\u00e7o \u00e0 Igreja.<\/p>\n<p>A data foi celebrada pela coordena\u00e7\u00e3o diocesana do Apostolado da Ora\u00e7\u00e3o da Diocese de Itabuna, que destacou a contribui\u00e7\u00e3o de diferentes gera\u00e7\u00f5es de integrantes para a continuidade da miss\u00e3o ao longo de mais de um s\u00e9culo.<\/p>\n<p>Segundo a coordena\u00e7\u00e3o, cada membro que passou pelo Apostolado contribuiu para a constru\u00e7\u00e3o dessa hist\u00f3ria, enquanto os atuais integrantes mant\u00eam o trabalho por meio da ora\u00e7\u00e3o, do testemunho, da presen\u00e7a na comunidade e da dedica\u00e7\u00e3o \u00e0s atividades desenvolvidas na par\u00f3quia e na Diocese.<\/p>\n<p>Em mensagem alusiva aos 124 anos, a coordena\u00e7\u00e3o diocesana ressaltou ainda a participa\u00e7\u00e3o do grupo na caminhada da Igreja local e desejou que os integrantes permane\u00e7am unidos na espiritualidade do Sagrado Cora\u00e7\u00e3o de Jesus, fortalecendo os v\u00ednculos de fraternidade e servi\u00e7o.<\/p>\n<p>A homenagem tamb\u00e9m foi dirigida \u00e0 coordena\u00e7\u00e3o paroquial, representada por Liana, e \u00e0s fam\u00edlias e membros que integram atualmente o Apostolado da Ora\u00e7\u00e3o na Par\u00f3quia S\u00e3o Boaventura.<\/p>\n<p>Vinculado \u00e0 Rede Mundial de Ora\u00e7\u00e3o do Papa, o Apostolado da Ora\u00e7\u00e3o tem sua espiritualidade centrada na uni\u00e3o com o Cora\u00e7\u00e3o de Jesus e na oferta da vida cotidiana pela miss\u00e3o da Igreja. Em Canavieiras, os 124 anos representam a continuidade de uma hist\u00f3ria de f\u00e9 que atravessou gera\u00e7\u00f5es e permanece presente na vida da comunidade cat\u00f3lica.<\/p>\n","protected":false},"excerpt":{"rendered":"<p>O Apostolado da Ora\u00e7\u00e3o da Par\u00f3quia S\u00e3o Boaventura, em Canavieiras, no sul da Bahia, celebra 124 anos de funda\u00e7\u00e3o e de atua\u00e7\u00e3o na comunidade paroquial. A trajet\u00f3ria \u00e9 marcada pela espiritualidade do Sagrado Cora\u00e7\u00e3o de Jesus, pela ora\u00e7\u00e3o e pelo servi\u00e7o \u00e0 Igreja. A data foi celebrada pela coordena\u00e7\u00e3o diocesana do Apostolado da Ora\u00e7\u00e3o da&nbsp;<\/p>\n<p><a class=\"btn btn-style\" href=\"https:\/\/portalcatolico.net\/portal\/apostolado-da-oracao-celebra-124-anos-de-fe-e-missao-na-paroquia-sao-boaventura-em-canavieiras\/\">Continue Reading<\/a><\/p>\n","protected":false},"author":2,"featured_media":88447,"comment_status":"open","ping_status":"open","sticky":false,"template":"","format":"standard","meta":{"ngg_post_thumbnail":0,"footnotes":""},"categories":[4],"tags":[],"class_list":["post-88446","post","type-post","status-publish","format-standard","has-post-thumbnail","hentry","category-destaques"],"_links":{"self":[{"href":"https:\/\/portalcatolico.net\/portal\/wp-json\/wp\/v2\/posts\/88446","targetHints":{"allow":["GET"]}}],"collection":[{"href":"https:\/\/portalcatolico.net\/portal\/wp-json\/wp\/v2\/posts"}],"about":[{"href":"https:\/\/portalcatolico.net\/portal\/wp-json\/wp\/v2\/types\/post"}],"author":[{"embeddable":true,"href":"https:\/\/portalcatolico.net\/portal\/wp-json\/wp\/v2\/users\/2"}],"replies":[{"embeddable":true,"href":"https:\/\/portalcatolico.net\/portal\/wp-json\/wp\/v2\/comments?post=88446"}],"version-history":[{"count":1,"href":"https:\/\/portalcatolico.net\/portal\/wp-json\/wp\/v2\/posts\/88446\/revisions"}],"predecessor-version":[{"id":88448,"href":"https:\/\/portalcatolico.net\/portal\/wp-json\/wp\/v2\/posts\/88446\/revisions\/88448"}],"wp:featuredmedia":[{"embeddable":true,"href":"https:\/\/portalcatolico.net\/portal\/wp-json\/wp\/v2\/media\/88447"}],"wp:attachment":[{"href":"https:\/\/portalcatolico.net\/portal\/wp-json\/wp\/v2\/media?parent=88446"}],"wp:term":[{"taxonomy":"category","embeddable":true,"href":"https:\/\/portalcatolico.net\/portal\/wp-json\/wp\/v2\/categories?post=88446"},{"taxonomy":"post_tag","embeddable":true,"href":"https:\/\/portalcatolico.net\/portal\/wp-json\/wp\/v2\/tags?post=88446"}],"curies":[{"name":"wp","href":"https:\/\/api.w.org\/{rel}","templated":true}]}}