{"id":88443,"date":"2026-09-04T19:48:23","date_gmt":"2026-09-04T22:48:23","guid":{"rendered":"https:\/\/portalcatolico.net\/portal\/?p=88443"},"modified":"2026-09-04T19:48:23","modified_gmt":"2026-09-04T22:48:23","slug":"a-fe-que-cura-renova-e-envia","status":"publish","type":"post","link":"https:\/\/portalcatolico.net\/portal\/a-fe-que-cura-renova-e-envia\/","title":{"rendered":"A f\u00e9 que cura, renova e envia"},"content":{"rendered":"<p><span data-contrast=\"none\">Uma&nbsp;medita\u00e7\u00e3o&nbsp;a&nbsp;partir&nbsp;de Lucas 4,38-44; 5,1-11; 5,33-39<\/span><span data-ccp-props=\"{&quot;335551550&quot;:2,&quot;335551620&quot;:2,&quot;335559738&quot;:0,&quot;335559739&quot;:320,&quot;335572079&quot;:8,&quot;335572080&quot;:8,&quot;335572081&quot;:14404023,&quot;469789806&quot;:&quot;single&quot;}\">&nbsp;<\/span><\/p>\n<p><span data-contrast=\"none\">A vida crist\u00e3 n\u00e3o se resume a palavras, celebra\u00e7\u00f5es ou costumes religiosos. Ela se revela, sobretudo, na maneira como acolhemos Jesus e permitimos que sua Palavra transforme nossas escolhas di\u00e1rias.<\/span><span data-ccp-props=\"{&quot;201341983&quot;:0,&quot;335551550&quot;:6,&quot;335551620&quot;:6,&quot;335559738&quot;:0,&quot;335559739&quot;:160,&quot;335559740&quot;:293}\">&nbsp;<\/span><\/p>\n<p><span data-contrast=\"none\">Nos Evangelhos, contemplamos o Senhor que entra na casa de Sim\u00e3o, aproxima-se da sogra de Pedro enferma, cura sua febre e devolve-lhe a for\u00e7a para servir. Depois, acolhe os doentes que lhe s\u00e3o apresentados e imp\u00f5e as m\u00e3os sobre cada um deles. \u00c9 o retrato de um Deus que n\u00e3o permanece distante da dor humana: Jesus v\u00ea, escuta, aproxima-se e cura.<\/span><span data-ccp-props=\"{&quot;201341983&quot;:0,&quot;335551550&quot;:6,&quot;335551620&quot;:6,&quot;335559738&quot;:0,&quot;335559739&quot;:160,&quot;335559740&quot;:293}\">&nbsp;<\/span><\/p>\n<p><span data-contrast=\"none\">Ainda&nbsp;hoje,&nbsp;tantas&nbsp;pessoas&nbsp;carregam&nbsp;enfermidades&nbsp;que&nbsp;n\u00e3o&nbsp;aparecem&nbsp;aos&nbsp;olhos:&nbsp;ansiedade,&nbsp;solid\u00e3o, tristeza,&nbsp;feridas&nbsp;familiares,&nbsp;medo&nbsp;do&nbsp;futuro&nbsp;e&nbsp;perda&nbsp;da&nbsp;esperan\u00e7a. Diante de&nbsp;tantas&nbsp;dores,&nbsp;somos&nbsp;chamados&nbsp;a ser&nbsp;presen\u00e7a&nbsp;fraterna. Uma&nbsp;palavra&nbsp;serena,&nbsp;uma&nbsp;visita, um&nbsp;gesto&nbsp;de&nbsp;perd\u00e3o, a&nbsp;disposi\u00e7\u00e3o&nbsp;para&nbsp;ouvir&nbsp;e&nbsp;uma&nbsp;ajuda&nbsp;concreta&nbsp;podem&nbsp;levar&nbsp;o&nbsp;al\u00edvio&nbsp;de Deus a quem&nbsp;sofre.<\/span><span data-ccp-props=\"{&quot;201341983&quot;:0,&quot;335551550&quot;:6,&quot;335551620&quot;:6,&quot;335559738&quot;:0,&quot;335559739&quot;:160,&quot;335559740&quot;:293}\">&nbsp;<\/span><\/p>\n<p><span data-contrast=\"none\">O Senhor tamb\u00e9m convida Pedro, depois de uma noite inteira sem pescar, a avan\u00e7ar para \u00e1guas mais profundas. Cansado, ele poderia ter desistido; contudo, responde: \u201cEm aten\u00e7\u00e3o \u00e0 tua palavra, vou lan\u00e7ar as redes\u201d. Esta \u00e9 uma li\u00e7\u00e3o preciosa para n\u00f3s. H\u00e1 momentos em que nos sentimos desanimados diante das dificuldades da fam\u00edlia, do trabalho, da vida comunit\u00e1ria ou da pr\u00f3pria caminhada de f\u00e9. Mas Jesus nos pede que n\u00e3o fa\u00e7amos do fracasso de ontem uma senten\u00e7a para o amanh\u00e3.<\/span><span data-ccp-props=\"{&quot;201341983&quot;:0,&quot;335551550&quot;:6,&quot;335551620&quot;:6,&quot;335559738&quot;:0,&quot;335559739&quot;:160,&quot;335559740&quot;:293}\">&nbsp;<\/span><\/p>\n<p><span data-contrast=\"none\">Avan\u00e7ar para \u00e1guas mais profundas \u00e9 confiar novamente, recome\u00e7ar com humildade e abrir o cora\u00e7\u00e3o \u00e0 Palavra de Deus. A pesca abundante mostra que, quando colocamos a vida nas m\u00e3os do Senhor, at\u00e9 aquilo que parecia imposs\u00edvel pode receber um novo sentido. E Pedro precisou chamar os companheiros para ajud\u00e1-lo: a f\u00e9 n\u00e3o se vive no isolamento; ela se fortalece na comunidade, na partilha e no servi\u00e7o.<\/span><span data-ccp-props=\"{&quot;201341983&quot;:0,&quot;335551550&quot;:6,&quot;335551620&quot;:6,&quot;335559738&quot;:0,&quot;335559739&quot;:160,&quot;335559740&quot;:293}\">&nbsp;<\/span><\/p>\n<p><span data-contrast=\"none\">Por fim, Jesus fala do vinho novo e dos odres novos. N\u00e3o basta desejar uma vida renovada se continuamos presos aos mesmos rancores, preconceitos, ego\u00edsmos e h\u00e1bitos que nos afastam do Evangelho. Cristo n\u00e3o veio apenas remendar nossas feridas; Ele quer renovar profundamente o nosso cora\u00e7\u00e3o.<\/span><span data-ccp-props=\"{&quot;201341983&quot;:0,&quot;335551550&quot;:6,&quot;335551620&quot;:6,&quot;335559738&quot;:0,&quot;335559739&quot;:160,&quot;335559740&quot;:293}\">&nbsp;<\/span><\/p>\n<p><span data-contrast=\"none\">Pe\u00e7amos ao Senhor a gra\u00e7a de acolher sua presen\u00e7a, confiar em sua Palavra e permitir que Ele fa\u00e7a de n\u00f3s homens e mulheres novos. Que a nossa f\u00e9 se transforme em cuidado, esperan\u00e7a, servi\u00e7o e miseric\u00f3rdia para todos.<\/span><span data-ccp-props=\"{&quot;201341983&quot;:0,&quot;335551550&quot;:6,&quot;335551620&quot;:6,&quot;335559738&quot;:0,&quot;335559739&quot;:160,&quot;335559740&quot;:293}\">&nbsp;<\/span><\/p>\n<p>Dom Jailton Oliveira Lino<br \/>\nBispo de Itabuna (BA)&nbsp;<\/p>\n<p>Fonte:CNBB<\/p>\n","protected":false},"excerpt":{"rendered":"<p>Uma&nbsp;medita\u00e7\u00e3o&nbsp;a&nbsp;partir&nbsp;de Lucas 4,38-44; 5,1-11; 5,33-39&nbsp; A vida crist\u00e3 n\u00e3o se resume a palavras, celebra\u00e7\u00f5es ou costumes religiosos. Ela se revela, sobretudo, na maneira como acolhemos Jesus e permitimos que sua Palavra transforme nossas escolhas di\u00e1rias.&nbsp; Nos Evangelhos, contemplamos o Senhor que entra na casa de Sim\u00e3o, aproxima-se da sogra de Pedro enferma, cura sua febre&nbsp;<\/p>\n<p><a class=\"btn btn-style\" href=\"https:\/\/portalcatolico.net\/portal\/a-fe-que-cura-renova-e-envia\/\">Continue Reading<\/a><\/p>\n","protected":false},"author":2,"featured_media":82539,"comment_status":"open","ping_status":"open","sticky":false,"template":"","format":"standard","meta":{"ngg_post_thumbnail":0,"footnotes":""},"categories":[69],"tags":[],"class_list":["post-88443","post","type-post","status-publish","format-standard","has-post-thumbnail","hentry","category-artigos"],"_links":{"self":[{"href":"https:\/\/portalcatolico.net\/portal\/wp-json\/wp\/v2\/posts\/88443","targetHints":{"allow":["GET"]}}],"collection":[{"href":"https:\/\/portalcatolico.net\/portal\/wp-json\/wp\/v2\/posts"}],"about":[{"href":"https:\/\/portalcatolico.net\/portal\/wp-json\/wp\/v2\/types\/post"}],"author":[{"embeddable":true,"href":"https:\/\/portalcatolico.net\/portal\/wp-json\/wp\/v2\/users\/2"}],"replies":[{"embeddable":true,"href":"https:\/\/portalcatolico.net\/portal\/wp-json\/wp\/v2\/comments?post=88443"}],"version-history":[{"count":1,"href":"https:\/\/portalcatolico.net\/portal\/wp-json\/wp\/v2\/posts\/88443\/revisions"}],"predecessor-version":[{"id":88444,"href":"https:\/\/portalcatolico.net\/portal\/wp-json\/wp\/v2\/posts\/88443\/revisions\/88444"}],"wp:featuredmedia":[{"embeddable":true,"href":"https:\/\/portalcatolico.net\/portal\/wp-json\/wp\/v2\/media\/82539"}],"wp:attachment":[{"href":"https:\/\/portalcatolico.net\/portal\/wp-json\/wp\/v2\/media?parent=88443"}],"wp:term":[{"taxonomy":"category","embeddable":true,"href":"https:\/\/portalcatolico.net\/portal\/wp-json\/wp\/v2\/categories?post=88443"},{"taxonomy":"post_tag","embeddable":true,"href":"https:\/\/portalcatolico.net\/portal\/wp-json\/wp\/v2\/tags?post=88443"}],"curies":[{"name":"wp","href":"https:\/\/api.w.org\/{rel}","templated":true}]}}