{"id":88439,"date":"2026-09-04T19:45:05","date_gmt":"2026-09-04T22:45:05","guid":{"rendered":"https:\/\/portalcatolico.net\/portal\/?p=88439"},"modified":"2026-09-04T19:46:00","modified_gmt":"2026-09-04T22:46:00","slug":"seminario-com-bispos-referenciais-para-as-cebs","status":"publish","type":"post","link":"https:\/\/portalcatolico.net\/portal\/seminario-com-bispos-referenciais-para-as-cebs\/","title":{"rendered":"Semin\u00e1rio com bispos referenciais para as CEBs"},"content":{"rendered":"<p class=\"elementor-heading-title elementor-size-default\"><strong>Semin\u00e1rio com bispos referenciais para as CEBs e Laicato reflete sobre viv\u00eancia da comunh\u00e3o, da participa\u00e7\u00e3o e da miss\u00e3o<\/strong><\/p>\n<p>A Comiss\u00e3o Episcopal para o Laicato da Confer\u00eancia Nacional dos Bispos do Brasil (CNBB) realizou entre os dias 28 e 30 de agosto o XVIII Semin\u00e1rio com os Bispos Referenciais para as Comunidades Eclesiais de Base (CEBs) e para o Laicato. O encontro, em Bras\u00edlia (DF), reuniu bispos, leigos e leigas, padres, representantes das CEBs, movimentos, pastorais e diferentes express\u00f5es eclesiais. para refletir sobre a realidade social e eclesial, as Diretrizes Gerais da A\u00e7\u00e3o Evangelizadora da Igreja no Brasil (DGAE 2026-2032), a miss\u00e3o dos crist\u00e3os leigos e leigas, a sinodalidade, a corresponsabilidade e a caminhada das CEBs.<\/p>\n<blockquote><p>\u201cAo longo dos tr\u00eas dias, as reflex\u00f5es buscaram articular Palavra de Deus, leitura da realidade, participa\u00e7\u00e3o eclesial, miss\u00e3o, forma\u00e7\u00e3o, compromisso social e os desafios de uma Igreja que deseja avan\u00e7ar na viv\u00eancia concreta da comunh\u00e3o, participa\u00e7\u00e3o e miss\u00e3o\u201d, partilhou C\u00e9lia Soares, assessora da Comiss\u00e3o para o Laicato.<\/p><\/blockquote>\n<p>\u201cA principal convic\u00e7\u00e3o que atravessou as reflex\u00f5es foi a necessidade de fazer com que a sinodalidade passe dos documentos para a vida concreta da Igreja.&nbsp;Isso implica formar sujeitos eclesiais, ampliar os espa\u00e7os reais de participa\u00e7\u00e3o, fortalecer o laicato, escutar as juventudes, cuidar das pessoas feridas, valorizar a diversidade, promover transpar\u00eancia, dialogar com as diferen\u00e7as e manter a op\u00e7\u00e3o pelos pobres e pela justi\u00e7a\u201d, explicou a assessora.<\/p>\n<p>Nesta caminhada sinodal do laicato, a fraternidade apareceu como crit\u00e9rio essencial, lembrando a passagem do livro do G\u00eanesis, a pergunta feita por Deus a Caim: \u201cOnde est\u00e1 o teu irm\u00e3o?\u201d.<\/p>\n<p>Diante do crescimento da intoler\u00e2ncia, viol\u00eancia, racismo e rejei\u00e7\u00e3o ao diferente, foi apresentada a provoca\u00e7\u00e3o de que talvez a sociedade atual esteja vivendo tamb\u00e9m uma esp\u00e9cie de \u201cmorte do pr\u00f3ximo\u201d, quando se deixa de reconhecer o outro como irm\u00e3o. A reflex\u00e3o destacou que n\u00e3o existe verdadeira corresponsabilidade sem cuidado com o outro.<\/p>\n<p><strong>Forma\u00e7\u00e3o do laicato<\/strong><\/p>\n<p>Durante o semin\u00e1rio, os participantes tamb\u00e9m discutiram sobre a proposta de forma\u00e7\u00e3o destinada a lideran\u00e7as pastorais e pessoas inseridas em movimentos, organiza\u00e7\u00f5es e diferentes espa\u00e7os de atua\u00e7\u00e3o social. A iniciativa prev\u00ea etapas presenciais e a dist\u00e2ncia e possibilidades de bolsas de estudo, buscando ampliar o acesso dos participantes.<\/p>\n<p>A proposta refor\u00e7ou a necessidade de investir continuamente na forma\u00e7\u00e3o de leigos e leigas, preparando-os para uma presen\u00e7a madura e correspons\u00e1vel na Igreja e na sociedade.<\/p>\n<p><strong>16\u00ba Intereclesial das CEBs<\/strong><\/p>\n<p>A prepara\u00e7\u00e3o para o 16\u00ba Encontro Intereclesial das CEBs tamb\u00e9m foi tema abordado durante o semin\u00e1rio. A celebra\u00e7\u00e3o deste momento que re\u00fane as CEBs de todo o Brasil ser\u00e1 de 20 a 24 de julho de 2027, na diocese de Cachoeiro de Itapemirim (ES).<\/p>\n<p>Foi apresentado o cartaz, o \u00edcone e o texto-base do evento. A motiva\u00e7\u00e3o aos bispos e representantes de pastorais e movimentos \u00e9 que a participa\u00e7\u00e3o j\u00e1 aconte\u00e7a desde j\u00e1&nbsp;nas comunidades, dioceses e Regionais, por meio de encontros, celebra\u00e7\u00f5es e processos formativos.<\/p>\n<p>O tema do 16\u00ba Intereclesial \u00e9 \u201cCEBs caminhando com as juventudes na alegria do Evangelho, a servi\u00e7o do Reino\u201d e o lema \u201cLevanta-te, brilha, pois chegou a tua luz\u201d (Is 60,1).<\/p>\n<pre>Luiz Lopes Jr com informa\u00e7\u00f5es da Comiss\u00e3o Episcopal para o Laicato e CNBB<\/pre>\n","protected":false},"excerpt":{"rendered":"<p>Semin\u00e1rio com bispos referenciais para as CEBs e Laicato reflete sobre viv\u00eancia da comunh\u00e3o, da participa\u00e7\u00e3o e da miss\u00e3o A Comiss\u00e3o Episcopal para o Laicato da Confer\u00eancia Nacional dos Bispos do Brasil (CNBB) realizou entre os dias 28 e 30 de agosto o XVIII Semin\u00e1rio com os Bispos Referenciais para as Comunidades Eclesiais de Base&nbsp;<\/p>\n<p><a class=\"btn btn-style\" href=\"https:\/\/portalcatolico.net\/portal\/seminario-com-bispos-referenciais-para-as-cebs\/\">Continue Reading<\/a><\/p>\n","protected":false},"author":2,"featured_media":88440,"comment_status":"open","ping_status":"open","sticky":false,"template":"","format":"standard","meta":{"ngg_post_thumbnail":0,"footnotes":""},"categories":[4],"tags":[],"class_list":["post-88439","post","type-post","status-publish","format-standard","has-post-thumbnail","hentry","category-destaques"],"_links":{"self":[{"href":"https:\/\/portalcatolico.net\/portal\/wp-json\/wp\/v2\/posts\/88439","targetHints":{"allow":["GET"]}}],"collection":[{"href":"https:\/\/portalcatolico.net\/portal\/wp-json\/wp\/v2\/posts"}],"about":[{"href":"https:\/\/portalcatolico.net\/portal\/wp-json\/wp\/v2\/types\/post"}],"author":[{"embeddable":true,"href":"https:\/\/portalcatolico.net\/portal\/wp-json\/wp\/v2\/users\/2"}],"replies":[{"embeddable":true,"href":"https:\/\/portalcatolico.net\/portal\/wp-json\/wp\/v2\/comments?post=88439"}],"version-history":[{"count":2,"href":"https:\/\/portalcatolico.net\/portal\/wp-json\/wp\/v2\/posts\/88439\/revisions"}],"predecessor-version":[{"id":88442,"href":"https:\/\/portalcatolico.net\/portal\/wp-json\/wp\/v2\/posts\/88439\/revisions\/88442"}],"wp:featuredmedia":[{"embeddable":true,"href":"https:\/\/portalcatolico.net\/portal\/wp-json\/wp\/v2\/media\/88440"}],"wp:attachment":[{"href":"https:\/\/portalcatolico.net\/portal\/wp-json\/wp\/v2\/media?parent=88439"}],"wp:term":[{"taxonomy":"category","embeddable":true,"href":"https:\/\/portalcatolico.net\/portal\/wp-json\/wp\/v2\/categories?post=88439"},{"taxonomy":"post_tag","embeddable":true,"href":"https:\/\/portalcatolico.net\/portal\/wp-json\/wp\/v2\/tags?post=88439"}],"curies":[{"name":"wp","href":"https:\/\/api.w.org\/{rel}","templated":true}]}}