{"id":88434,"date":"2026-09-02T19:31:50","date_gmt":"2026-09-02T22:31:50","guid":{"rendered":"https:\/\/portalcatolico.net\/portal\/?p=88434"},"modified":"2026-09-02T19:32:34","modified_gmt":"2026-09-02T22:32:34","slug":"88434-2","status":"publish","type":"post","link":"https:\/\/portalcatolico.net\/portal\/88434-2\/","title":{"rendered":"Par\u00f3quia nos EUA \u00e9 a primeira no mundo a homenagear a m\u00e1rtir gan\u00eas morto em 2015"},"content":{"rendered":"<p>A primeira par\u00f3quia cat\u00f3lica do mundo fundada sob o patroc\u00ednio do m\u00e1rtir e santo gan\u00eas Mateus Ayariga ser\u00e1 inaugurada em Arlington, Texas, EUA, em janeiro do ano que vem.<\/p>\n<p>O bispo de Fort Worth, Texas, EUA, Michael Olson, anunciou em 28 de agosto a inaugura\u00e7\u00e3o da igreja.<\/p>\n<p>Ayariga foi um dos 21 trabalhadores migrantes crist\u00e3os na L\u00edbia que foram sequestrados e decapitados pelo grupo terrorista Estado Isl\u00e2mico (ISIS) numa praia perto de Sirte, na L\u00edbia, em 15 de fevereiro de 2015.<\/p>\n<p>Origin\u00e1rio de Gana, Ayariga era o \u00fanico africano negro entre os 21 homens. Os outros eram todos crist\u00e3os ortodoxos coptas do Egito. Respondendo sobre sua f\u00e9 pelos sequestradores, ele teria respondido: &#8220;O Deus deles \u00e9 o meu Deus&#8221;.<\/p>\n<p>A Igreja Ortodoxa Copta canonizou todos os 21 homens como santos e m\u00e1rtires em 21 de fevereiro de 2015, sob o papa ortodoxo copta Tawadros II.<\/p>\n<p>Num sinal ecum\u00eanico de comunh\u00e3o entre as duas igrejas, o papa Francisco anunciou que os 21 m\u00e1rtires seriam inscritos no martirol\u00f3gio romano em 11 de maio de 2023, num encontro no Vaticano com o papa Tawadros II. Francisco descreveu os homens como batizados \u201cn\u00e3o s\u00f3 na \u00e1gua e no Esp\u00edrito, mas tamb\u00e9m no sangue\u201d.<\/p>\n<p>Como a autoridade para criar santos reside na S\u00e9 Apost\u00f3lica, os santos n\u00e3o precisaram passar pelo processo usual de canoniza\u00e7\u00e3o em v\u00e1rias etapas, que envolve a abertura de uma causa, a beatifica\u00e7\u00e3o e a confirma\u00e7\u00e3o de milagres.<\/p>\n<p>O dia de festa dos m\u00e1rtires em ambas as igrejas \u00e9 15 de fevereiro.<\/p>\n<p>S\u00e3o Mateus Ayariga, \u00e0 esquerda, e outro prisioneiro mantido em cativeiro por terroristas do Estado Isl\u00e2mico em 15 de fevereiro de 2015. | Cr\u00e9dito: \u201cVaticano\u201d\/Captura de tela<\/p>\n<p>Fonte: AciDigital<\/p>\n","protected":false},"excerpt":{"rendered":"<p>A primeira par\u00f3quia cat\u00f3lica do mundo fundada sob o patroc\u00ednio do m\u00e1rtir e santo gan\u00eas Mateus Ayariga ser\u00e1 inaugurada em Arlington, Texas, EUA, em janeiro do ano que vem. O bispo de Fort Worth, Texas, EUA, Michael Olson, anunciou em 28 de agosto a inaugura\u00e7\u00e3o da igreja. Ayariga foi um dos 21 trabalhadores migrantes crist\u00e3os&nbsp;<\/p>\n<p><a class=\"btn btn-style\" href=\"https:\/\/portalcatolico.net\/portal\/88434-2\/\">Continue Reading<\/a><\/p>\n","protected":false},"author":2,"featured_media":88435,"comment_status":"open","ping_status":"open","sticky":false,"template":"","format":"standard","meta":{"ngg_post_thumbnail":0,"footnotes":""},"categories":[5],"tags":[],"class_list":["post-88434","post","type-post","status-publish","format-standard","has-post-thumbnail","hentry","category-igreja_no_mundo"],"_links":{"self":[{"href":"https:\/\/portalcatolico.net\/portal\/wp-json\/wp\/v2\/posts\/88434","targetHints":{"allow":["GET"]}}],"collection":[{"href":"https:\/\/portalcatolico.net\/portal\/wp-json\/wp\/v2\/posts"}],"about":[{"href":"https:\/\/portalcatolico.net\/portal\/wp-json\/wp\/v2\/types\/post"}],"author":[{"embeddable":true,"href":"https:\/\/portalcatolico.net\/portal\/wp-json\/wp\/v2\/users\/2"}],"replies":[{"embeddable":true,"href":"https:\/\/portalcatolico.net\/portal\/wp-json\/wp\/v2\/comments?post=88434"}],"version-history":[{"count":3,"href":"https:\/\/portalcatolico.net\/portal\/wp-json\/wp\/v2\/posts\/88434\/revisions"}],"predecessor-version":[{"id":88438,"href":"https:\/\/portalcatolico.net\/portal\/wp-json\/wp\/v2\/posts\/88434\/revisions\/88438"}],"wp:featuredmedia":[{"embeddable":true,"href":"https:\/\/portalcatolico.net\/portal\/wp-json\/wp\/v2\/media\/88435"}],"wp:attachment":[{"href":"https:\/\/portalcatolico.net\/portal\/wp-json\/wp\/v2\/media?parent=88434"}],"wp:term":[{"taxonomy":"category","embeddable":true,"href":"https:\/\/portalcatolico.net\/portal\/wp-json\/wp\/v2\/categories?post=88434"},{"taxonomy":"post_tag","embeddable":true,"href":"https:\/\/portalcatolico.net\/portal\/wp-json\/wp\/v2\/tags?post=88434"}],"curies":[{"name":"wp","href":"https:\/\/api.w.org\/{rel}","templated":true}]}}