{"id":88431,"date":"2026-09-02T19:21:57","date_gmt":"2026-09-02T22:21:57","guid":{"rendered":"https:\/\/portalcatolico.net\/portal\/?p=88431"},"modified":"2026-09-02T19:21:57","modified_gmt":"2026-09-02T22:21:57","slug":"padre-tony-convida-fieis-para-a-4a-edicao-do-bloco-vem-pra-cristo-em-santa-ines","status":"publish","type":"post","link":"https:\/\/portalcatolico.net\/portal\/padre-tony-convida-fieis-para-a-4a-edicao-do-bloco-vem-pra-cristo-em-santa-ines\/","title":{"rendered":"Padre Tony convida fi\u00e9is para a 4\u00aa edi\u00e7\u00e3o do Bloco Vem Pra Cristo, em Santa In\u00eas."},"content":{"rendered":"<p>O padre Tony convida os fi\u00e9is e toda a comunidade para participarem da 4\u00aa edi\u00e7\u00e3o do Bloco Vem Pra Cristo, que ser\u00e1 realizada no dia 26 de setembro, na Par\u00f3quia Santa In\u00eas, em Santa In\u00eas, no sul da Bahia.<\/p>\n<p>Com o tema &#8220;F\u00e9 que anima, amor que transforma!&#8221;, a iniciativa prop\u00f5e um momento de evangeliza\u00e7\u00e3o, alegria e manifesta\u00e7\u00e3o p\u00fablica da f\u00e9 crist\u00e3.<\/p>\n<p>A concentra\u00e7\u00e3o est\u00e1 marcada para as 15h, na Pra\u00e7a da Igreja Matriz de Santa In\u00eas. A programa\u00e7\u00e3o reunir\u00e1 a comunidade paroquial e participantes em uma tarde de celebra\u00e7\u00e3o e evangeliza\u00e7\u00e3o.<\/p>\n<p>Para esta edi\u00e7\u00e3o, tamb\u00e9m est\u00e1 sendo comercializada a camisa oficial do Bloco Vem Pra Cristo, no valor de R$ 25. Os interessados podem obter mais informa\u00e7\u00f5es na Secretaria Paroquial, pelo telefone (73) 3612-0955, ou diretamente com o padre Tony, pelo n\u00famero (73) 98158-2158.<\/p>\n<p>Em sua quarta edi\u00e7\u00e3o, o Bloco Vem Pra Cristo busca reunir pessoas de diferentes idades em uma experi\u00eancia de f\u00e9, comunh\u00e3o e an\u00fancio do Evangelho pelas ruas da cidade.<\/p>\n","protected":false},"excerpt":{"rendered":"<p>O padre Tony convida os fi\u00e9is e toda a comunidade para participarem da 4\u00aa edi\u00e7\u00e3o do Bloco Vem Pra Cristo, que ser\u00e1 realizada no dia 26 de setembro, na Par\u00f3quia Santa In\u00eas, em Santa In\u00eas, no sul da Bahia. Com o tema &#8220;F\u00e9 que anima, amor que transforma!&#8221;, a iniciativa prop\u00f5e um momento de evangeliza\u00e7\u00e3o,&nbsp;<\/p>\n<p><a class=\"btn btn-style\" href=\"https:\/\/portalcatolico.net\/portal\/padre-tony-convida-fieis-para-a-4a-edicao-do-bloco-vem-pra-cristo-em-santa-ines\/\">Continue Reading<\/a><\/p>\n","protected":false},"author":2,"featured_media":88432,"comment_status":"open","ping_status":"open","sticky":false,"template":"","format":"standard","meta":{"ngg_post_thumbnail":0,"footnotes":""},"categories":[1],"tags":[],"class_list":["post-88431","post","type-post","status-publish","format-standard","has-post-thumbnail","hentry","category-agenda"],"_links":{"self":[{"href":"https:\/\/portalcatolico.net\/portal\/wp-json\/wp\/v2\/posts\/88431","targetHints":{"allow":["GET"]}}],"collection":[{"href":"https:\/\/portalcatolico.net\/portal\/wp-json\/wp\/v2\/posts"}],"about":[{"href":"https:\/\/portalcatolico.net\/portal\/wp-json\/wp\/v2\/types\/post"}],"author":[{"embeddable":true,"href":"https:\/\/portalcatolico.net\/portal\/wp-json\/wp\/v2\/users\/2"}],"replies":[{"embeddable":true,"href":"https:\/\/portalcatolico.net\/portal\/wp-json\/wp\/v2\/comments?post=88431"}],"version-history":[{"count":1,"href":"https:\/\/portalcatolico.net\/portal\/wp-json\/wp\/v2\/posts\/88431\/revisions"}],"predecessor-version":[{"id":88433,"href":"https:\/\/portalcatolico.net\/portal\/wp-json\/wp\/v2\/posts\/88431\/revisions\/88433"}],"wp:featuredmedia":[{"embeddable":true,"href":"https:\/\/portalcatolico.net\/portal\/wp-json\/wp\/v2\/media\/88432"}],"wp:attachment":[{"href":"https:\/\/portalcatolico.net\/portal\/wp-json\/wp\/v2\/media?parent=88431"}],"wp:term":[{"taxonomy":"category","embeddable":true,"href":"https:\/\/portalcatolico.net\/portal\/wp-json\/wp\/v2\/categories?post=88431"},{"taxonomy":"post_tag","embeddable":true,"href":"https:\/\/portalcatolico.net\/portal\/wp-json\/wp\/v2\/tags?post=88431"}],"curies":[{"name":"wp","href":"https:\/\/api.w.org\/{rel}","templated":true}]}}