{"id":88428,"date":"2026-09-02T19:19:01","date_gmt":"2026-09-02T22:19:01","guid":{"rendered":"https:\/\/portalcatolico.net\/portal\/?p=88428"},"modified":"2026-09-02T19:19:01","modified_gmt":"2026-09-02T22:19:01","slug":"cardeais-do-brasil-participam-de-dialogo-sobre-igreja-e-politica-as-vesperas-das-eleicoes-de-2026","status":"publish","type":"post","link":"https:\/\/portalcatolico.net\/portal\/cardeais-do-brasil-participam-de-dialogo-sobre-igreja-e-politica-as-vesperas-das-eleicoes-de-2026\/","title":{"rendered":"Cardeais do Brasil participam de di\u00e1logo sobre Igreja e pol\u00edtica \u00e0s v\u00e9speras das elei\u00e7\u00f5es de 2026"},"content":{"rendered":"<p>Os principais desafios relacionados \u00e0s elei\u00e7\u00f5es de 2026 e a contribui\u00e7\u00e3o da Igreja Cat\u00f3lica para a forma\u00e7\u00e3o da consci\u00eancia cidad\u00e3 estar\u00e3o no centro do programa especial \u201cIgreja e pol\u00edtica \u2013 Di\u00e1logo dos Cardeais do Brasil\u201d, realizado nesta quarta-feira, 2 de setembro, das 21h \u00e0s 23h, diretamente dos est\u00fadios da Rede Vida, em Bras\u00edlia (DF).<\/p>\n<p>A iniciativa reunir\u00e1 sete cardeais brasileiros para um momento de di\u00e1logo e reflex\u00e3o sobre temas relacionados \u00e0 pol\u00edtica e \u00e0s elei\u00e7\u00f5es, \u00e0 luz do Magist\u00e9rio e dos documentos da Igreja Cat\u00f3lica. Participam dom Odilo Pedro Scherer, dom Orani Jo\u00e3o Tempesta, dom Jaime Spengler, dom S\u00e9rgio da Rocha, dom Paulo Cezar Costa, dom Raymundo Damasceno Assis e dom Jo\u00e3o Braz de Aviz.<\/p>\n<p>Apresentado pelo jornalista Paulo J\u00fanior, o programa ser\u00e1 transmitido ao vivo e ter\u00e1 duas horas de dura\u00e7\u00e3o. A proposta \u00e9 oferecer ao p\u00fablico elementos para a reflex\u00e3o sobre a realidade brasileira, incentivando o di\u00e1logo, a responsabilidade e o compromisso com o bem comum.<\/p>\n<p>Acompanhe ao vivo:<\/p>\n<div class=\"ast-oembed-container\"><iframe loading=\"lazy\" title=\"Dial\u00f3go dos Cardeais \u2013 02\/09\/26\" src=\"https:\/\/www.youtube.com\/embed\/mJOeU_TDEPE?feature=oembed\" width=\"1200\" height=\"900\" frameborder=\"0\" allowfullscreen=\"allowfullscreen\" data-mce-fragment=\"1\"><\/iframe><\/div>\n<h4>&nbsp;Quatro momentos de di\u00e1logo<\/h4>\n<p>A programa\u00e7\u00e3o ser\u00e1 dividida em quatro blocos. Na abertura, cada cardeal ter\u00e1 aproximadamente tr\u00eas minutos para apresentar sua reflex\u00e3o inicial sobre o tema proposto.<\/p>\n<p>No segundo momento, os participantes responder\u00e3o a perguntas e estabelecer\u00e3o um di\u00e1logo entre si, respeitando o tempo destinado a cada interven\u00e7\u00e3o. A proposta \u00e9 favorecer a apresenta\u00e7\u00e3o de diferentes perspectivas e aprofundar a reflex\u00e3o sobre a rela\u00e7\u00e3o entre Igreja, pol\u00edtica e sociedade.<\/p>\n<p>O terceiro bloco ser\u00e1 dedicado \u00e0 participa\u00e7\u00e3o dos telespectadores. Perguntas encaminhadas pelo p\u00fablico ser\u00e3o previamente selecionadas por uma comiss\u00e3o e apresentadas aos cardeais, assegurando igualdade de tempo para as respostas.<\/p>\n<p>Ao final, no quarto bloco, cada participante apresentar\u00e1 uma mensagem de encerramento, concluindo o encontro.<\/p>\n<h4>Comunica\u00e7\u00e3o a servi\u00e7o da cidadania<\/h4>\n<p>A Rede Vida tamb\u00e9m convidou emissoras de televis\u00e3o e r\u00e1dio de inspira\u00e7\u00e3o cat\u00f3lica integrantes da SIGNIS Brasil a integrarem a cadeia nacional de transmiss\u00e3o do programa. A iniciativa busca ampliar o alcance do di\u00e1logo e promover uma mobiliza\u00e7\u00e3o conjunta das emissoras cat\u00f3licas e crist\u00e3s.<\/p>\n<p>Al\u00e9m da retransmiss\u00e3o, as equipes jornal\u00edsticas das emissoras foram convidadas a acompanhar o encontro, realizar entrevistas com os participantes antes do in\u00edcio do programa e contribuir para a repercuss\u00e3o do conte\u00fado ap\u00f3s a transmiss\u00e3o.<\/p>\n<p>A proposta se insere no compromisso da comunica\u00e7\u00e3o cat\u00f3lica com a promo\u00e7\u00e3o da verdade, do di\u00e1logo, da paz, da responsabilidade e da forma\u00e7\u00e3o da consci\u00eancia cidad\u00e3, especialmente diante do processo eleitoral que o pa\u00eds vive em 2026.(CNBB)<\/p>\n","protected":false},"excerpt":{"rendered":"<p>Os principais desafios relacionados \u00e0s elei\u00e7\u00f5es de 2026 e a contribui\u00e7\u00e3o da Igreja Cat\u00f3lica para a forma\u00e7\u00e3o da consci\u00eancia cidad\u00e3 estar\u00e3o no centro do programa especial \u201cIgreja e pol\u00edtica \u2013 Di\u00e1logo dos Cardeais do Brasil\u201d, realizado nesta quarta-feira, 2 de setembro, das 21h \u00e0s 23h, diretamente dos est\u00fadios da Rede Vida, em Bras\u00edlia (DF). A&nbsp;<\/p>\n<p><a class=\"btn btn-style\" href=\"https:\/\/portalcatolico.net\/portal\/cardeais-do-brasil-participam-de-dialogo-sobre-igreja-e-politica-as-vesperas-das-eleicoes-de-2026\/\">Continue Reading<\/a><\/p>\n","protected":false},"author":2,"featured_media":88429,"comment_status":"open","ping_status":"open","sticky":false,"template":"","format":"standard","meta":{"ngg_post_thumbnail":0,"footnotes":""},"categories":[4],"tags":[],"class_list":["post-88428","post","type-post","status-publish","format-standard","has-post-thumbnail","hentry","category-destaques"],"_links":{"self":[{"href":"https:\/\/portalcatolico.net\/portal\/wp-json\/wp\/v2\/posts\/88428","targetHints":{"allow":["GET"]}}],"collection":[{"href":"https:\/\/portalcatolico.net\/portal\/wp-json\/wp\/v2\/posts"}],"about":[{"href":"https:\/\/portalcatolico.net\/portal\/wp-json\/wp\/v2\/types\/post"}],"author":[{"embeddable":true,"href":"https:\/\/portalcatolico.net\/portal\/wp-json\/wp\/v2\/users\/2"}],"replies":[{"embeddable":true,"href":"https:\/\/portalcatolico.net\/portal\/wp-json\/wp\/v2\/comments?post=88428"}],"version-history":[{"count":1,"href":"https:\/\/portalcatolico.net\/portal\/wp-json\/wp\/v2\/posts\/88428\/revisions"}],"predecessor-version":[{"id":88430,"href":"https:\/\/portalcatolico.net\/portal\/wp-json\/wp\/v2\/posts\/88428\/revisions\/88430"}],"wp:featuredmedia":[{"embeddable":true,"href":"https:\/\/portalcatolico.net\/portal\/wp-json\/wp\/v2\/media\/88429"}],"wp:attachment":[{"href":"https:\/\/portalcatolico.net\/portal\/wp-json\/wp\/v2\/media?parent=88428"}],"wp:term":[{"taxonomy":"category","embeddable":true,"href":"https:\/\/portalcatolico.net\/portal\/wp-json\/wp\/v2\/categories?post=88428"},{"taxonomy":"post_tag","embeddable":true,"href":"https:\/\/portalcatolico.net\/portal\/wp-json\/wp\/v2\/tags?post=88428"}],"curies":[{"name":"wp","href":"https:\/\/api.w.org\/{rel}","templated":true}]}}