{"id":88425,"date":"2026-09-02T19:14:18","date_gmt":"2026-09-02T22:14:18","guid":{"rendered":"https:\/\/portalcatolico.net\/portal\/?p=88425"},"modified":"2026-09-02T19:17:11","modified_gmt":"2026-09-02T22:17:11","slug":"papa-a-igreja-nao-pode-permanecer-passiva-nem-indiferente-ao-que-acontece-no-mundo","status":"publish","type":"post","link":"https:\/\/portalcatolico.net\/portal\/papa-a-igreja-nao-pode-permanecer-passiva-nem-indiferente-ao-que-acontece-no-mundo\/","title":{"rendered":"Papa: a Igreja n\u00e3o pode permanecer passiva nem indiferente ao que acontece no mundo"},"content":{"rendered":"<div class=\"article__subTitle\">Ap\u00f3s a Sacrosanctum Concilium, agora \u00e9 a vez da Constitui\u00e7\u00e3o Pastoral Gaudium et Spes ser aprofundada pelo Papa Le\u00e3o XIV em seu ciclo de catequeses sobre os documentos do Conc\u00edlio Vaticano II. O texto trata da rela\u00e7\u00e3o da Igreja com o mundo contempor\u00e2neo, buscando &#8220;responder, de modo adaptado em cada gera\u00e7\u00e3o, \u00e0s eternas perguntas dos homens acerca do sentido da vida&#8221;.<\/div>\n<div>A Audi\u00eancia Geral desta quarta-feira voltou para a Pra\u00e7a S\u00e3o Pedro, depois de quatro semanas sendo realizada na Bas\u00edlica Vaticana. Diante de cerca de 15 mil fi\u00e9is, Le\u00e3o XIV introduziu um novo documento do Conc\u00edlio Vaticano II,&nbsp;a Constitui\u00e7\u00e3o Pastoral&nbsp;<i>Gaudium et spes.<\/i><\/div>\n<div>&nbsp;<\/div>\n<div class=\"title__separator\">\n<p>O texto aprofunda um tema fundamental, que \u00e9 a rela\u00e7\u00e3o da Igreja com o mundo contempor\u00e2neo, reconhecendo&nbsp;&#8220;uma nova ordem de rela\u00e7\u00f5es humanas&#8221;, como definiu S\u00e3o Jo\u00e3o XXIII.&nbsp;A Constitui\u00e7\u00e3o Conciliar&nbsp;<i>Gaudium et spes<\/i>&nbsp;come\u00e7a por declarar que a Igreja sente como suas &#8220;as alegrias e as esperan\u00e7as, as tristezas e as ang\u00fastias dos homens de hoje, sobretudo dos pobres e de todos aqueles que sofrem&#8221; (<i>GS<\/i>&nbsp;1).<\/p>\n<p>&#8220;Essa partilha com a humanidade \u00e9 o caminho que Cristo pede \u00e0 Igreja&#8221;, afirmou Le\u00e3o XIV.<\/p>\n<div>\n<div class=\"article__embed article__embed--border embed_style\">\n<blockquote><p>\u201c\u00c9 uma partilha que nos convida a sair de toda a passividade e indiferen\u00e7a perante os acontecimentos, a hist\u00f3ria e a vida das pessoas, sobretudo perante a mudan\u00e7a r\u00e1pida e profunda que hoje vivemos. N\u00e3o \u00e9 poss\u00edvel permanecer como espectadores desinteressados; pelo contr\u00e1rio, \u00e9 preciso escutar com o cora\u00e7\u00e3o, deixar-se interpelar, envolver-se.\u201d<\/p>\n<p><strong>A ilus\u00e3o de que a guerra \u00e9 um caminho eficaz para construir a paz<\/strong><\/p>\n<p>Os fi\u00e9is s\u00e3o ent\u00e3o chamados a assumir as dificuldades dos irm\u00e3os, &#8220;sobretudo daqueles que s\u00e3o oprimidos pela injusti\u00e7a, pela discrimina\u00e7\u00e3o e pela viol\u00eancia&#8221;.&nbsp;Nesse sentido, acrescentou o Pont\u00edfice, a proximidade com a humanidade abre caminho a uma leitura mais profunda dos acontecimentos e da pr\u00f3pria Revela\u00e7\u00e3o e, nessa mesma perspetiva, a&nbsp;<i>Gaudium et spes<\/i>&nbsp;recorda o \u00abdever de a Igreja investigar a todo o momento os sinais dos tempos, e interpret\u00e1-los \u00e0 luz do Evangelho\u00bb (<i>GS<\/i>&nbsp;4).<\/p>\n<p>Esta Constitui\u00e7\u00e3o conciliar, portanto, exortou a Igreja a um compromisso permanente de convers\u00e3o e&nbsp;a desmascarar as contradi\u00e7\u00f5es que caracterizam o mundo contempor\u00e2neo. Como exemplo, o Papa citou o progresso cient\u00edfico e tecnol\u00f3gico que oferece sempre novas possibilidades, mas apenas a alguns; ou ainda, uma maior disponibilidade de riquezas desproporcionamente distribu\u00eddas; ou ainda, diante de a\u00e7\u00f5es que amea\u00e7am o futuro do planeta, a incapacidade de renunciar ao consumo ego\u00edsta e \u00e0 ilus\u00e3o de que a guerra \u00e9 um caminho eficaz para construir a paz.<\/p>\n<p><strong>A Igreja \u00e9 chamada a servir o ser humano<\/strong><\/p>\n<p>Assim, concluiu Le\u00e3o XIV, numa \u00e9poca de profundas mudan\u00e7as, &#8220;das quais decorrem desequil\u00edbrios preocupantes, a Igreja \u00e9 chamada a servir o ser humano, escutando e acolhendo as quest\u00f5es mais profundas do seu cora\u00e7\u00e3o e os anseios que nele habitam, indicando em Cristo \u00aba chave, o centro e o fim de toda a hist\u00f3ria humana\u00bb (<i>GS<\/i>&nbsp;10)&#8221;.&nbsp;<\/p>\n<div>\n<div class=\"article__embed article__embed--border embed_style\">\n<blockquote><p>\u201cQueridos irm\u00e3os e irm\u00e3s, que a alegria e a esperan\u00e7a \u2013 gaudium et spes \u2013 sejam as caracter\u00edsticas distintivas de uma Igreja que anuncia e testemunha o Evangelho, aproximando-se das mulheres e dos homens do nosso tempo.\u201d<\/p><\/blockquote>\n<\/div>\n<\/div>\n<\/blockquote>\n<\/div>\n<\/div>\n<\/div>\n<div class=\"article__text\">Bianca Fraccalvieri &#8211; Vatican News<\/div>\n","protected":false},"excerpt":{"rendered":"<p>Ap\u00f3s a Sacrosanctum Concilium, agora \u00e9 a vez da Constitui\u00e7\u00e3o Pastoral Gaudium et Spes ser aprofundada pelo Papa Le\u00e3o XIV em seu ciclo de catequeses sobre os documentos do Conc\u00edlio Vaticano II. O texto trata da rela\u00e7\u00e3o da Igreja com o mundo contempor\u00e2neo, buscando &#8220;responder, de modo adaptado em cada gera\u00e7\u00e3o, \u00e0s eternas perguntas dos&nbsp;<\/p>\n<p><a class=\"btn btn-style\" href=\"https:\/\/portalcatolico.net\/portal\/papa-a-igreja-nao-pode-permanecer-passiva-nem-indiferente-ao-que-acontece-no-mundo\/\">Continue Reading<\/a><\/p>\n","protected":false},"author":2,"featured_media":88426,"comment_status":"open","ping_status":"open","sticky":false,"template":"","format":"standard","meta":{"ngg_post_thumbnail":0,"footnotes":""},"categories":[5],"tags":[],"class_list":["post-88425","post","type-post","status-publish","format-standard","has-post-thumbnail","hentry","category-igreja_no_mundo"],"_links":{"self":[{"href":"https:\/\/portalcatolico.net\/portal\/wp-json\/wp\/v2\/posts\/88425","targetHints":{"allow":["GET"]}}],"collection":[{"href":"https:\/\/portalcatolico.net\/portal\/wp-json\/wp\/v2\/posts"}],"about":[{"href":"https:\/\/portalcatolico.net\/portal\/wp-json\/wp\/v2\/types\/post"}],"author":[{"embeddable":true,"href":"https:\/\/portalcatolico.net\/portal\/wp-json\/wp\/v2\/users\/2"}],"replies":[{"embeddable":true,"href":"https:\/\/portalcatolico.net\/portal\/wp-json\/wp\/v2\/comments?post=88425"}],"version-history":[{"count":1,"href":"https:\/\/portalcatolico.net\/portal\/wp-json\/wp\/v2\/posts\/88425\/revisions"}],"predecessor-version":[{"id":88427,"href":"https:\/\/portalcatolico.net\/portal\/wp-json\/wp\/v2\/posts\/88425\/revisions\/88427"}],"wp:featuredmedia":[{"embeddable":true,"href":"https:\/\/portalcatolico.net\/portal\/wp-json\/wp\/v2\/media\/88426"}],"wp:attachment":[{"href":"https:\/\/portalcatolico.net\/portal\/wp-json\/wp\/v2\/media?parent=88425"}],"wp:term":[{"taxonomy":"category","embeddable":true,"href":"https:\/\/portalcatolico.net\/portal\/wp-json\/wp\/v2\/categories?post=88425"},{"taxonomy":"post_tag","embeddable":true,"href":"https:\/\/portalcatolico.net\/portal\/wp-json\/wp\/v2\/tags?post=88425"}],"curies":[{"name":"wp","href":"https:\/\/api.w.org\/{rel}","templated":true}]}}