{"id":88420,"date":"2026-08-30T19:47:11","date_gmt":"2026-08-30T22:47:11","guid":{"rendered":"https:\/\/portalcatolico.net\/portal\/?p=88420"},"modified":"2026-09-01T19:49:04","modified_gmt":"2026-09-01T22:49:04","slug":"paroquia-santa-rita-de-cassia-celebra-dia-do-catequista-e-destaca-missao-da-catequese-em-itabuna","status":"publish","type":"post","link":"https:\/\/portalcatolico.net\/portal\/paroquia-santa-rita-de-cassia-celebra-dia-do-catequista-e-destaca-missao-da-catequese-em-itabuna\/","title":{"rendered":"Par\u00f3quia Santa Rita de C\u00e1ssia celebra Dia do Catequista e destaca miss\u00e3o da catequese em Itabuna."},"content":{"rendered":"<p>A Par\u00f3quia Santa Rita de C\u00e1ssia, pertencente \u00e0 Diocese de Itabuna, no sul da Bahia, celebrou neste domingo, 30 de agosto, o Dia do Catequista. A programa\u00e7\u00e3o reuniu catequistas, crian\u00e7as, adolescentes e fam\u00edlias durante a Santa Missa celebrada \u00e0s 9h, na igreja paroquial, localizada no bairro S\u00e3o Caetano.<\/p>\n<p>A celebra\u00e7\u00e3o contou com a participa\u00e7\u00e3o dos catequistas que atuam na par\u00f3quia e em suas comunidades, respons\u00e1veis pelo acompanhamento e pela forma\u00e7\u00e3o de crian\u00e7as e adolescentes na caminhada de inicia\u00e7\u00e3o \u00e0 vida crist\u00e3. Tamb\u00e9m estiveram presentes crian\u00e7as e adolescentes que se preparam para receber a Eucaristia nos pr\u00f3ximos meses.<\/p>\n<p>Durante a celebra\u00e7\u00e3o, os catequistas foram parabenizados pelo servi\u00e7o desenvolvido na comunidade e pela dedica\u00e7\u00e3o \u00e0 miss\u00e3o de transmitir a f\u00e9 e acompanhar aqueles que percorrem o caminho da inicia\u00e7\u00e3o crist\u00e3.<\/p>\n<p>A comemora\u00e7\u00e3o ocorreu em um fim de semana especial para a catequese na Diocese de Itabuna. Nos dias 29 e 30 de agosto, cerca de 80 homens e mulheres das foranias Centro, Norte e Sul foram institu\u00eddos no Minist\u00e9rio de Catequista. As celebra\u00e7\u00f5es aconteceram na Par\u00f3quia Santa Rita de C\u00e1ssia, em Itabuna, e na Par\u00f3quia Senhora Sant&#8217;Ana, em Floresta Azul.<\/p>\n<p>Na noite de s\u00e1bado, 29 de agosto, a Par\u00f3quia Santa Rita de C\u00e1ssia acolheu uma das celebra\u00e7\u00f5es de institui\u00e7\u00e3o. Na ocasi\u00e3o, 30 homens e mulheres receberam o Minist\u00e9rio de Catequista durante a Santa Missa celebrada \u00e0s 18h. A celebra\u00e7\u00e3o foi presidida pelo padre Pedro Vin\u00edcius, assessor eclesi\u00e1stico da Pastoral da Catequese da Diocese de Itabuna, e contou com a presen\u00e7a de sacerdotes e fi\u00e9is.<\/p>\n<p>O Minist\u00e9rio de Catequista foi institu\u00eddo pelo Papa Francisco por meio da Carta Apost\u00f3lica Antiquum Ministerium, publicada em 2021. O documento reconhece de forma est\u00e1vel o servi\u00e7o desempenhado por leigos e leigas chamados a colaborar na transmiss\u00e3o da f\u00e9 e na miss\u00e3o evangelizadora da Igreja.<\/p>\n<p>Celebrado anualmente pela Igreja Cat\u00f3lica no Brasil no \u00faltimo domingo de agosto, o Dia do Catequista est\u00e1 inserido no M\u00eas Vocacional. A data reconhece a dedica\u00e7\u00e3o daqueles que assumem a miss\u00e3o de colaborar com a forma\u00e7\u00e3o crist\u00e3 nas comunidades.<\/p>\n<p>A Confer\u00eancia Nacional dos Bispos do Brasil destaca a import\u00e2ncia dos catequistas na transmiss\u00e3o da Palavra de Deus e na forma\u00e7\u00e3o de disc\u00edpulos mission\u00e1rios. Em dioceses e par\u00f3quias de diferentes regi\u00f5es do pa\u00eds, a data \u00e9 marcada por celebra\u00e7\u00f5es eucar\u00edsticas, encontros de forma\u00e7\u00e3o, momentos de espiritualidade e homenagens.<\/p>\n<p>Na Par\u00f3quia Santa Rita de C\u00e1ssia, a celebra\u00e7\u00e3o deste domingo refor\u00e7ou a gratid\u00e3o pelo trabalho desenvolvido pelos catequistas e o compromisso da comunidade com a evangeliza\u00e7\u00e3o e a forma\u00e7\u00e3o na f\u00e9 das novas gera\u00e7\u00f5es.<\/p>\n<p>Foto: Pascom\/Par\u00f3quia Santa Rita de C\u00e1ssia\/Diocese de Itabuna(BA)<\/p>\n","protected":false},"excerpt":{"rendered":"<p>A Par\u00f3quia Santa Rita de C\u00e1ssia, pertencente \u00e0 Diocese de Itabuna, no sul da Bahia, celebrou neste domingo, 30 de agosto, o Dia do Catequista. A programa\u00e7\u00e3o reuniu catequistas, crian\u00e7as, adolescentes e fam\u00edlias durante a Santa Missa celebrada \u00e0s 9h, na igreja paroquial, localizada no bairro S\u00e3o Caetano. A celebra\u00e7\u00e3o contou com a participa\u00e7\u00e3o dos&nbsp;<\/p>\n<p><a class=\"btn btn-style\" href=\"https:\/\/portalcatolico.net\/portal\/paroquia-santa-rita-de-cassia-celebra-dia-do-catequista-e-destaca-missao-da-catequese-em-itabuna\/\">Continue Reading<\/a><\/p>\n","protected":false},"author":2,"featured_media":88422,"comment_status":"open","ping_status":"open","sticky":false,"template":"","format":"standard","meta":{"ngg_post_thumbnail":0,"footnotes":""},"categories":[4],"tags":[],"class_list":["post-88420","post","type-post","status-publish","format-standard","has-post-thumbnail","hentry","category-destaques"],"_links":{"self":[{"href":"https:\/\/portalcatolico.net\/portal\/wp-json\/wp\/v2\/posts\/88420","targetHints":{"allow":["GET"]}}],"collection":[{"href":"https:\/\/portalcatolico.net\/portal\/wp-json\/wp\/v2\/posts"}],"about":[{"href":"https:\/\/portalcatolico.net\/portal\/wp-json\/wp\/v2\/types\/post"}],"author":[{"embeddable":true,"href":"https:\/\/portalcatolico.net\/portal\/wp-json\/wp\/v2\/users\/2"}],"replies":[{"embeddable":true,"href":"https:\/\/portalcatolico.net\/portal\/wp-json\/wp\/v2\/comments?post=88420"}],"version-history":[{"count":3,"href":"https:\/\/portalcatolico.net\/portal\/wp-json\/wp\/v2\/posts\/88420\/revisions"}],"predecessor-version":[{"id":88424,"href":"https:\/\/portalcatolico.net\/portal\/wp-json\/wp\/v2\/posts\/88420\/revisions\/88424"}],"wp:featuredmedia":[{"embeddable":true,"href":"https:\/\/portalcatolico.net\/portal\/wp-json\/wp\/v2\/media\/88422"}],"wp:attachment":[{"href":"https:\/\/portalcatolico.net\/portal\/wp-json\/wp\/v2\/media?parent=88420"}],"wp:term":[{"taxonomy":"category","embeddable":true,"href":"https:\/\/portalcatolico.net\/portal\/wp-json\/wp\/v2\/categories?post=88420"},{"taxonomy":"post_tag","embeddable":true,"href":"https:\/\/portalcatolico.net\/portal\/wp-json\/wp\/v2\/tags?post=88420"}],"curies":[{"name":"wp","href":"https:\/\/api.w.org\/{rel}","templated":true}]}}