{"id":88418,"date":"2026-08-31T19:37:31","date_gmt":"2026-08-31T22:37:31","guid":{"rendered":"https:\/\/portalcatolico.net\/portal\/?p=88418"},"modified":"2026-09-01T19:37:59","modified_gmt":"2026-09-01T22:37:59","slug":"paroquia-santa-rita-de-cassia-celebra-missa-com-as-criancas-e-homenageia-catequistas-em-itabuna","status":"publish","type":"post","link":"https:\/\/portalcatolico.net\/portal\/paroquia-santa-rita-de-cassia-celebra-missa-com-as-criancas-e-homenageia-catequistas-em-itabuna\/","title":{"rendered":"Par\u00f3quia Santa Rita de C\u00e1ssia celebra Missa com as Crian\u00e7as e homenageia catequistas em Itabuna."},"content":{"rendered":"<p>A Par\u00f3quia Santa Rita de C\u00e1ssia, localizada no bairro S\u00e3o Caetano, em Itabuna, no sul da Bahia, realizou neste domingo, 30 de agosto, a Santa Missa com as Crian\u00e7as, reunindo a comunidade paroquial em um momento de f\u00e9, alegria e gratid\u00e3o.<\/p>\n<p>A celebra\u00e7\u00e3o, realizada no 22\u00ba Domingo do Tempo Comum, teve participa\u00e7\u00e3o especial das crian\u00e7as e adolescentes da par\u00f3quia e das comunidades, especialmente daqueles que est\u00e3o percorrendo o caminho de prepara\u00e7\u00e3o catequ\u00e9tica para receber os sacramentos.<\/p>\n<p>A programa\u00e7\u00e3o tamb\u00e9m marcou a celebra\u00e7\u00e3o do Dia do Catequista, comemorado pela Igreja Cat\u00f3lica no Brasil no \u00faltimo domingo de agosto, dentro do M\u00eas Vocacional. A ocasi\u00e3o foi dedicada a reconhecer a miss\u00e3o dos homens e mulheres que se colocam a servi\u00e7o da evangeliza\u00e7\u00e3o e da forma\u00e7\u00e3o crist\u00e3 de crian\u00e7as, adolescentes, jovens e adultos.<\/p>\n<p>Durante o momento celebrativo, a comunidade expressou gratid\u00e3o aos catequistas pelo trabalho desenvolvido na transmiss\u00e3o da f\u00e9 e no acompanhamento daqueles que se preparam para a vida sacramental.<\/p>\n<p>A Par\u00f3quia Santa Rita de C\u00e1ssia destacou ainda a import\u00e2ncia de as crian\u00e7as crescerem na f\u00e9 e seguirem cada vez mais pr\u00f3ximas de Jesus, reconhecendo os catequistas como importantes colaboradores na miss\u00e3o evangelizadora da Igreja.<\/p>\n","protected":false},"excerpt":{"rendered":"<p>A Par\u00f3quia Santa Rita de C\u00e1ssia, localizada no bairro S\u00e3o Caetano, em Itabuna, no sul da Bahia, realizou neste domingo, 30 de agosto, a Santa Missa com as Crian\u00e7as, reunindo a comunidade paroquial em um momento de f\u00e9, alegria e gratid\u00e3o. A celebra\u00e7\u00e3o, realizada no 22\u00ba Domingo do Tempo Comum, teve participa\u00e7\u00e3o especial das crian\u00e7as&nbsp;<\/p>\n<p><a class=\"btn btn-style\" href=\"https:\/\/portalcatolico.net\/portal\/paroquia-santa-rita-de-cassia-celebra-missa-com-as-criancas-e-homenageia-catequistas-em-itabuna\/\">Continue Reading<\/a><\/p>\n","protected":false},"author":2,"featured_media":66102,"comment_status":"open","ping_status":"open","sticky":false,"template":"","format":"standard","meta":{"ngg_post_thumbnail":0,"footnotes":""},"categories":[4],"tags":[],"class_list":["post-88418","post","type-post","status-publish","format-standard","has-post-thumbnail","hentry","category-destaques"],"_links":{"self":[{"href":"https:\/\/portalcatolico.net\/portal\/wp-json\/wp\/v2\/posts\/88418","targetHints":{"allow":["GET"]}}],"collection":[{"href":"https:\/\/portalcatolico.net\/portal\/wp-json\/wp\/v2\/posts"}],"about":[{"href":"https:\/\/portalcatolico.net\/portal\/wp-json\/wp\/v2\/types\/post"}],"author":[{"embeddable":true,"href":"https:\/\/portalcatolico.net\/portal\/wp-json\/wp\/v2\/users\/2"}],"replies":[{"embeddable":true,"href":"https:\/\/portalcatolico.net\/portal\/wp-json\/wp\/v2\/comments?post=88418"}],"version-history":[{"count":1,"href":"https:\/\/portalcatolico.net\/portal\/wp-json\/wp\/v2\/posts\/88418\/revisions"}],"predecessor-version":[{"id":88419,"href":"https:\/\/portalcatolico.net\/portal\/wp-json\/wp\/v2\/posts\/88418\/revisions\/88419"}],"wp:featuredmedia":[{"embeddable":true,"href":"https:\/\/portalcatolico.net\/portal\/wp-json\/wp\/v2\/media\/66102"}],"wp:attachment":[{"href":"https:\/\/portalcatolico.net\/portal\/wp-json\/wp\/v2\/media?parent=88418"}],"wp:term":[{"taxonomy":"category","embeddable":true,"href":"https:\/\/portalcatolico.net\/portal\/wp-json\/wp\/v2\/categories?post=88418"},{"taxonomy":"post_tag","embeddable":true,"href":"https:\/\/portalcatolico.net\/portal\/wp-json\/wp\/v2\/tags?post=88418"}],"curies":[{"name":"wp","href":"https:\/\/api.w.org\/{rel}","templated":true}]}}