{"id":88415,"date":"2026-09-01T16:34:14","date_gmt":"2026-09-01T19:34:14","guid":{"rendered":"https:\/\/portalcatolico.net\/portal\/?p=88415"},"modified":"2026-09-01T19:35:45","modified_gmt":"2026-09-01T22:35:45","slug":"irmas-missionarias-agostinianas-recoletas-celebram-33-anos-de-presenca-e-missao-em-itabuna","status":"publish","type":"post","link":"https:\/\/portalcatolico.net\/portal\/irmas-missionarias-agostinianas-recoletas-celebram-33-anos-de-presenca-e-missao-em-itabuna\/","title":{"rendered":"Irm\u00e3s Mission\u00e1rias Agostinianas Recoletas celebram 33 anos de presen\u00e7a e miss\u00e3o em Itabuna."},"content":{"rendered":"<p>As Irm\u00e3s Mission\u00e1rias Agostinianas Recoletas celebraram, na sexta-feira, 28 de agosto, 33 anos de presen\u00e7a em Itabuna. A data foi marcada por uma celebra\u00e7\u00e3o eucar\u00edstica em a\u00e7\u00e3o de gra\u00e7as, realizada na Igreja Matriz Nossa Senhora Aparecida e presidida pelo padre Gilvan Oliveira.<\/p>\n<p>A celebra\u00e7\u00e3o ocorreu na mem\u00f3ria lit\u00fargica de Santo Agostinho de Hipona e contou com a presen\u00e7a do Conselho Indigenista Mission\u00e1rio, CIMI Leste, al\u00e9m de religiosas e membros da comunidade. O momento recordou a trajet\u00f3ria das irm\u00e3s e o trabalho desenvolvido ao longo de mais de tr\u00eas d\u00e9cadas no munic\u00edpio e em diferentes comunidades.<\/p>\n<p>A miss\u00e3o das Agostinianas Recoletas em Itabuna teve in\u00edcio em 28 de agosto de 1993, com a chegada das irm\u00e3s Zuleica Belote, Maria Josefina Casagrande e Neuza Campanin. Desde ent\u00e3o, a atua\u00e7\u00e3o da congrega\u00e7\u00e3o tem sido marcada pelo servi\u00e7o pastoral e social, com aten\u00e7\u00e3o especial \u00e0 miss\u00e3o junto aos povos ind\u00edgenas.<\/p>\n<p>No Sul da Bahia, as religiosas tamb\u00e9m constru\u00edram uma trajet\u00f3ria de colabora\u00e7\u00e3o com o CIMI Leste, acompanhando os povos Patax\u00f3 H\u00e3-H\u00e3-H\u00e3e e Tupinamb\u00e1 de Oliven\u00e7a. A miss\u00e3o envolve a\u00e7\u00f5es voltadas \u00e0 defesa da vida, da dignidade, dos territ\u00f3rios e dos direitos dos povos ind\u00edgenas.<\/p>\n<p>Durante a celebra\u00e7\u00e3o dos 33 anos, tamb\u00e9m foi recordado o testemunho da irm\u00e3 Cleusa Rody Coelho, religiosa agostiniana recoleta que dedicou sua vida \u00e0 miss\u00e3o junto aos povos ind\u00edgenas na Amaz\u00f4nia. Sua trajet\u00f3ria permanece como refer\u00eancia para religiosos, mission\u00e1rios e agentes que atuam nessa miss\u00e3o.<\/p>\n<p>A comemora\u00e7\u00e3o reuniu ainda as irm\u00e3s Eliane e S\u00e1lvia, Franciscanas Hospitaleiras da Imaculada Concei\u00e7\u00e3o. A presen\u00e7a das religiosas refor\u00e7ou o car\u00e1ter de comunh\u00e3o e gratid\u00e3o pela hist\u00f3ria constru\u00edda pelas diferentes congrega\u00e7\u00f5es no servi\u00e7o \u00e0 Igreja e \u00e0s comunidades.<\/p>\n<p>Os 33 anos das Mission\u00e1rias Agostinianas Recoletas em Itabuna representam uma trajet\u00f3ria marcada pela f\u00e9, pelo servi\u00e7o e pelo compromisso mission\u00e1rio, especialmente junto \u00e0s popula\u00e7\u00f5es ind\u00edgenas. A celebra\u00e7\u00e3o tamb\u00e9m prestou homenagem \u00e0s religiosas que, ao longo dessas mais de tr\u00eas d\u00e9cadas, contribu\u00edram para a constru\u00e7\u00e3o dessa hist\u00f3ria no Sul da Bahia.<\/p>\n","protected":false},"excerpt":{"rendered":"<p>As Irm\u00e3s Mission\u00e1rias Agostinianas Recoletas celebraram, na sexta-feira, 28 de agosto, 33 anos de presen\u00e7a em Itabuna. A data foi marcada por uma celebra\u00e7\u00e3o eucar\u00edstica em a\u00e7\u00e3o de gra\u00e7as, realizada na Igreja Matriz Nossa Senhora Aparecida e presidida pelo padre Gilvan Oliveira. A celebra\u00e7\u00e3o ocorreu na mem\u00f3ria lit\u00fargica de Santo Agostinho de Hipona e contou&nbsp;<\/p>\n<p><a class=\"btn btn-style\" href=\"https:\/\/portalcatolico.net\/portal\/irmas-missionarias-agostinianas-recoletas-celebram-33-anos-de-presenca-e-missao-em-itabuna\/\">Continue Reading<\/a><\/p>\n","protected":false},"author":2,"featured_media":88416,"comment_status":"open","ping_status":"open","sticky":false,"template":"","format":"standard","meta":{"ngg_post_thumbnail":0,"footnotes":""},"categories":[4],"tags":[],"class_list":["post-88415","post","type-post","status-publish","format-standard","has-post-thumbnail","hentry","category-destaques"],"_links":{"self":[{"href":"https:\/\/portalcatolico.net\/portal\/wp-json\/wp\/v2\/posts\/88415","targetHints":{"allow":["GET"]}}],"collection":[{"href":"https:\/\/portalcatolico.net\/portal\/wp-json\/wp\/v2\/posts"}],"about":[{"href":"https:\/\/portalcatolico.net\/portal\/wp-json\/wp\/v2\/types\/post"}],"author":[{"embeddable":true,"href":"https:\/\/portalcatolico.net\/portal\/wp-json\/wp\/v2\/users\/2"}],"replies":[{"embeddable":true,"href":"https:\/\/portalcatolico.net\/portal\/wp-json\/wp\/v2\/comments?post=88415"}],"version-history":[{"count":1,"href":"https:\/\/portalcatolico.net\/portal\/wp-json\/wp\/v2\/posts\/88415\/revisions"}],"predecessor-version":[{"id":88417,"href":"https:\/\/portalcatolico.net\/portal\/wp-json\/wp\/v2\/posts\/88415\/revisions\/88417"}],"wp:featuredmedia":[{"embeddable":true,"href":"https:\/\/portalcatolico.net\/portal\/wp-json\/wp\/v2\/media\/88416"}],"wp:attachment":[{"href":"https:\/\/portalcatolico.net\/portal\/wp-json\/wp\/v2\/media?parent=88415"}],"wp:term":[{"taxonomy":"category","embeddable":true,"href":"https:\/\/portalcatolico.net\/portal\/wp-json\/wp\/v2\/categories?post=88415"},{"taxonomy":"post_tag","embeddable":true,"href":"https:\/\/portalcatolico.net\/portal\/wp-json\/wp\/v2\/tags?post=88415"}],"curies":[{"name":"wp","href":"https:\/\/api.w.org\/{rel}","templated":true}]}}