{"id":88412,"date":"2026-09-01T19:30:54","date_gmt":"2026-09-01T22:30:54","guid":{"rendered":"https:\/\/portalcatolico.net\/portal\/?p=88412"},"modified":"2026-09-01T19:30:54","modified_gmt":"2026-09-01T22:30:54","slug":"festa-de-nossa-senhora-da-pena-celebra-491-anos-de-fe-e-tradicao-em-porto-seguro","status":"publish","type":"post","link":"https:\/\/portalcatolico.net\/portal\/festa-de-nossa-senhora-da-pena-celebra-491-anos-de-fe-e-tradicao-em-porto-seguro\/","title":{"rendered":"Festa de Nossa Senhora da Pena celebra 491 anos de f\u00e9 e tradi\u00e7\u00e3o em Porto Seguro."},"content":{"rendered":"<p>A Par\u00f3quia Nossa Senhora da Pena, em Porto Seguro, no extremo sul da Bahia, realiza, entre os dias 29 de agosto e 8 de setembro, a tradicional Festa de Nossa Senhora da Pena 2026. A celebra\u00e7\u00e3o re\u00fane fi\u00e9is e devotos em torno da padroeira e marca 491 anos de f\u00e9, devo\u00e7\u00e3o e hist\u00f3ria.<\/p>\n<p>Ao longo de quase cinco s\u00e9culos, a devo\u00e7\u00e3o a Nossa Senhora da Pena tem atravessado gera\u00e7\u00f5es, reunindo fam\u00edlias e peregrinos em momentos de ora\u00e7\u00e3o, agradecimento e apresenta\u00e7\u00e3o de pedidos. A festa tamb\u00e9m representa um importante patrim\u00f4nio religioso para a comunidade cat\u00f3lica de Porto Seguro.<\/p>\n<p>Neste ano, as celebra\u00e7\u00f5es s\u00e3o inspiradas pelo lema b\u00edblico: &#8220;Todo aquele que ouve as minhas palavras e as p\u00f5e em pr\u00e1tica \u00e9 semelhante a um homem prudente, que edificou sua casa sobre a rocha&#8221; (Mt 7,24).<\/p>\n<p>A programa\u00e7\u00e3o teve in\u00edcio neste s\u00e1bado, 29 de agosto, e segue at\u00e9 8 de setembro. Durante os festejos, a comunidade \u00e9 convidada a participar de momentos de ora\u00e7\u00e3o, partilha e comunh\u00e3o, renovando a devo\u00e7\u00e3o \u00e0 Virgem Maria e a f\u00e9 em Jesus Cristo.<\/p>\n<p>Com o tema &#8220;Com Cristo, por Cristo, em Cristo&#8221;, a Festa de Nossa Senhora da Pena refor\u00e7a a miss\u00e3o evangelizadora da Igreja e a import\u00e2ncia da tradi\u00e7\u00e3o mariana na caminhada dos fi\u00e9is.<\/p>\n<p>A celebra\u00e7\u00e3o dos 491 anos tamb\u00e9m recorda a presen\u00e7a hist\u00f3rica da devo\u00e7\u00e3o a Nossa Senhora da Pena em Porto Seguro, mantendo viva uma tradi\u00e7\u00e3o religiosa transmitida ao longo dos s\u00e9culos e que permanece como express\u00e3o da f\u00e9 cat\u00f3lica na regi\u00e3o.<\/p>\n","protected":false},"excerpt":{"rendered":"<p>A Par\u00f3quia Nossa Senhora da Pena, em Porto Seguro, no extremo sul da Bahia, realiza, entre os dias 29 de agosto e 8 de setembro, a tradicional Festa de Nossa Senhora da Pena 2026. A celebra\u00e7\u00e3o re\u00fane fi\u00e9is e devotos em torno da padroeira e marca 491 anos de f\u00e9, devo\u00e7\u00e3o e hist\u00f3ria. Ao longo&nbsp;<\/p>\n<p><a class=\"btn btn-style\" href=\"https:\/\/portalcatolico.net\/portal\/festa-de-nossa-senhora-da-pena-celebra-491-anos-de-fe-e-tradicao-em-porto-seguro\/\">Continue Reading<\/a><\/p>\n","protected":false},"author":2,"featured_media":88413,"comment_status":"open","ping_status":"open","sticky":false,"template":"","format":"standard","meta":{"ngg_post_thumbnail":0,"footnotes":""},"categories":[1],"tags":[],"class_list":["post-88412","post","type-post","status-publish","format-standard","has-post-thumbnail","hentry","category-agenda"],"_links":{"self":[{"href":"https:\/\/portalcatolico.net\/portal\/wp-json\/wp\/v2\/posts\/88412","targetHints":{"allow":["GET"]}}],"collection":[{"href":"https:\/\/portalcatolico.net\/portal\/wp-json\/wp\/v2\/posts"}],"about":[{"href":"https:\/\/portalcatolico.net\/portal\/wp-json\/wp\/v2\/types\/post"}],"author":[{"embeddable":true,"href":"https:\/\/portalcatolico.net\/portal\/wp-json\/wp\/v2\/users\/2"}],"replies":[{"embeddable":true,"href":"https:\/\/portalcatolico.net\/portal\/wp-json\/wp\/v2\/comments?post=88412"}],"version-history":[{"count":1,"href":"https:\/\/portalcatolico.net\/portal\/wp-json\/wp\/v2\/posts\/88412\/revisions"}],"predecessor-version":[{"id":88414,"href":"https:\/\/portalcatolico.net\/portal\/wp-json\/wp\/v2\/posts\/88412\/revisions\/88414"}],"wp:featuredmedia":[{"embeddable":true,"href":"https:\/\/portalcatolico.net\/portal\/wp-json\/wp\/v2\/media\/88413"}],"wp:attachment":[{"href":"https:\/\/portalcatolico.net\/portal\/wp-json\/wp\/v2\/media?parent=88412"}],"wp:term":[{"taxonomy":"category","embeddable":true,"href":"https:\/\/portalcatolico.net\/portal\/wp-json\/wp\/v2\/categories?post=88412"},{"taxonomy":"post_tag","embeddable":true,"href":"https:\/\/portalcatolico.net\/portal\/wp-json\/wp\/v2\/tags?post=88412"}],"curies":[{"name":"wp","href":"https:\/\/api.w.org\/{rel}","templated":true}]}}