{"id":88406,"date":"2026-09-01T18:54:11","date_gmt":"2026-09-01T21:54:11","guid":{"rendered":"https:\/\/portalcatolico.net\/portal\/?p=88406"},"modified":"2026-09-01T18:54:11","modified_gmt":"2026-09-01T21:54:11","slug":"diocese-de-itabuna-anuncia-nomeacoes-transferencia-e-novas-missoes-para-sacerdotes","status":"publish","type":"post","link":"https:\/\/portalcatolico.net\/portal\/diocese-de-itabuna-anuncia-nomeacoes-transferencia-e-novas-missoes-para-sacerdotes\/","title":{"rendered":"Diocese de Itabuna anuncia nomea\u00e7\u00f5es, transfer\u00eancia e novas miss\u00f5es para sacerdotes."},"content":{"rendered":"<p>A Diocese de Itabuna, no sul da Bahia, divulgou nesta ter\u00e7a-feira, 1\u00ba de setembro, novos atos do governo diocesano relacionados \u00e0 nomea\u00e7\u00e3o, transfer\u00eancia e miss\u00e3o de sacerdotes. As decis\u00f5es foram oficializadas por Dom Jailton de Oliveira Lino, psdp, bispo diocesano, e envolvem mudan\u00e7as nas par\u00f3quias Nossa Senhora da Concei\u00e7\u00e3o, em Ferradas, distrito de Itabuna, e Nossa Senhora das Vit\u00f3rias, em Santa Cruz da Vit\u00f3ria.<\/p>\n<p>O padre Muryllo Oliveira Reis foi nomeado p\u00e1roco da Par\u00f3quia Imaculada Concei\u00e7\u00e3o, em Ferradas. Atualmente, ele exerce a fun\u00e7\u00e3o de administrador paroquial da Par\u00f3quia Nossa Senhora das Vit\u00f3rias, em Santa Cruz da Vit\u00f3ria. A posse can\u00f4nica na nova miss\u00e3o est\u00e1 marcada para o dia 25 de setembro, \u00e0s 19h.<\/p>\n<p>Para assumir a Par\u00f3quia Nossa Senhora das Vit\u00f3rias, Dom Jailton nomeou o padre Mateus Pereira Nascimento como administrador paroquial. A posse can\u00f4nica ser\u00e1 realizada no dia 22 de setembro, \u00e0s 19h.<\/p>\n<p>As mudan\u00e7as tamb\u00e9m est\u00e3o relacionadas \u00e0 nova miss\u00e3o acad\u00eamica do padre Jos\u00e9 Roberto, que deixar\u00e1 a Par\u00f3quia Nossa Senhora da Concei\u00e7\u00e3o, em Ferradas, para prosseguir seus estudos em Roma, na It\u00e1lia. O sacerdote partir\u00e1 no dia 22 de setembro para realizar Doutorado em Hist\u00f3ria da Igreja.<\/p>\n<p>Durante o per\u00edodo de forma\u00e7\u00e3o acad\u00eamica, padre Jos\u00e9 Roberto desenvolver\u00e1 seus estudos na Pontif\u00edcia Universidade Gregoriana e residir\u00e1 no Pontif\u00edcio Col\u00e9gio Pio Brasileiro, em Roma.<\/p>\n<p>Em comunicado, a Diocese de Itabuna agradeceu ao sacerdote pelo trabalho pastoral desenvolvido na comunidade de Ferradas e destacou a import\u00e2ncia da nova etapa para sua forma\u00e7\u00e3o e para o exerc\u00edcio do minist\u00e9rio sacerdotal.<\/p>\n<p>O decreto publicado pela C\u00faria Diocesana informa que as nomea\u00e7\u00f5es foram definidas considerando as necessidades pastorais da Igreja Particular de Itabuna, o bem espiritual dos fi\u00e9is e a adequada distribui\u00e7\u00e3o dos ministros nas comunidades.<\/p>\n<p>Ao anunciar as mudan\u00e7as, a Diocese tamb\u00e9m manifestou gratid\u00e3o aos presb\u00edteros pelos servi\u00e7os prestados \u00e0 Igreja e pediu que os fi\u00e9is acompanhem, em ora\u00e7\u00e3o e comunh\u00e3o, os sacerdotes que assumir\u00e3o as novas responsabilidades pastorais.<img loading=\"lazy\" decoding=\"async\" class=\"alignnone size-medium wp-image-88408\" src=\"http:\/\/portalcatolico.net\/portal\/wp-content\/uploads\/2026\/09\/5a04a5a7-d3c9-4a2e-b4d8-a598d52507e1-248x300.jpg\" alt=\"\" width=\"248\" height=\"300\" srcset=\"https:\/\/portalcatolico.net\/portal\/wp-content\/uploads\/2026\/09\/5a04a5a7-d3c9-4a2e-b4d8-a598d52507e1-248x300.jpg 248w, https:\/\/portalcatolico.net\/portal\/wp-content\/uploads\/2026\/09\/5a04a5a7-d3c9-4a2e-b4d8-a598d52507e1-848x1024.jpg 848w, https:\/\/portalcatolico.net\/portal\/wp-content\/uploads\/2026\/09\/5a04a5a7-d3c9-4a2e-b4d8-a598d52507e1-768x927.jpg 768w, https:\/\/portalcatolico.net\/portal\/wp-content\/uploads\/2026\/09\/5a04a5a7-d3c9-4a2e-b4d8-a598d52507e1.jpg 1080w\" sizes=\"auto, (max-width: 248px) 100vw, 248px\" \/> <img loading=\"lazy\" decoding=\"async\" class=\"alignnone size-medium wp-image-88409\" src=\"http:\/\/portalcatolico.net\/portal\/wp-content\/uploads\/2026\/09\/fcfc3122-239c-47cd-a41d-4f8c4f4d1f9d-225x300.jpg\" alt=\"\" width=\"225\" height=\"300\" srcset=\"https:\/\/portalcatolico.net\/portal\/wp-content\/uploads\/2026\/09\/fcfc3122-239c-47cd-a41d-4f8c4f4d1f9d-225x300.jpg 225w, https:\/\/portalcatolico.net\/portal\/wp-content\/uploads\/2026\/09\/fcfc3122-239c-47cd-a41d-4f8c4f4d1f9d-769x1024.jpg 769w, https:\/\/portalcatolico.net\/portal\/wp-content\/uploads\/2026\/09\/fcfc3122-239c-47cd-a41d-4f8c4f4d1f9d-768x1023.jpg 768w, https:\/\/portalcatolico.net\/portal\/wp-content\/uploads\/2026\/09\/fcfc3122-239c-47cd-a41d-4f8c4f4d1f9d.jpg 1080w\" sizes=\"auto, (max-width: 225px) 100vw, 225px\" \/><img loading=\"lazy\" decoding=\"async\" class=\"alignnone size-medium wp-image-88410\" src=\"http:\/\/portalcatolico.net\/portal\/wp-content\/uploads\/2026\/09\/2f07deae-4312-4940-80bd-e876a593aebb-1-226x300.jpg\" alt=\"\" width=\"226\" height=\"300\" srcset=\"https:\/\/portalcatolico.net\/portal\/wp-content\/uploads\/2026\/09\/2f07deae-4312-4940-80bd-e876a593aebb-1-226x300.jpg 226w, https:\/\/portalcatolico.net\/portal\/wp-content\/uploads\/2026\/09\/2f07deae-4312-4940-80bd-e876a593aebb-1-770x1024.jpg 770w, https:\/\/portalcatolico.net\/portal\/wp-content\/uploads\/2026\/09\/2f07deae-4312-4940-80bd-e876a593aebb-1-768x1021.jpg 768w, https:\/\/portalcatolico.net\/portal\/wp-content\/uploads\/2026\/09\/2f07deae-4312-4940-80bd-e876a593aebb-1.jpg 1080w\" sizes=\"auto, (max-width: 226px) 100vw, 226px\" \/><\/p>\n","protected":false},"excerpt":{"rendered":"<p>A Diocese de Itabuna, no sul da Bahia, divulgou nesta ter\u00e7a-feira, 1\u00ba de setembro, novos atos do governo diocesano relacionados \u00e0 nomea\u00e7\u00e3o, transfer\u00eancia e miss\u00e3o de sacerdotes. As decis\u00f5es foram oficializadas por Dom Jailton de Oliveira Lino, psdp, bispo diocesano, e envolvem mudan\u00e7as nas par\u00f3quias Nossa Senhora da Concei\u00e7\u00e3o, em Ferradas, distrito de Itabuna, e&nbsp;<\/p>\n<p><a class=\"btn btn-style\" href=\"https:\/\/portalcatolico.net\/portal\/diocese-de-itabuna-anuncia-nomeacoes-transferencia-e-novas-missoes-para-sacerdotes\/\">Continue Reading<\/a><\/p>\n","protected":false},"author":2,"featured_media":88407,"comment_status":"open","ping_status":"open","sticky":false,"template":"","format":"standard","meta":{"ngg_post_thumbnail":0,"footnotes":""},"categories":[4],"tags":[],"class_list":["post-88406","post","type-post","status-publish","format-standard","has-post-thumbnail","hentry","category-destaques"],"_links":{"self":[{"href":"https:\/\/portalcatolico.net\/portal\/wp-json\/wp\/v2\/posts\/88406","targetHints":{"allow":["GET"]}}],"collection":[{"href":"https:\/\/portalcatolico.net\/portal\/wp-json\/wp\/v2\/posts"}],"about":[{"href":"https:\/\/portalcatolico.net\/portal\/wp-json\/wp\/v2\/types\/post"}],"author":[{"embeddable":true,"href":"https:\/\/portalcatolico.net\/portal\/wp-json\/wp\/v2\/users\/2"}],"replies":[{"embeddable":true,"href":"https:\/\/portalcatolico.net\/portal\/wp-json\/wp\/v2\/comments?post=88406"}],"version-history":[{"count":1,"href":"https:\/\/portalcatolico.net\/portal\/wp-json\/wp\/v2\/posts\/88406\/revisions"}],"predecessor-version":[{"id":88411,"href":"https:\/\/portalcatolico.net\/portal\/wp-json\/wp\/v2\/posts\/88406\/revisions\/88411"}],"wp:featuredmedia":[{"embeddable":true,"href":"https:\/\/portalcatolico.net\/portal\/wp-json\/wp\/v2\/media\/88407"}],"wp:attachment":[{"href":"https:\/\/portalcatolico.net\/portal\/wp-json\/wp\/v2\/media?parent=88406"}],"wp:term":[{"taxonomy":"category","embeddable":true,"href":"https:\/\/portalcatolico.net\/portal\/wp-json\/wp\/v2\/categories?post=88406"},{"taxonomy":"post_tag","embeddable":true,"href":"https:\/\/portalcatolico.net\/portal\/wp-json\/wp\/v2\/tags?post=88406"}],"curies":[{"name":"wp","href":"https:\/\/api.w.org\/{rel}","templated":true}]}}