{"id":88391,"date":"2026-08-29T22:01:07","date_gmt":"2026-08-30T01:01:07","guid":{"rendered":"https:\/\/portalcatolico.net\/portal\/?p=88391"},"modified":"2026-08-30T07:19:10","modified_gmt":"2026-08-30T10:19:10","slug":"diocese-de-itabuna-realiza-instituicao-de-novos-ministros-catequistas-nas-foranias-centro-norte-e-sul","status":"publish","type":"post","link":"https:\/\/portalcatolico.net\/portal\/diocese-de-itabuna-realiza-instituicao-de-novos-ministros-catequistas-nas-foranias-centro-norte-e-sul\/","title":{"rendered":"Diocese de Itabuna realiza institui\u00e7\u00e3o de novos ministros catequistas nas foranias Centro, Norte e Sul."},"content":{"rendered":"<p>A Diocese de Itabuna, no sul da Bahia, realiza, neste fim de semana, dias 29 e 30 de agosto, celebra\u00e7\u00f5es com o Rito de Institui\u00e7\u00e3o do Minist\u00e9rio de Catequista. A programa\u00e7\u00e3o contempla as foranias Centro, Norte e Sul e integra o processo diocesano de reconhecimento e envio de homens e mulheres que atuam na miss\u00e3o catequ\u00e9tica.<\/p>\n<p>Neste s\u00e1bado, 29 de agosto, uma das celebra\u00e7\u00f5es aconteceu \u00e0s 18h, na Par\u00f3quia Santa Rita de C\u00e1ssia, localizada no bairro S\u00e3o Caetano, em Itabuna. Na ocasi\u00e3o, homens e mulheres que atuam na catequese receberam oficialmente o minist\u00e9rio.<\/p>\n<p>A Santa Missa foi presidida pelo padre Pedro Vin\u00edcius Santos de Oliveira, assessor eclesi\u00e1stico da Pastoral da Catequese na Diocese de Itabuna, e concelebrada pelos padres Adriano Oliveira Fernandes, Ricardo Nunes de&nbsp; Resende e Jos\u00e9 Roberto Ara\u00fajo, al\u00e9m de Frei Luciano Martins, p\u00e1roco da Par\u00f3quia Santa Rita de C\u00e1ssia, e Frei Adezir Amarante Pereira, vig\u00e1rio paroquial. Tamb\u00e9m participaram os di\u00e1conos permanentes Trajano Osvaldo e Rog\u00e9rio Freire.<\/p>\n<p>Na mesma data e hor\u00e1rio, a programa\u00e7\u00e3o tamb\u00e9m contemplou a Par\u00f3quia Senhora Sant&#8217;Ana, em Floresta Azul. Ao todo, mais de 80 catequistas ser\u00e3o institu\u00eddos durante as celebra\u00e7\u00f5es realizadas nas tr\u00eas foranias da Diocese de Itabuna.<\/p>\n<p>A iniciativa \u00e9 promovida pela Comiss\u00e3o de Anima\u00e7\u00e3o B\u00edblico-Catequ\u00e9tica da Diocese de Itabuna e re\u00fane catequistas, familiares e comunidades paroquiais em torno da institui\u00e7\u00e3o daqueles que assumem oficialmente esse minist\u00e9rio laical a servi\u00e7o da evangeliza\u00e7\u00e3o.<\/p>\n<p>O Minist\u00e9rio de Catequista foi institu\u00eddo pelo Papa Francisco por meio da Carta Apost\u00f3lica Antiquum Ministerium, publicada em 2021. O minist\u00e9rio reconhece oficialmente a miss\u00e3o desempenhada por leigos e leigas que se dedicam \u00e0 transmiss\u00e3o da f\u00e9 e \u00e0 forma\u00e7\u00e3o crist\u00e3 nas comunidades.<\/p>\n<p>No documento, o Papa Francisco destaca que &#8220;a voca\u00e7\u00e3o do catequista \u00e9 um servi\u00e7o prestado \u00e0 Igreja local para o crescimento da f\u00e9&#8221;.<\/p>\n<p>Durante a homilia na Par\u00f3quia Santa Rita de C\u00e1ssia, padre Pedro Vin\u00edcius destacou o car\u00e1ter vocacional da miss\u00e3o do catequista e recordou que esse servi\u00e7o nasce de uma resposta ao chamado de Deus.<\/p>\n<p>&#8220;O catequista n\u00e3o se formou \u00e0 toa, por simples voluntariado, por obriga\u00e7\u00e3o burocr\u00e1tica. Ele responde a uma sedu\u00e7\u00e3o amorosa de Deus e, certamente, voc\u00eas experimentaram esse chamado do Senhor. Foram seduzidos por Ele ao ponto de dar este passo a mais e de hoje dizerem: sim, eu quero ser ministro catequista&#8221;, afirmou.<\/p>\n<p>O sacerdote tamb\u00e9m ressaltou que a verdadeira catequese ultrapassa a transmiss\u00e3o de conte\u00fados e deve ser sustentada pelo encontro pessoal com Cristo e pelo testemunho de vida.<\/p>\n<p>&#8220;A verdadeira catequese n\u00e3o \u00e9 o ensino de uma teoria fria, mas a partilha de um sentido. O amor a Cristo \u00e9 um fogo ardente a penetrar o corpo todo. \u00c9 essa paix\u00e3o pelo Evangelho que faz o catequista superar os des\u00e2nimos e persistir na miss\u00e3o de educar a f\u00e9&#8221;, disse.<\/p>\n<p>Ao refletir sobre os desafios enfrentados no cotidiano da catequese, padre Pedro Vin\u00edcius lembrou que a miss\u00e3o exige perseveran\u00e7a diante do desinteresse, da aus\u00eancia de algumas fam\u00edlias e das dificuldades encontradas nas comunidades. Segundo ele, o ensinamento do catequista n\u00e3o deve ficar restrito aos encontros de forma\u00e7\u00e3o.<\/p>\n<p>&#8220;O ensinamento do catequista n\u00e3o se restringe \u00e0 sala de encontro, \u00e0quela uma hora, uma hora e trinta de encontro. Pelo contr\u00e1rio, sua pr\u00f3pria exist\u00eancia oferecida no servi\u00e7o, na paci\u00eancia e no amor comunit\u00e1rio constitui um fator formacional&#8221;, destacou.<\/p>\n<p>Outro aspecto abordado na homilia foi a necessidade de apresentar integralmente a mensagem crist\u00e3, mesmo diante de uma sociedade marcada pelo individualismo e pela busca do sucesso imediato. Para o sacerdote, a catequese deve conduzir ao discernimento e \u00e0 compreens\u00e3o das exig\u00eancias do Evangelho.<\/p>\n<p>&#8220;O catequista \u00e9 desafiado a apresentar a beleza da cruz e a radicalidade do seguimento. O seguimento exige de n\u00f3s ren\u00fancia. Renunciar a si mesmo na catequese significa deixar de lado o pr\u00f3prio protagonismo para que Cristo cres\u00e7a. Significa doar um tempo, preparar os encontros com zelo, acolher os dif\u00edceis, gastar a vida para que outros encontrem a salva\u00e7\u00e3o&#8221;, afirmou.<\/p>\n<p>Padre Pedro Vin\u00edcius refor\u00e7ou ainda que o Minist\u00e9rio de Catequista n\u00e3o deve ser compreendido como uma distin\u00e7\u00e3o honor\u00edfica, mas como compromisso permanente de servi\u00e7o \u00e0 Igreja e \u00e0 comunidade.<\/p>\n<p>&#8220;O Minist\u00e9rio da Catequese n\u00e3o \u00e9 um cargo honor\u00edfico, \u00e9 servi\u00e7o prof\u00e9tico encarnado na cruz. \u00c0 luz desta liturgia, o catequista encontra o sentido exato de sua miss\u00e3o&#8221;, ressaltou.<\/p>\n<p>Dirigindo-se aos novos ministros, o sacerdote destacou a responsabilidade assumida a partir da institui\u00e7\u00e3o e a miss\u00e3o de colaborar para manter viva a f\u00e9 entre crian\u00e7as, jovens e adultos.<\/p>\n<p>&#8220;O catequista torna-se a voz que ajuda a acender o fogo da f\u00e9 no cora\u00e7\u00e3o das crian\u00e7as, dos jovens e dos adultos&#8221;, disse.<\/p>\n<p>Ao final da reflex\u00e3o, padre Pedro Vin\u00edcius exortou os catequistas a cooperarem de forma permanente com o an\u00fancio da Palavra de Deus e a desenvolverem o minist\u00e9rio em comunh\u00e3o com a Igreja.<\/p>\n<p>&#8220;Esfor\u00e7ai-vos por trazer \u00e0 Igreja as pessoas que porventura vivem longe dela, em cooperar incansavelmente no an\u00fancio da Palavra de Deus, em cultivar constantemente o sentido da Igreja particular, ensinando em nome da Igreja como testemunhas da f\u00e9, mestres e mistagogos&#8221;, concluiu.<\/p>\n<p>A institui\u00e7\u00e3o do Minist\u00e9rio de Catequista reconhece o valor do servi\u00e7o laical na evangeliza\u00e7\u00e3o, no acompanhamento e na forma\u00e7\u00e3o crist\u00e3. Para assumir a miss\u00e3o, os candidatos percorrem itiner\u00e1rios formativos que contemplam aspectos b\u00edblicos, teol\u00f3gicos, pastorais e pedag\u00f3gicos, al\u00e9m da viv\u00eancia da f\u00e9 e da participa\u00e7\u00e3o ativa na comunidade.<\/p>\n<p>Com a institui\u00e7\u00e3o, os novos ministros catequistas s\u00e3o enviados para uma miss\u00e3o est\u00e1vel a servi\u00e7o da Palavra de Deus, da forma\u00e7\u00e3o crist\u00e3 e da evangeliza\u00e7\u00e3o nas comunidades da Diocese de Itabuna.<\/p>\n<p><img loading=\"lazy\" decoding=\"async\" class=\"alignnone size-medium wp-image-88393\" src=\"http:\/\/portalcatolico.net\/portal\/wp-content\/uploads\/2026\/08\/5bc56ce3-0aff-4588-bd75-e231783dfa1d-1-300x225.jpg\" alt=\"\" width=\"300\" height=\"225\" srcset=\"https:\/\/portalcatolico.net\/portal\/wp-content\/uploads\/2026\/08\/5bc56ce3-0aff-4588-bd75-e231783dfa1d-1-300x225.jpg 300w, https:\/\/portalcatolico.net\/portal\/wp-content\/uploads\/2026\/08\/5bc56ce3-0aff-4588-bd75-e231783dfa1d-1-1024x767.jpg 1024w, https:\/\/portalcatolico.net\/portal\/wp-content\/uploads\/2026\/08\/5bc56ce3-0aff-4588-bd75-e231783dfa1d-1-768x576.jpg 768w, https:\/\/portalcatolico.net\/portal\/wp-content\/uploads\/2026\/08\/5bc56ce3-0aff-4588-bd75-e231783dfa1d-1-1536x1151.jpg 1536w, https:\/\/portalcatolico.net\/portal\/wp-content\/uploads\/2026\/08\/5bc56ce3-0aff-4588-bd75-e231783dfa1d-1.jpg 1600w\" sizes=\"auto, (max-width: 300px) 100vw, 300px\" \/> <img loading=\"lazy\" decoding=\"async\" class=\"alignnone size-medium wp-image-88394\" src=\"http:\/\/portalcatolico.net\/portal\/wp-content\/uploads\/2026\/08\/5c8c2a5f-5c0d-4b68-96d8-dcdb28c21831-300x225.jpg\" alt=\"\" width=\"300\" height=\"225\" srcset=\"https:\/\/portalcatolico.net\/portal\/wp-content\/uploads\/2026\/08\/5c8c2a5f-5c0d-4b68-96d8-dcdb28c21831-300x225.jpg 300w, https:\/\/portalcatolico.net\/portal\/wp-content\/uploads\/2026\/08\/5c8c2a5f-5c0d-4b68-96d8-dcdb28c21831-1024x767.jpg 1024w, https:\/\/portalcatolico.net\/portal\/wp-content\/uploads\/2026\/08\/5c8c2a5f-5c0d-4b68-96d8-dcdb28c21831-768x576.jpg 768w, https:\/\/portalcatolico.net\/portal\/wp-content\/uploads\/2026\/08\/5c8c2a5f-5c0d-4b68-96d8-dcdb28c21831-1536x1151.jpg 1536w, https:\/\/portalcatolico.net\/portal\/wp-content\/uploads\/2026\/08\/5c8c2a5f-5c0d-4b68-96d8-dcdb28c21831.jpg 1600w\" sizes=\"auto, (max-width: 300px) 100vw, 300px\" \/> <img loading=\"lazy\" decoding=\"async\" class=\"alignnone size-medium wp-image-88395\" src=\"http:\/\/portalcatolico.net\/portal\/wp-content\/uploads\/2026\/08\/a4965181-640a-44f2-8345-f1e7a7bdb555-300x225.jpg\" alt=\"\" width=\"300\" height=\"225\" srcset=\"https:\/\/portalcatolico.net\/portal\/wp-content\/uploads\/2026\/08\/a4965181-640a-44f2-8345-f1e7a7bdb555-300x225.jpg 300w, https:\/\/portalcatolico.net\/portal\/wp-content\/uploads\/2026\/08\/a4965181-640a-44f2-8345-f1e7a7bdb555-1024x768.jpg 1024w, https:\/\/portalcatolico.net\/portal\/wp-content\/uploads\/2026\/08\/a4965181-640a-44f2-8345-f1e7a7bdb555-768x576.jpg 768w, https:\/\/portalcatolico.net\/portal\/wp-content\/uploads\/2026\/08\/a4965181-640a-44f2-8345-f1e7a7bdb555-1536x1152.jpg 1536w, https:\/\/portalcatolico.net\/portal\/wp-content\/uploads\/2026\/08\/a4965181-640a-44f2-8345-f1e7a7bdb555.jpg 1600w\" sizes=\"auto, (max-width: 300px) 100vw, 300px\" \/> <img loading=\"lazy\" decoding=\"async\" class=\"alignnone size-medium wp-image-88396\" src=\"http:\/\/portalcatolico.net\/portal\/wp-content\/uploads\/2026\/08\/ce526580-ee82-434c-b181-cf75981d555e-1-300x225.jpg\" alt=\"\" width=\"300\" height=\"225\" srcset=\"https:\/\/portalcatolico.net\/portal\/wp-content\/uploads\/2026\/08\/ce526580-ee82-434c-b181-cf75981d555e-1-300x225.jpg 300w, https:\/\/portalcatolico.net\/portal\/wp-content\/uploads\/2026\/08\/ce526580-ee82-434c-b181-cf75981d555e-1-1024x768.jpg 1024w, https:\/\/portalcatolico.net\/portal\/wp-content\/uploads\/2026\/08\/ce526580-ee82-434c-b181-cf75981d555e-1-768x576.jpg 768w, https:\/\/portalcatolico.net\/portal\/wp-content\/uploads\/2026\/08\/ce526580-ee82-434c-b181-cf75981d555e-1-1536x1153.jpg 1536w, https:\/\/portalcatolico.net\/portal\/wp-content\/uploads\/2026\/08\/ce526580-ee82-434c-b181-cf75981d555e-1.jpg 1599w\" sizes=\"auto, (max-width: 300px) 100vw, 300px\" \/> <img loading=\"lazy\" decoding=\"async\" class=\"alignnone size-medium wp-image-88397\" src=\"http:\/\/portalcatolico.net\/portal\/wp-content\/uploads\/2026\/08\/f36ff482-fa81-4c42-8e5a-71dcb44d6a36-300x225.jpg\" alt=\"\" width=\"300\" height=\"225\" srcset=\"https:\/\/portalcatolico.net\/portal\/wp-content\/uploads\/2026\/08\/f36ff482-fa81-4c42-8e5a-71dcb44d6a36-300x225.jpg 300w, https:\/\/portalcatolico.net\/portal\/wp-content\/uploads\/2026\/08\/f36ff482-fa81-4c42-8e5a-71dcb44d6a36-1024x767.jpg 1024w, https:\/\/portalcatolico.net\/portal\/wp-content\/uploads\/2026\/08\/f36ff482-fa81-4c42-8e5a-71dcb44d6a36-768x576.jpg 768w, https:\/\/portalcatolico.net\/portal\/wp-content\/uploads\/2026\/08\/f36ff482-fa81-4c42-8e5a-71dcb44d6a36-1536x1151.jpg 1536w, https:\/\/portalcatolico.net\/portal\/wp-content\/uploads\/2026\/08\/f36ff482-fa81-4c42-8e5a-71dcb44d6a36.jpg 1600w\" sizes=\"auto, (max-width: 300px) 100vw, 300px\" \/><img loading=\"lazy\" decoding=\"async\" class=\"alignnone  wp-image-88403\" src=\"http:\/\/portalcatolico.net\/portal\/wp-content\/uploads\/2026\/08\/a3f904af-f237-4858-b853-6fafdf97b5e4-1-226x300.jpg\" alt=\"\" width=\"799\" height=\"1061\" srcset=\"https:\/\/portalcatolico.net\/portal\/wp-content\/uploads\/2026\/08\/a3f904af-f237-4858-b853-6fafdf97b5e4-1-226x300.jpg 226w, https:\/\/portalcatolico.net\/portal\/wp-content\/uploads\/2026\/08\/a3f904af-f237-4858-b853-6fafdf97b5e4-1-768x1021.jpg 768w, https:\/\/portalcatolico.net\/portal\/wp-content\/uploads\/2026\/08\/a3f904af-f237-4858-b853-6fafdf97b5e4-1.jpg 1080w\" sizes=\"auto, (max-width: 799px) 100vw, 799px\" \/><\/p>\n","protected":false},"excerpt":{"rendered":"<p>A Diocese de Itabuna, no sul da Bahia, realiza, neste fim de semana, dias 29 e 30 de agosto, celebra\u00e7\u00f5es com o Rito de Institui\u00e7\u00e3o do Minist\u00e9rio de Catequista. A programa\u00e7\u00e3o contempla as foranias Centro, Norte e Sul e integra o processo diocesano de reconhecimento e envio de homens e mulheres que atuam na miss\u00e3o&nbsp;<\/p>\n<p><a class=\"btn btn-style\" href=\"https:\/\/portalcatolico.net\/portal\/diocese-de-itabuna-realiza-instituicao-de-novos-ministros-catequistas-nas-foranias-centro-norte-e-sul\/\">Continue Reading<\/a><\/p>\n","protected":false},"author":2,"featured_media":88399,"comment_status":"open","ping_status":"open","sticky":false,"template":"","format":"standard","meta":{"ngg_post_thumbnail":0,"footnotes":""},"categories":[68],"tags":[],"class_list":["post-88391","post","type-post","status-publish","format-standard","has-post-thumbnail","hentry","category-homilias"],"_links":{"self":[{"href":"https:\/\/portalcatolico.net\/portal\/wp-json\/wp\/v2\/posts\/88391","targetHints":{"allow":["GET"]}}],"collection":[{"href":"https:\/\/portalcatolico.net\/portal\/wp-json\/wp\/v2\/posts"}],"about":[{"href":"https:\/\/portalcatolico.net\/portal\/wp-json\/wp\/v2\/types\/post"}],"author":[{"embeddable":true,"href":"https:\/\/portalcatolico.net\/portal\/wp-json\/wp\/v2\/users\/2"}],"replies":[{"embeddable":true,"href":"https:\/\/portalcatolico.net\/portal\/wp-json\/wp\/v2\/comments?post=88391"}],"version-history":[{"count":6,"href":"https:\/\/portalcatolico.net\/portal\/wp-json\/wp\/v2\/posts\/88391\/revisions"}],"predecessor-version":[{"id":88405,"href":"https:\/\/portalcatolico.net\/portal\/wp-json\/wp\/v2\/posts\/88391\/revisions\/88405"}],"wp:featuredmedia":[{"embeddable":true,"href":"https:\/\/portalcatolico.net\/portal\/wp-json\/wp\/v2\/media\/88399"}],"wp:attachment":[{"href":"https:\/\/portalcatolico.net\/portal\/wp-json\/wp\/v2\/media?parent=88391"}],"wp:term":[{"taxonomy":"category","embeddable":true,"href":"https:\/\/portalcatolico.net\/portal\/wp-json\/wp\/v2\/categories?post=88391"},{"taxonomy":"post_tag","embeddable":true,"href":"https:\/\/portalcatolico.net\/portal\/wp-json\/wp\/v2\/tags?post=88391"}],"curies":[{"name":"wp","href":"https:\/\/api.w.org\/{rel}","templated":true}]}}