{"id":88348,"date":"2026-08-17T20:01:09","date_gmt":"2026-08-17T23:01:09","guid":{"rendered":"https:\/\/portalcatolico.net\/portal\/?p=88348"},"modified":"2026-08-21T20:01:28","modified_gmt":"2026-08-21T23:01:28","slug":"vitoria-da-conquista-sedia-9o-congresso-regional-de-presbiteros-com-sacerdotes-da-bahia-e-sergipe","status":"publish","type":"post","link":"https:\/\/portalcatolico.net\/portal\/vitoria-da-conquista-sedia-9o-congresso-regional-de-presbiteros-com-sacerdotes-da-bahia-e-sergipe\/","title":{"rendered":"Vit\u00f3ria da Conquista sedia 9\u00ba Congresso Regional de Presb\u00edteros com sacerdotes da Bahia e Sergipe."},"content":{"rendered":"<p>A Arquidiocese de Vit\u00f3ria da Conquista, no sudoeste da Bahia, sedia o 9\u00ba Congresso Regional de Presb\u00edteros do Regional Nordeste 3 da Confer\u00eancia Nacional dos Bispos do Brasil (CNBB). O encontro re\u00fane cerca de 80 sacerdotes de dioceses e arquidioceses da Bahia e de Sergipe e segue at\u00e9 esta quinta-feira, 20 de agosto.<\/p>\n<p>A programa\u00e7\u00e3o teve in\u00edcio na segunda-feira, 17 de agosto, com a Celebra\u00e7\u00e3o Eucar\u00edstica na Catedral Metropolitana de Nossa Senhora das Vit\u00f3rias. A Santa Missa foi presidida pelo arcebispo de Vit\u00f3ria da Conquista, Dom Vitor Agnaldo de Menezes, e contou com a participa\u00e7\u00e3o de bispos e presb\u00edteros do Regional Nordeste 3.<\/p>\n<p>Em sua 9\u00aa edi\u00e7\u00e3o, o Congresso aborda a identidade e a miss\u00e3o do sacerdote na era digital, promovendo reflex\u00f5es sobre os desafios e as possibilidades apresentados pelas novas tecnologias e formas de comunica\u00e7\u00e3o. Ao longo da programa\u00e7\u00e3o, os participantes vivenciam momentos de forma\u00e7\u00e3o, espiritualidade, conviv\u00eancia e troca de experi\u00eancias.<\/p>\n<p>Entre os participantes est\u00e1 o bispo da Diocese de Itabuna, Dom Jailton de Oliveira Lino, que integra a Regi\u00e3o 6, formada pelas dioceses de Itabuna, Ilh\u00e9us, Eun\u00e1polis e Teixeira de Freitas. Ao comentar o encontro, o bispo destacou a import\u00e2ncia da acolhida e da experi\u00eancia proporcionada pelo Congresso.<\/p>\n<p>&#8220;Gostar\u00edamos de agradecer a Dom Vitor e a Vit\u00f3ria da Conquista por nos acolher neste congresso. Acredito que n\u00f3s sairemos daqui enriquecidos com aquilo que aprenderemos, mas, acima de tudo, com aquilo que viveremos nesta cidade t\u00e3o bonita e t\u00e3o acolhedora&#8221;, afirmou Dom Jailton.<\/p>\n<p>Esta \u00e9 a primeira vez que Vit\u00f3ria da Conquista recebe o Congresso Regional de Presb\u00edteros. Al\u00e9m da forma\u00e7\u00e3o voltada \u00e0 miss\u00e3o sacerdotal, o encontro busca fortalecer a fraternidade entre os presb\u00edteros e refletir sobre uma presen\u00e7a evangelizadora respons\u00e1vel nos ambientes digitais, sem perder a centralidade da vida sacramental e da proximidade pastoral.<\/p>\n","protected":false},"excerpt":{"rendered":"<p>A Arquidiocese de Vit\u00f3ria da Conquista, no sudoeste da Bahia, sedia o 9\u00ba Congresso Regional de Presb\u00edteros do Regional Nordeste 3 da Confer\u00eancia Nacional dos Bispos do Brasil (CNBB). O encontro re\u00fane cerca de 80 sacerdotes de dioceses e arquidioceses da Bahia e de Sergipe e segue at\u00e9 esta quinta-feira, 20 de agosto. A programa\u00e7\u00e3o&nbsp;<\/p>\n<p><a class=\"btn btn-style\" href=\"https:\/\/portalcatolico.net\/portal\/vitoria-da-conquista-sedia-9o-congresso-regional-de-presbiteros-com-sacerdotes-da-bahia-e-sergipe\/\">Continue Reading<\/a><\/p>\n","protected":false},"author":2,"featured_media":88349,"comment_status":"open","ping_status":"open","sticky":false,"template":"","format":"standard","meta":{"ngg_post_thumbnail":0,"footnotes":""},"categories":[4],"tags":[],"class_list":["post-88348","post","type-post","status-publish","format-standard","has-post-thumbnail","hentry","category-destaques"],"_links":{"self":[{"href":"https:\/\/portalcatolico.net\/portal\/wp-json\/wp\/v2\/posts\/88348","targetHints":{"allow":["GET"]}}],"collection":[{"href":"https:\/\/portalcatolico.net\/portal\/wp-json\/wp\/v2\/posts"}],"about":[{"href":"https:\/\/portalcatolico.net\/portal\/wp-json\/wp\/v2\/types\/post"}],"author":[{"embeddable":true,"href":"https:\/\/portalcatolico.net\/portal\/wp-json\/wp\/v2\/users\/2"}],"replies":[{"embeddable":true,"href":"https:\/\/portalcatolico.net\/portal\/wp-json\/wp\/v2\/comments?post=88348"}],"version-history":[{"count":1,"href":"https:\/\/portalcatolico.net\/portal\/wp-json\/wp\/v2\/posts\/88348\/revisions"}],"predecessor-version":[{"id":88350,"href":"https:\/\/portalcatolico.net\/portal\/wp-json\/wp\/v2\/posts\/88348\/revisions\/88350"}],"wp:featuredmedia":[{"embeddable":true,"href":"https:\/\/portalcatolico.net\/portal\/wp-json\/wp\/v2\/media\/88349"}],"wp:attachment":[{"href":"https:\/\/portalcatolico.net\/portal\/wp-json\/wp\/v2\/media?parent=88348"}],"wp:term":[{"taxonomy":"category","embeddable":true,"href":"https:\/\/portalcatolico.net\/portal\/wp-json\/wp\/v2\/categories?post=88348"},{"taxonomy":"post_tag","embeddable":true,"href":"https:\/\/portalcatolico.net\/portal\/wp-json\/wp\/v2\/tags?post=88348"}],"curies":[{"name":"wp","href":"https:\/\/api.w.org\/{rel}","templated":true}]}}