{"id":86840,"date":"2026-04-27T18:47:00","date_gmt":"2026-04-27T21:47:00","guid":{"rendered":"https:\/\/portalcatolico.net\/portal\/?p=86840"},"modified":"2026-04-27T18:47:00","modified_gmt":"2026-04-27T21:47:00","slug":"celebracao-dos-526-anos-da-primeira-missa-no-brasil-reune-fieis-em-santa-cruz-cabralia-e-coroa-vermelha","status":"publish","type":"post","link":"https:\/\/portalcatolico.net\/portal\/celebracao-dos-526-anos-da-primeira-missa-no-brasil-reune-fieis-em-santa-cruz-cabralia-e-coroa-vermelha\/","title":{"rendered":"Celebra\u00e7\u00e3o dos 526 anos da Primeira Missa no Brasil re\u00fane fi\u00e9is em Santa Cruz Cabr\u00e1lia e Coroa Vermelha."},"content":{"rendered":"<div dir=\"auto\">A Diocese de Eun\u00e1polis, no extremo sul da Bahia, realizou neste fim de semana, nos dias 25 e 26 de abril, uma intensa programa\u00e7\u00e3o religiosa em mem\u00f3ria aos 526 anos da Primeira Missa celebrada no Brasil. As atividades aconteceram em Santa Cruz Cabr\u00e1lia e Coroa Vermelha, reunindo fi\u00e9is, autoridades civis, religiosas e visitantes de diversas regi\u00f5es.<\/div>\n<div dir=\"auto\">&nbsp;<\/div>\n<div dir=\"auto\">No s\u00e1bado, 25 de abril, a programa\u00e7\u00e3o come\u00e7ou \u00e0s 5h, com a Santa Missa Memorial no Altar dos 500 Anos, localizado na Pra\u00e7a do Cora\u00e7\u00e3o. Em seguida, \u00e0s 6h, os participantes seguiram em visita \u00e0 Igreja Matriz de Nossa Senhora da Concei\u00e7\u00e3o, no Centro Hist\u00f3rico, onde receberam a b\u00ean\u00e7\u00e3o solene. Logo depois, \u00e0s 6h30, ocorreu a tradicional carreata com a Cruz da Primeira Missa, em dire\u00e7\u00e3o \u00e0 Capela de Santa Cruz.<\/div>\n<div dir=\"auto\">&nbsp;<\/div>\n<div dir=\"auto\">J\u00e1 no domingo, 26 de abril, as atividades tiveram in\u00edcio \u00e0s 7h30, com cerim\u00f4nia de abertura na Capela de Santa Cruz. \u00c0s 9h, houve exposi\u00e7\u00e3o do Sant\u00edssimo Sacramento. Durante a tarde, a programa\u00e7\u00e3o prosseguiu na Pra\u00e7a do Cruzeiro, em Coroa Vermelha, com o Ter\u00e7o da Miseric\u00f3rdia \u00e0s 15h e acolhida das romarias \u00e0s 15h30.<\/div>\n<div dir=\"auto\">&nbsp;<\/div>\n<div dir=\"auto\">O ponto alto da programa\u00e7\u00e3o aconteceu \u00e0s 16h, com a Santa Missa Pontifical presidida por Dom Jos\u00e9 Edson Santana Oliveira, bispo da Diocese de Eun\u00e1polis, concelebrada por padres e di\u00e1conos da diocese. A celebra\u00e7\u00e3o recordou o marco hist\u00f3rico da evangeliza\u00e7\u00e3o no pa\u00eds e refor\u00e7ou valores como f\u00e9, unidade e miss\u00e3o.<\/div>\n<div dir=\"auto\">&nbsp;<\/div>\n<div dir=\"auto\">No in\u00edcio da homilia, Dom Jos\u00e9 Edson saudou o clero, autoridades e representantes civis e ind\u00edgenas presentes. Entre eles, destacou prefeitos da regi\u00e3o, vereadores, a deputada estadual Cl\u00e1udia Oliveira e o cacique Louro Patax\u00f3, saudando toda a comunidade ind\u00edgena.<\/div>\n<div dir=\"auto\">&nbsp;<\/div>\n<div dir=\"auto\">Refletindo sobre o Evangelho do quarto domingo da P\u00e1scoa, o bispo apresentou Jesus Cristo como o Bom Pastor. &#8220;Jesus se revela como aquele que conhece as suas ovelhas, chama cada um pelo nome, conduz com seguran\u00e7a e oferece a vida em abund\u00e2ncia&#8221;, afirmou.<\/div>\n<div dir=\"auto\">&nbsp;<\/div>\n<div dir=\"auto\">Dom Jos\u00e9 Edson destacou ainda que a imagem do Bom Pastor revela o cora\u00e7\u00e3o misericordioso de Deus. &#8220;Um Deus pr\u00f3ximo, atento, que jamais abandona o seu povo&#8221;, disse. Ao comentar a passagem em que Cristo afirma &#8220;Eu sou a porta&#8221;, o bispo explicou que Jesus \u00e9 o caminho seguro para a vida plena. &#8220;Nele encontramos a verdade que liberta e a vida que n\u00e3o passa.&#8221;<\/div>\n<div dir=\"auto\">&nbsp;<\/div>\n<div dir=\"auto\">Durante a prega\u00e7\u00e3o, o bispo tamb\u00e9m recordou que a Diocese de Eun\u00e1polis celebra 30 anos de cria\u00e7\u00e3o. Segundo ele, a data representa sinal concreto da presen\u00e7a viva e fecunda de Cristo na regi\u00e3o. &#8220;Este duplo jubileu n\u00e3o \u00e9 apenas mem\u00f3ria do passado, mas um apelo para renovarmos hoje o compromisso mission\u00e1rio.&#8221;<\/div>\n<div dir=\"auto\">&nbsp;<\/div>\n<div dir=\"auto\">Ao recordar o significado hist\u00f3rico da Primeira Missa, Dom Jos\u00e9 Edson ressaltou que a Eucaristia celebrada em 1500 foi mais do que um gesto religioso. &#8220;Foi a semente do Evangelho plantada neste solo, na Terra de Santa Cruz, hoje Brasil&#8221;, afirmou.<\/div>\n<div dir=\"auto\">&nbsp;<\/div>\n<div dir=\"auto\">O bispo exortou os fi\u00e9is a viverem a alegria do Evangelho e citou uma frase do Papa Francisco: &#8220;N\u00e3o vos deixeis tirar do cora\u00e7\u00e3o a alegria do Evangelho&#8221;. Tamb\u00e9m incentivou a solidariedade e o cuidado com os mais fr\u00e1geis. &#8220;N\u00e3o podemos ser indiferentes diante daqueles que est\u00e3o feridos, dispersos ou sem esperan\u00e7a.&#8221;<\/div>\n<div dir=\"auto\">&nbsp;<\/div>\n<div dir=\"auto\">Na conclus\u00e3o da homilia, Dom Jos\u00e9 Edson confiou os fi\u00e9is \u00e0 intercess\u00e3o da Virgem Maria, M\u00e3e da Igreja e Senhora da Esperan\u00e7a. &#8220;Que ela nos ensine a escutar a voz de Jesus, Bom Pastor, e a segui-lo com fidelidade&#8221;, rezou.<\/div>\n<div dir=\"auto\">Encerrando a programa\u00e7\u00e3o jubilar, houve show da Fraternidade S\u00e3o Jo\u00e3o Paulo II, promovendo um momento de m\u00fasica, confraterniza\u00e7\u00e3o e louvor entre os participantes. A celebra\u00e7\u00e3o reafirmou a import\u00e2ncia hist\u00f3rica e espiritual de Coroa Vermelha como solo sagrado das origens da f\u00e9 crist\u00e3 no Brasil.<\/div>\n<div dir=\"auto\">Em um gesto de profunda comunh\u00e3o com a Igreja, o Papa Le\u00e3o XIV enviou sua B\u00ean\u00e7\u00e3o Apost\u00f3lica \u00e0 Par\u00f3quia Sagrada Fam\u00edlia, em Coroa Vermelha, e ao querido Padre Patrick Azeredo, neste 26 de abril de 2026, data em que celebramos os 526 anos da Primeira Missa do Brasil.<br \/>\n<img loading=\"lazy\" decoding=\"async\" class=\"alignnone size-medium wp-image-86841\" src=\"http:\/\/portalcatolico.net\/portal\/wp-content\/uploads\/2026\/04\/32be2341-5ade-49bf-b0dc-b222867dcbdc-244x300.jpg\" alt=\"\" width=\"244\" height=\"300\" srcset=\"https:\/\/portalcatolico.net\/portal\/wp-content\/uploads\/2026\/04\/32be2341-5ade-49bf-b0dc-b222867dcbdc-244x300.jpg 244w, https:\/\/portalcatolico.net\/portal\/wp-content\/uploads\/2026\/04\/32be2341-5ade-49bf-b0dc-b222867dcbdc-832x1024.jpg 832w, https:\/\/portalcatolico.net\/portal\/wp-content\/uploads\/2026\/04\/32be2341-5ade-49bf-b0dc-b222867dcbdc-768x946.jpg 768w, https:\/\/portalcatolico.net\/portal\/wp-content\/uploads\/2026\/04\/32be2341-5ade-49bf-b0dc-b222867dcbdc.jpg 1080w\" sizes=\"auto, (max-width: 244px) 100vw, 244px\" \/> <img loading=\"lazy\" decoding=\"async\" class=\"alignnone size-medium wp-image-86842\" src=\"http:\/\/portalcatolico.net\/portal\/wp-content\/uploads\/2026\/04\/06976943-c22f-4d4f-b63c-fa3bb879d58d-243x300.jpg\" alt=\"\" width=\"243\" height=\"300\" srcset=\"https:\/\/portalcatolico.net\/portal\/wp-content\/uploads\/2026\/04\/06976943-c22f-4d4f-b63c-fa3bb879d58d-243x300.jpg 243w, https:\/\/portalcatolico.net\/portal\/wp-content\/uploads\/2026\/04\/06976943-c22f-4d4f-b63c-fa3bb879d58d-828x1024.jpg 828w, https:\/\/portalcatolico.net\/portal\/wp-content\/uploads\/2026\/04\/06976943-c22f-4d4f-b63c-fa3bb879d58d-768x950.jpg 768w, https:\/\/portalcatolico.net\/portal\/wp-content\/uploads\/2026\/04\/06976943-c22f-4d4f-b63c-fa3bb879d58d.jpg 1080w\" sizes=\"auto, (max-width: 243px) 100vw, 243px\" \/><br \/>\nEm um gesto de profunda comunh\u00e3o com a Igreja, o Papa Le\u00e3o XIV enviou sua B\u00ean\u00e7\u00e3o Apost\u00f3lica \u00e0 Par\u00f3quia Sagrada Fam\u00edlia, em Coroa Vermelha, e ao querido Padre Patrick Azeredo, neste 26 de abril de 2026, data em que celebramos os 526 anos da Primeira Missa do Brasil.<\/p>\n<p>Um sinal bonito da unidade da nossa Igreja particular com a S\u00e9 de Pedro, justamente na terra onde nasceu a evangeliza\u00e7\u00e3o do nosso pa\u00eds. Que esta b\u00ean\u00e7\u00e3o alcance cada fiel, cada fam\u00edlia e toda a nossa caminhada mission\u00e1ria.<\/p>\n<p>Da terra da Primeira Missa ao cora\u00e7\u00e3o da Igreja: seguimos debaixo da b\u00ean\u00e7\u00e3o de Deus e sob a prote\u00e7\u00e3o da Cruz<\/p><\/div>\n","protected":false},"excerpt":{"rendered":"<p>A Diocese de Eun\u00e1polis, no extremo sul da Bahia, realizou neste fim de semana, nos dias 25 e 26 de abril, uma intensa programa\u00e7\u00e3o religiosa em mem\u00f3ria aos 526 anos da Primeira Missa celebrada no Brasil. As atividades aconteceram em Santa Cruz Cabr\u00e1lia e Coroa Vermelha, reunindo fi\u00e9is, autoridades civis, religiosas e visitantes de diversas&nbsp;<\/p>\n<p><a class=\"btn btn-style\" href=\"https:\/\/portalcatolico.net\/portal\/celebracao-dos-526-anos-da-primeira-missa-no-brasil-reune-fieis-em-santa-cruz-cabralia-e-coroa-vermelha\/\">Continue Reading<\/a><\/p>\n","protected":false},"author":2,"featured_media":86843,"comment_status":"open","ping_status":"open","sticky":false,"template":"","format":"standard","meta":{"footnotes":""},"categories":[68],"tags":[],"class_list":["post-86840","post","type-post","status-publish","format-standard","has-post-thumbnail","hentry","category-homilias"],"_links":{"self":[{"href":"https:\/\/portalcatolico.net\/portal\/wp-json\/wp\/v2\/posts\/86840","targetHints":{"allow":["GET"]}}],"collection":[{"href":"https:\/\/portalcatolico.net\/portal\/wp-json\/wp\/v2\/posts"}],"about":[{"href":"https:\/\/portalcatolico.net\/portal\/wp-json\/wp\/v2\/types\/post"}],"author":[{"embeddable":true,"href":"https:\/\/portalcatolico.net\/portal\/wp-json\/wp\/v2\/users\/2"}],"replies":[{"embeddable":true,"href":"https:\/\/portalcatolico.net\/portal\/wp-json\/wp\/v2\/comments?post=86840"}],"version-history":[{"count":1,"href":"https:\/\/portalcatolico.net\/portal\/wp-json\/wp\/v2\/posts\/86840\/revisions"}],"predecessor-version":[{"id":86844,"href":"https:\/\/portalcatolico.net\/portal\/wp-json\/wp\/v2\/posts\/86840\/revisions\/86844"}],"wp:featuredmedia":[{"embeddable":true,"href":"https:\/\/portalcatolico.net\/portal\/wp-json\/wp\/v2\/media\/86843"}],"wp:attachment":[{"href":"https:\/\/portalcatolico.net\/portal\/wp-json\/wp\/v2\/media?parent=86840"}],"wp:term":[{"taxonomy":"category","embeddable":true,"href":"https:\/\/portalcatolico.net\/portal\/wp-json\/wp\/v2\/categories?post=86840"},{"taxonomy":"post_tag","embeddable":true,"href":"https:\/\/portalcatolico.net\/portal\/wp-json\/wp\/v2\/tags?post=86840"}],"curies":[{"name":"wp","href":"https:\/\/api.w.org\/{rel}","templated":true}]}}