{"id":86836,"date":"2026-04-26T12:35:34","date_gmt":"2026-04-26T15:35:34","guid":{"rendered":"https:\/\/portalcatolico.net\/portal\/?p=86836"},"modified":"2026-04-27T18:36:40","modified_gmt":"2026-04-27T21:36:40","slug":"igreja-celebra-o-domingo-do-bom-pastor-e-reforca-oracao-pelas-vocacoes","status":"publish","type":"post","link":"https:\/\/portalcatolico.net\/portal\/igreja-celebra-o-domingo-do-bom-pastor-e-reforca-oracao-pelas-vocacoes\/","title":{"rendered":"Igreja celebra o Domingo do Bom Pastor e refor\u00e7a ora\u00e7\u00e3o pelas voca\u00e7\u00f5es."},"content":{"rendered":"<div dir=\"auto\">A Igreja Cat\u00f3lica celebra neste domingo, 26 de abril, o 4\u00ba Domingo da P\u00e1scoa, tradicionalmente conhecido como Domingo do Bom Pastor. A data, marcada por profunda simbologia b\u00edblica, tamb\u00e9m \u00e9 dedicada ao 63\u00ba Dia Mundial de Ora\u00e7\u00e3o pelas Voca\u00e7\u00f5es, institu\u00eddo com o objetivo de despertar nos fi\u00e9is, especialmente nos jovens, o desejo de servir ao Reino de Deus.<\/div>\n<div dir=\"auto\">&nbsp;<\/div>\n<div dir=\"auto\">Em Itabuna e em toda a Diocese, as celebra\u00e7\u00f5es ganham um car\u00e1ter especial de gratid\u00e3o e intercess\u00e3o. A figura de Cristo como o Bom Pastor, apresentada na liturgia, inspira a miss\u00e3o da Igreja ao recordar aquele que conhece suas ovelhas, cuida delas e entrega a pr\u00f3pria vida por amor.<\/div>\n<div dir=\"auto\">&nbsp;<\/div>\n<div dir=\"auto\">O Evangelho proclamado neste dia, retirado de S\u00e3o Jo\u00e3o, destaca Jesus como a porta do redil e o guia seguro para os que escutam sua voz. Em meio aos desafios e incertezas da vida contempor\u00e2nea, a mensagem refor\u00e7a a confian\u00e7a e a seguran\u00e7a daqueles que seguem seus ensinamentos.<\/div>\n<div dir=\"auto\">&nbsp;<\/div>\n<div dir=\"auto\">A data tamb\u00e9m convida \u00e0 reflex\u00e3o sobre a import\u00e2ncia das voca\u00e7\u00f5es na Igreja. Bispos, padres, religiosos e leigos s\u00e3o chamados a testemunhar, com suas vidas, o cuidado pastoral de Cristo junto ao povo de Deus. A ora\u00e7\u00e3o pelas voca\u00e7\u00f5es torna-se, assim, um gesto essencial para o fortalecimento da miss\u00e3o evangelizadora.<\/div>\n<div dir=\"auto\">&nbsp;<\/div>\n<div dir=\"auto\">A Diocese de Itabuna orienta os fi\u00e9is a participarem das celebra\u00e7\u00f5es e a dedicarem momentos de ora\u00e7\u00e3o pelos sacerdotes e pelo bispo diocesano, reconhecendo o servi\u00e7o prestado \u00e0 comunidade. O Domingo do Bom Pastor se apresenta como um convite \u00e0 esperan\u00e7a, \u00e0 escuta e ao compromisso com a caminhada de f\u00e9.<\/div>\n<div dir=\"auto\">Foto: Pascom\/Diocese de Itabuna(BA)<\/div>\n","protected":false},"excerpt":{"rendered":"<p>A Igreja Cat\u00f3lica celebra neste domingo, 26 de abril, o 4\u00ba Domingo da P\u00e1scoa, tradicionalmente conhecido como Domingo do Bom Pastor. A data, marcada por profunda simbologia b\u00edblica, tamb\u00e9m \u00e9 dedicada ao 63\u00ba Dia Mundial de Ora\u00e7\u00e3o pelas Voca\u00e7\u00f5es, institu\u00eddo com o objetivo de despertar nos fi\u00e9is, especialmente nos jovens, o desejo de servir ao&nbsp;<\/p>\n<p><a class=\"btn btn-style\" href=\"https:\/\/portalcatolico.net\/portal\/igreja-celebra-o-domingo-do-bom-pastor-e-reforca-oracao-pelas-vocacoes\/\">Continue Reading<\/a><\/p>\n","protected":false},"author":2,"featured_media":86837,"comment_status":"open","ping_status":"open","sticky":false,"template":"","format":"standard","meta":{"footnotes":""},"categories":[4],"tags":[],"class_list":["post-86836","post","type-post","status-publish","format-standard","has-post-thumbnail","hentry","category-destaques"],"_links":{"self":[{"href":"https:\/\/portalcatolico.net\/portal\/wp-json\/wp\/v2\/posts\/86836","targetHints":{"allow":["GET"]}}],"collection":[{"href":"https:\/\/portalcatolico.net\/portal\/wp-json\/wp\/v2\/posts"}],"about":[{"href":"https:\/\/portalcatolico.net\/portal\/wp-json\/wp\/v2\/types\/post"}],"author":[{"embeddable":true,"href":"https:\/\/portalcatolico.net\/portal\/wp-json\/wp\/v2\/users\/2"}],"replies":[{"embeddable":true,"href":"https:\/\/portalcatolico.net\/portal\/wp-json\/wp\/v2\/comments?post=86836"}],"version-history":[{"count":2,"href":"https:\/\/portalcatolico.net\/portal\/wp-json\/wp\/v2\/posts\/86836\/revisions"}],"predecessor-version":[{"id":86839,"href":"https:\/\/portalcatolico.net\/portal\/wp-json\/wp\/v2\/posts\/86836\/revisions\/86839"}],"wp:featuredmedia":[{"embeddable":true,"href":"https:\/\/portalcatolico.net\/portal\/wp-json\/wp\/v2\/media\/86837"}],"wp:attachment":[{"href":"https:\/\/portalcatolico.net\/portal\/wp-json\/wp\/v2\/media?parent=86836"}],"wp:term":[{"taxonomy":"category","embeddable":true,"href":"https:\/\/portalcatolico.net\/portal\/wp-json\/wp\/v2\/categories?post=86836"},{"taxonomy":"post_tag","embeddable":true,"href":"https:\/\/portalcatolico.net\/portal\/wp-json\/wp\/v2\/tags?post=86836"}],"curies":[{"name":"wp","href":"https:\/\/api.w.org\/{rel}","templated":true}]}}