{"id":86832,"date":"2026-04-27T18:26:14","date_gmt":"2026-04-27T21:26:14","guid":{"rendered":"https:\/\/portalcatolico.net\/portal\/?p=86832"},"modified":"2026-04-27T18:26:14","modified_gmt":"2026-04-27T21:26:14","slug":"papa-a-arcebispa-de-cantuaria-a-unidade-dos-cristaos-e-testemunho-de-paz","status":"publish","type":"post","link":"https:\/\/portalcatolico.net\/portal\/papa-a-arcebispa-de-cantuaria-a-unidade-dos-cristaos-e-testemunho-de-paz\/","title":{"rendered":"Papa \u00e0 arcebispa de Cantu\u00e1ria: a unidade dos crist\u00e3os \u00e9 testemunho de paz"},"content":{"rendered":"<div class=\"article__subTitle\"><img loading=\"lazy\" decoding=\"async\" class=\"alignnone  wp-image-86834\" src=\"http:\/\/portalcatolico.net\/portal\/wp-content\/uploads\/2026\/04\/cq5dam.thumbnail.cropped.750.422-1-300x169.jpeg\" alt=\"\" width=\"831\" height=\"468\" srcset=\"https:\/\/portalcatolico.net\/portal\/wp-content\/uploads\/2026\/04\/cq5dam.thumbnail.cropped.750.422-1-300x169.jpeg 300w, https:\/\/portalcatolico.net\/portal\/wp-content\/uploads\/2026\/04\/cq5dam.thumbnail.cropped.750.422-1.jpeg 750w\" sizes=\"auto, (max-width: 831px) 100vw, 831px\" \/>Le\u00e3o XIV recebeu na manh\u00e3 desta segunda-feira (27\/04), Sua Gra\u00e7a Sarah Mullally, arcebispa de Cantu\u00e1ria. Em seu discurso, o Papa recorda o \u201cmemor\u00e1vel encontro\u201d, h\u00e1 sessenta anos, entre o arcebispo Michael Ramsey e S\u00e3o Paulo VI, que anunciaram o primeiro di\u00e1logo teol\u00f3gico entre anglicanos e cat\u00f3licos, e reafirma que as divis\u00f5es enfraquecem, em \u201cum mundo sofredor\u201d, a efic\u00e1cia do an\u00fancio do Evangelho.<\/div>\n<div class=\"title__separator\">\n<p>Unidos para proclamar a paz em um mundo dilacerado por conflitos. Le\u00e3o XIV recebe no Vaticano, na tradi\u00e7\u00e3o dos encontros entre os arcebispos de Cantu\u00e1ria e os bispos de Roma, Sua Gra\u00e7a Sarah Mullally, arcebispa de Cantu\u00e1ria, autoridade espiritual da Comunh\u00e3o Anglicana, que tomou posse oficialmente no \u00faltimo dia 25 de mar\u00e7o. Passaram-se sessenta anos daquele que define como o \u201cmemor\u00e1vel encontro entre S\u00e3o Paulo VI e o arcebispo Michael Ramsey\u201d, e o caminho rumo a rela\u00e7\u00f5es cada vez mais estreitas, centradas nos esfor\u00e7os comuns para dizer \u2018n\u00e3o\u2019 \u00e0s guerras no mundo, mostra-se hoje mais inadi\u00e1vel do que nunca. Seria um \u201cesc\u00e2ndalo\u201d, afirma, n\u00e3o se empenhar em superar as diferen\u00e7as, \u201cpor mais insuper\u00e1veis que possam parecer\u201d.<\/p>\n<p><strong>Testemunhar a paz desarmada de Cristo<\/strong><\/p>\n<p>Entre os presentes na audi\u00eancia, o diretor do Centro Anglicano em Roma, o bispo Anthony Ball, que nesta noite ser\u00e1 nomeado representante da arcebispa junto \u00e0 Santa S\u00e9. O encontro, que ocorre no tempo pascal, oferece ao Pont\u00edfice a ocasi\u00e3o de reafirmar a necessidade de ser mensageiros da paz do Ressuscitado, uma paz \u2014 sublinha \u2014 \u201cdesarmada\u201d, porque \u201cEle sempre respondeu \u00e0 viol\u00eancia e \u00e0 agress\u00e3o de modo desarmado, convidando-nos a fazer o mesmo\u201d. \u00c9 simplesmente olhando para Cristo que os crist\u00e3os devem \u201coferecer juntos um testemunho prof\u00e9tico e humilde desta realidade profunda\u201d, destaca o Sucessor de Pedro, evidenciando o lema escolhido para o seu pontificado (\u201cNo \u00fanico, somos um\u201d) e a&nbsp;Mensagem para o Dia Mundial da Paz&nbsp;para este ano.<\/p>\n<p><strong>Remover toda pedra de trope\u00e7o<\/strong><\/p>\n<p>Consciente da necessidade da unidade, que torna a evangeliza\u00e7\u00e3o \u201cmais fecunda\u201d, o Papa volta o olhar para as feridas do tempo presente, em v\u00e1rias regi\u00f5es do planeta, e recorda a import\u00e2ncia de manter sempre vivo este pressuposto, que \u00e9 ao mesmo tempo um objetivo:<\/p>\n<div>\n<div class=\"article__embed article__embed--border embed_style\">\n<blockquote><p>\u201cEnquanto o nosso mundo sofredor tem profunda necessidade da paz de Cristo, as divis\u00f5es entre os crist\u00e3os enfraquecem a nossa capacidade de sermos portadores eficazes dessa paz. Se queremos que o mundo acolha com o cora\u00e7\u00e3o a nossa prega\u00e7\u00e3o, devemos ser perseverantes na ora\u00e7\u00e3o e nos esfor\u00e7os para remover qualquer pedra de trope\u00e7o que impe\u00e7a a proclama\u00e7\u00e3o do Evangelho.\u201d<\/p><\/blockquote>\n<\/div>\n<\/div>\n<p><strong>Proclamar Cristo superando os desafios das quest\u00f5es divisivas<\/strong><\/p>\n<p>A postura concreta do Pont\u00edfice se torna exemplar ao dirigir-se \u00e0 arcebispa de Cantu\u00e1ria e, referindo-se aos aspectos que ainda permanecem como fonte de divis\u00e3o, afirma: \u201cN\u00e3o devemos permitir que esses desafios constantes nos impe\u00e7am de aproveitar toda ocasi\u00e3o poss\u00edvel para proclamar juntos Cristo ao mundo\u201d, e observa:<\/p>\n<p><i>\u201cCertamente, este caminho ecum\u00eanico tem sido complexo. Embora muitos progressos tenham sido alcan\u00e7ados em quest\u00f5es historicamente divisivas, nas \u00faltimas d\u00e9cadas surgiram novos problemas, tornando mais dif\u00edcil discernir o caminho rumo \u00e0 plena comunh\u00e3o. Sei que tamb\u00e9m a Comunh\u00e3o Anglicana est\u00e1 enfrentando muitas dessas mesmas quest\u00f5es no presente.\u201d<\/i><\/p>\n<p><strong>Seria um esc\u00e2ndalo n\u00e3o trabalhar para superar as diferen\u00e7as<\/strong><\/p>\n<p>Le\u00e3o retoma, confirma e completa, por fim, o que j\u00e1 havia dito seu predecessor Francisco aos Primazes da Comunh\u00e3o Anglicana em 2024, ao falar de \u201cesc\u00e2ndalo\u201d caso as divis\u00f5es comprometessem o conhecimento do Evangelho por todos. Hoje, o Papa utiliza a mesma express\u00e3o:<\/p>\n<p><i>\u201cDe minha parte, acrescento que seria um esc\u00e2ndalo tamb\u00e9m se n\u00e3o continu\u00e1ssemos a trabalhar para superar as nossas diferen\u00e7as, por mais insuper\u00e1veis que possam parecer.\u201d<\/i><\/p>\n<p><strong>Mullally: diante da viol\u00eancia desumana, trabalhar pelo bem comum<\/strong><\/p>\n<p>\u201cNo mundo de hoje, somos chamados a viver e anunciar o Evangelho com renovada clareza\u201d, afirmou a arcebispa de Cantu\u00e1ria diante do Papa. \u201cDiante de uma viol\u00eancia desumana, de profundas divis\u00f5es e de r\u00e1pidas mudan\u00e7as sociais, devemos continuar a contar uma hist\u00f3ria de esperan\u00e7a: de que toda vida humana tem um valor infinito, porque somos filhos preciosos de Deus; de que a fam\u00edlia humana \u00e9 chamada a viver como irm\u00e3os e irm\u00e3s; de que devemos, portanto, trabalhar juntos pelo bem comum, construindo sempre pontes, nunca muros; de que os mais pobres entre n\u00f3s est\u00e3o mais pr\u00f3ximos do cora\u00e7\u00e3o de Deus; e de que as for\u00e7as da morte s\u00e3o vencidas pela vida ressuscitada de Cristo. Esta \u00e9 a vis\u00e3o de Jesus Cristo: \u00e9 sobre ela que devemos fixar o olhar nos anos que vir\u00e3o\u201d.&nbsp;A primaz expressou satisfa\u00e7\u00e3o pela recente viagem apost\u00f3lica do Papa \u00e0 \u00c1frica, \u201ccheia de vida e de alegria. O mundo precisava desta mensagem neste momento: obrigado\u201d. Tamb\u00e9m a arcebispa realizar\u00e1 em julho uma miss\u00e3o no continente africano, no Gana e nos Camar\u00f5es. Estar ao lado dos outros \u201cem seu sofrimento e tristeza, mas tamb\u00e9m em sua cura e alegria\u201d \u00e9 o compromisso que&nbsp;Mullally renova.<\/p>\n<p>Nesta noite, a arcebispa anglicana presidir\u00e1 a celebra\u00e7\u00e3o vespertina com c\u00e2nticos corais na igreja de Santo In\u00e1cio de Loyola, durante a qual dar\u00e1 posse ao bispo Anthony Ball, diretor do Centro Anglicano de Roma, como representante do arcebispo de Cantu\u00e1ria junto \u00e0 Santa S\u00e9. A homilia ser\u00e1 proferida pelo cardeal Luis Antonio Tagle, pr\u00f3-prefeito do Dicast\u00e9rio para a Evangeliza\u00e7\u00e3o. A peregrina\u00e7\u00e3o se concluir\u00e1 amanh\u00e3 com visitas ao Centro de Refugiados Joel Nafuma (JNRC), na bas\u00edlica de S\u00e3o Paulo \u201cdentro dos muros\u201d, e aos projetos administrados pela Comunidade de Santo Eg\u00eddio.<\/p>\n<\/div>\n<div class=\"article__text\">\n<p>Antonella Palermo&nbsp;&#8211; Vatican News&nbsp;<\/p>\n<\/div>\n","protected":false},"excerpt":{"rendered":"<p>Le\u00e3o XIV recebeu na manh\u00e3 desta segunda-feira (27\/04), Sua Gra\u00e7a Sarah Mullally, arcebispa de Cantu\u00e1ria. Em seu discurso, o Papa recorda o \u201cmemor\u00e1vel encontro\u201d, h\u00e1 sessenta anos, entre o arcebispo Michael Ramsey e S\u00e3o Paulo VI, que anunciaram o primeiro di\u00e1logo teol\u00f3gico entre anglicanos e cat\u00f3licos, e reafirma que as divis\u00f5es enfraquecem, em \u201cum mundo&nbsp;<\/p>\n<p><a class=\"btn btn-style\" href=\"https:\/\/portalcatolico.net\/portal\/papa-a-arcebispa-de-cantuaria-a-unidade-dos-cristaos-e-testemunho-de-paz\/\">Continue Reading<\/a><\/p>\n","protected":false},"author":2,"featured_media":86833,"comment_status":"open","ping_status":"open","sticky":false,"template":"","format":"standard","meta":{"footnotes":""},"categories":[5],"tags":[],"class_list":["post-86832","post","type-post","status-publish","format-standard","has-post-thumbnail","hentry","category-igreja_no_mundo"],"_links":{"self":[{"href":"https:\/\/portalcatolico.net\/portal\/wp-json\/wp\/v2\/posts\/86832","targetHints":{"allow":["GET"]}}],"collection":[{"href":"https:\/\/portalcatolico.net\/portal\/wp-json\/wp\/v2\/posts"}],"about":[{"href":"https:\/\/portalcatolico.net\/portal\/wp-json\/wp\/v2\/types\/post"}],"author":[{"embeddable":true,"href":"https:\/\/portalcatolico.net\/portal\/wp-json\/wp\/v2\/users\/2"}],"replies":[{"embeddable":true,"href":"https:\/\/portalcatolico.net\/portal\/wp-json\/wp\/v2\/comments?post=86832"}],"version-history":[{"count":1,"href":"https:\/\/portalcatolico.net\/portal\/wp-json\/wp\/v2\/posts\/86832\/revisions"}],"predecessor-version":[{"id":86835,"href":"https:\/\/portalcatolico.net\/portal\/wp-json\/wp\/v2\/posts\/86832\/revisions\/86835"}],"wp:featuredmedia":[{"embeddable":true,"href":"https:\/\/portalcatolico.net\/portal\/wp-json\/wp\/v2\/media\/86833"}],"wp:attachment":[{"href":"https:\/\/portalcatolico.net\/portal\/wp-json\/wp\/v2\/media?parent=86832"}],"wp:term":[{"taxonomy":"category","embeddable":true,"href":"https:\/\/portalcatolico.net\/portal\/wp-json\/wp\/v2\/categories?post=86832"},{"taxonomy":"post_tag","embeddable":true,"href":"https:\/\/portalcatolico.net\/portal\/wp-json\/wp\/v2\/tags?post=86832"}],"curies":[{"name":"wp","href":"https:\/\/api.w.org\/{rel}","templated":true}]}}