{"id":86830,"date":"2026-04-27T18:21:14","date_gmt":"2026-04-27T21:21:14","guid":{"rendered":"https:\/\/portalcatolico.net\/portal\/?p=86830"},"modified":"2026-04-27T18:21:14","modified_gmt":"2026-04-27T21:21:14","slug":"tenda-do-encontro","status":"publish","type":"post","link":"https:\/\/portalcatolico.net\/portal\/tenda-do-encontro\/","title":{"rendered":"Tenda do encontro"},"content":{"rendered":"<p><span data-contrast=\"auto\">Os bispos da Igreja Cat\u00f3lica no Brasil concluem, hoje,&nbsp;a&nbsp;sua 62\u00aaAssembleia Geral, com a tarefa mission\u00e1ria de consolidar, cada vez mais,&nbsp;a Igreja como&nbsp;\u201cTenda do Encontro\u201d.&nbsp;No horizonte&nbsp;inspirador&nbsp;da riqueza bimilenar&nbsp;da Igreja, os bispos consolidam as&nbsp;Diretrizes Gerais para a Evangeliza\u00e7\u00e3o&nbsp;no Brasil, com t\u00f4nica forte na a\u00e7\u00e3o mission\u00e1ria, para continuamente qualificar o servi\u00e7o dedicado \u00e0s&nbsp;realidades plurais de um pa\u00eds&nbsp;com dimens\u00f5es continentais.&nbsp;O foco principal \u00e9&nbsp;evangelizar anunciando Jesus Cristo, raz\u00e3o primeira e insubstitu\u00edvel da miss\u00e3o, a partir do que define a&nbsp;Igreja sinodal, isto \u00e9,&nbsp;de comunh\u00e3o e participa\u00e7\u00e3o, com for\u00e7a m\u00edstica e prof\u00e9tica, sustentada pela Palavra e pelos Sacramentos; em comunidades de disc\u00edpulos mission\u00e1rios, fiel \u00e0 evang\u00e9lica op\u00e7\u00e3o preferencial pelos pobres, a caminho da plenitude do Reino de Deus. Longe de proselitismos, a Igreja, querida por Jesus, \u00e9&nbsp;envolvida por uma espiritualidade que engaja&nbsp;o ser humano em experi\u00eancias qualificadoras da cidadania civil,&nbsp;com incid\u00eancias fortes e transformadoras na sociedade,&nbsp;sem perder jamais o&nbsp;que \u00e9 singular \u00e0&nbsp;cidadania do&nbsp;Reino&nbsp;de Deus.&nbsp;<\/span><span data-ccp-props=\"{&quot;201341983&quot;:0,&quot;335551550&quot;:6,&quot;335551620&quot;:6,&quot;335559739&quot;:0,&quot;335559740&quot;:240}\">&nbsp;<\/span><\/p>\n<p><span data-ccp-props=\"{&quot;201341983&quot;:0,&quot;335551550&quot;:6,&quot;335551620&quot;:6,&quot;335559739&quot;:0,&quot;335559740&quot;:240}\">&nbsp;<\/span><span data-contrast=\"auto\">No conjunto de riquezas e experi\u00eancias, reflex\u00f5es e debates, discernimentos e decis\u00f5es sobre variados temas, de interesse interno e na configura\u00e7\u00e3o da presen\u00e7a p\u00fablica da Igreja Cat\u00f3lica,&nbsp;a Assembleia Geral definiu&nbsp;as&nbsp;Diretrizes Gerais para a Evangeliza\u00e7\u00e3o&nbsp;no Brasil, mirando os dias vindouros. Trata-se de&nbsp;tarefa essencial e estruturante, que ocorre a partir da&nbsp;rica Tradi\u00e7\u00e3o da Igreja, em seus mais de dois mil anos,&nbsp;tamb\u00e9m&nbsp;no horizonte dos s\u00f3lidos ensinamentos do Conc\u00edlio Vaticano II e, na contemporaneidade, acolhendo as considera\u00e7\u00f5es conclusivas do&nbsp;percurso sinodal&nbsp;iniciado a partir de convoca\u00e7\u00e3o do&nbsp;saudoso Papa Francisco. Oportuno lembrar que o percurso do S\u00ednodo&nbsp;convocou a Igreja do mundo inteiro a&nbsp;promover&nbsp;amplos processos de escuta e,&nbsp;assim,&nbsp;construir novos caminhos para fortalecer, sempre mais, a&nbsp;comunh\u00e3o&nbsp;e&nbsp;a&nbsp;participa\u00e7\u00e3o,&nbsp;consolidando continuamente&nbsp;a a\u00e7\u00e3o mission\u00e1ria.&nbsp;Justamente&nbsp;o S\u00ednodo sobre a&nbsp;Sinodalidade&nbsp;inspira a Igreja Cat\u00f3lica a ser uma Tenda sempre aberta.&nbsp;<\/span><span data-ccp-props=\"{&quot;201341983&quot;:0,&quot;335551550&quot;:6,&quot;335551620&quot;:6,&quot;335559739&quot;:0,&quot;335559740&quot;:240}\">&nbsp;<\/span><\/p>\n<p><span data-ccp-props=\"{&quot;201341983&quot;:0,&quot;335551550&quot;:6,&quot;335551620&quot;:6,&quot;335559739&quot;:0,&quot;335559740&quot;:240}\">&nbsp;<\/span><span data-contrast=\"auto\">As mais recentes Diretrizes Gerais para a Evangeliza\u00e7\u00e3o no Brasil expressam esta premissa: a Igreja Cat\u00f3lica \u00e9 Tenda sempre aberta, capaz de ampliar a escuta e o acolhimento, sustentada por estacas firmes na f\u00e9 diante dos desafios atuais.&nbsp;&nbsp;Ao aprovar as novas diretrizes, os bispos respondem ao&nbsp;convite do Papa Le\u00e3o XIV:&nbsp;&nbsp;p\u00f4r&nbsp;em pr\u00e1tica, em cada Igreja local, as conclus\u00f5es do S\u00ednodo&nbsp;e,&nbsp;desse modo,&nbsp;consolidar pr\u00e1ticas pastorais capazes de oferecer respostas \u00e0s&nbsp;r\u00e1pidas e muitas mudan\u00e7as sociais, religiosas e culturais no mundo contempor\u00e2neo. Portanto, a lucidez \u00e9 o acolhimento da necessidade de rever m\u00e9todos do an\u00fancio do Evangelho de Jesus Cristo, a transmiss\u00e3o da f\u00e9 e o necess\u00e1rio fortalecimento do sentido de perten\u00e7a \u00e0 Igreja Cat\u00f3lica. Nesta mesma dire\u00e7\u00e3o, incluem-se as preocupa\u00e7\u00f5es com o&nbsp;\u201cgrito\u201d&nbsp;da&nbsp;Terra, a casa comum,&nbsp;e o&nbsp;clamor&nbsp;dos pobres, urgindo da comunidade dos disc\u00edpulos de Jesus uma postura mais coerente e audaz, em conformidade com os ensinamentos do Mestre.&nbsp;&nbsp;Todos&nbsp;os disc\u00edpulos de Jesus&nbsp;s\u00e3o chamados a protagonizar novos processos transformadores, em correspons\u00e1vel compromisso diante das urg\u00eancias de preserva\u00e7\u00e3o&nbsp;dos recursos naturais,&nbsp;do respeito \u00e0 dignidade humana e da promo\u00e7\u00e3o da&nbsp;paz.&nbsp;Para&nbsp;bem viver esse compromisso pastoral,&nbsp;a Igreja no Brasil&nbsp;se percebe como&nbsp;tenda do encontro, uma imagem forte apontando na dire\u00e7\u00e3o de se compreender os sinais dos tempos.&nbsp;Tenda&nbsp;\u00e9&nbsp;lugar do&nbsp;acolhimento de todos para que fa\u00e7am a experi\u00eancia consoladora&nbsp;de acolher os&nbsp;valores e&nbsp;os&nbsp;sinais do Reino de Deus.&nbsp;<\/span><span data-ccp-props=\"{&quot;201341983&quot;:0,&quot;335551550&quot;:6,&quot;335551620&quot;:6,&quot;335559739&quot;:0,&quot;335559740&quot;:240}\">&nbsp;<\/span><\/p>\n<p><span data-ccp-props=\"{&quot;201341983&quot;:0,&quot;335551550&quot;:6,&quot;335551620&quot;:6,&quot;335559739&quot;:0,&quot;335559740&quot;:240}\">&nbsp;<\/span><span data-contrast=\"auto\">Importante&nbsp;\u00e9&nbsp;compreender&nbsp;que&nbsp;a tenda&nbsp;\u00e9 especialmente acolhedora para os pequenos,&nbsp;abrigo dos estrangeiros,&nbsp;dos&nbsp;expatriados,&nbsp;dos&nbsp;miser\u00e1veis.&nbsp;Efetivamente&nbsp;aberta a&nbsp;todos os homens e mulheres de boa vontade,&nbsp;aos&nbsp;carentes de um novo rumo em suas vidas. Tenda do encontro com Jesus, abrigo seguro em meio \u00e0s tempestades da vida. A tenda lembra tamb\u00e9m a condi\u00e7\u00e3o de peregrinos:&nbsp;todos que passam por este mundo&nbsp;s\u00e3o peregrinos. N\u00e3o permanecem definitivamente nele. Cada peregrino \u00e9 chamado a aprender li\u00e7\u00f5es enquanto caminha, desenvolvendo projetos que promovam a vida e d\u00e3o rumos novos \u00e0 sociedade. Com suas Diretrizes Gerais para a Evangeliza\u00e7\u00e3o, considerando-se Tenda do Encontro,&nbsp;a Igreja&nbsp;reafirma a&nbsp;sua miss\u00e3o de servidora do Evangelho junto ao povo, escola e promotora da vida em todas as suas etapas.&nbsp;<\/span><span data-ccp-props=\"{&quot;201341983&quot;:0,&quot;335551550&quot;:6,&quot;335551620&quot;:6,&quot;335559739&quot;:0,&quot;335559740&quot;:240}\">&nbsp;<\/span><\/p>\n<p><span data-ccp-props=\"{&quot;201341983&quot;:0,&quot;335551550&quot;:6,&quot;335551620&quot;:6,&quot;335559739&quot;:0,&quot;335559740&quot;:240}\">&nbsp;<\/span><span data-contrast=\"auto\">Cabe, agora, conhecer e aplicar as&nbsp;Diretrizes&nbsp;aprovadas pelos bispos do Brasil,&nbsp;compromisso de renovar&nbsp;as rela\u00e7\u00f5es e os processos internos&nbsp;na Igreja, segundo a t\u00f4nica da comunh\u00e3o e&nbsp;da&nbsp;participa\u00e7\u00e3o, contribuindo com um mundo mais justo e solid\u00e1rio, meta da cidadania civil e do&nbsp;Reino&nbsp;de Deus.&nbsp;Disc\u00edpulos e disc\u00edpulas de Jesus, \u201cm\u00e3os \u00e0 obra\u201d!&nbsp;O desafio&nbsp;\u00e9 grande, mas a esperan\u00e7a \u00e9&nbsp;ainda&nbsp;maior. A f\u00e9 \u00e9 o grande tesouro,&nbsp;a gra\u00e7a de Deus \u00e9 inesgot\u00e1vel, assim ensina a Igreja \u2013&nbsp;a&nbsp;Tenda do Encontro.&nbsp;<\/span><span data-ccp-props=\"{&quot;201341983&quot;:0,&quot;335551550&quot;:6,&quot;335551620&quot;:6,&quot;335559739&quot;:0,&quot;335559740&quot;:240}\">&nbsp;<\/span><\/p>\n<p>Dom Walmor Oliveira de Azevedo&nbsp;<br \/>\nArcebispo de Belo Horizonte (MG)<\/p>\n","protected":false},"excerpt":{"rendered":"<p>Os bispos da Igreja Cat\u00f3lica no Brasil concluem, hoje,&nbsp;a&nbsp;sua 62\u00aaAssembleia Geral, com a tarefa mission\u00e1ria de consolidar, cada vez mais,&nbsp;a Igreja como&nbsp;\u201cTenda do Encontro\u201d.&nbsp;No horizonte&nbsp;inspirador&nbsp;da riqueza bimilenar&nbsp;da Igreja, os bispos consolidam as&nbsp;Diretrizes Gerais para a Evangeliza\u00e7\u00e3o&nbsp;no Brasil, com t\u00f4nica forte na a\u00e7\u00e3o mission\u00e1ria, para continuamente qualificar o servi\u00e7o dedicado \u00e0s&nbsp;realidades plurais de um pa\u00eds&nbsp;com dimens\u00f5es&nbsp;<\/p>\n<p><a class=\"btn btn-style\" href=\"https:\/\/portalcatolico.net\/portal\/tenda-do-encontro\/\">Continue Reading<\/a><\/p>\n","protected":false},"author":2,"featured_media":64330,"comment_status":"open","ping_status":"open","sticky":false,"template":"","format":"standard","meta":{"footnotes":""},"categories":[69],"tags":[],"class_list":["post-86830","post","type-post","status-publish","format-standard","has-post-thumbnail","hentry","category-artigos"],"_links":{"self":[{"href":"https:\/\/portalcatolico.net\/portal\/wp-json\/wp\/v2\/posts\/86830","targetHints":{"allow":["GET"]}}],"collection":[{"href":"https:\/\/portalcatolico.net\/portal\/wp-json\/wp\/v2\/posts"}],"about":[{"href":"https:\/\/portalcatolico.net\/portal\/wp-json\/wp\/v2\/types\/post"}],"author":[{"embeddable":true,"href":"https:\/\/portalcatolico.net\/portal\/wp-json\/wp\/v2\/users\/2"}],"replies":[{"embeddable":true,"href":"https:\/\/portalcatolico.net\/portal\/wp-json\/wp\/v2\/comments?post=86830"}],"version-history":[{"count":1,"href":"https:\/\/portalcatolico.net\/portal\/wp-json\/wp\/v2\/posts\/86830\/revisions"}],"predecessor-version":[{"id":86831,"href":"https:\/\/portalcatolico.net\/portal\/wp-json\/wp\/v2\/posts\/86830\/revisions\/86831"}],"wp:featuredmedia":[{"embeddable":true,"href":"https:\/\/portalcatolico.net\/portal\/wp-json\/wp\/v2\/media\/64330"}],"wp:attachment":[{"href":"https:\/\/portalcatolico.net\/portal\/wp-json\/wp\/v2\/media?parent=86830"}],"wp:term":[{"taxonomy":"category","embeddable":true,"href":"https:\/\/portalcatolico.net\/portal\/wp-json\/wp\/v2\/categories?post=86830"},{"taxonomy":"post_tag","embeddable":true,"href":"https:\/\/portalcatolico.net\/portal\/wp-json\/wp\/v2\/tags?post=86830"}],"curies":[{"name":"wp","href":"https:\/\/api.w.org\/{rel}","templated":true}]}}