{"id":82802,"date":"2025-04-24T19:18:44","date_gmt":"2025-04-24T22:18:44","guid":{"rendered":"http:\/\/portalcatolico.net\/portal\/?p=82802"},"modified":"2025-04-24T19:18:44","modified_gmt":"2025-04-24T22:18:44","slug":"terceira-congregacao-dos-cardeais-conversa-sobre-a-igreja-e-o-mundo","status":"publish","type":"post","link":"https:\/\/portalcatolico.net\/portal\/terceira-congregacao-dos-cardeais-conversa-sobre-a-igreja-e-o-mundo\/","title":{"rendered":"Terceira Congrega\u00e7\u00e3o dos Cardeais, conversa sobre a Igreja e o mundo"},"content":{"rendered":"<div class=\"article__subTitle\">Presentes 113 cardeais e prestaram juramento aqueles que ainda n\u00e3o o haviam feito, conforme previsto pela Universi Dominici Gregis. Foram definidos os nomes de quem far\u00e1 as prega\u00e7\u00f5es: Donato Ogliari, abade de S\u00e3o Paulo, na pr\u00f3xima semana, e o cardeal Cantalamessa no in\u00edcio do Conclave.<\/div>\n<div>&nbsp;<\/div>\n<div class=\"title__separator\">\n<p>Cento e treze cardeais participaram da terceira Congrega\u00e7\u00e3o Geral em vista do Conclave, que se realizou na manh\u00e3 desta quinta-feira, 24 de abril, ao final da qual, com algumas interven\u00e7\u00f5es, &#8220;teve in\u00edcio um di\u00e1logo sobre a Igreja e o mundo&#8221;. Essas s\u00e3o as \u00faltimas atualiza\u00e7\u00f5es do diretor da Sala de Imprensa da Santa S\u00e9, Matteo Bruni, a respeito das reuni\u00f5es di\u00e1rias dos cardeais. No total, houve 34 interven\u00e7\u00f5es nesta manh\u00e3 na Congrega\u00e7\u00e3o, que come\u00e7ou \u00e0s 9h com uma ora\u00e7\u00e3o e durou at\u00e9 o meio-dia, com uma pausa de meia hora.<\/p>\n<p>Os cardeais que ainda n\u00e3o haviam feito, puderam prestar juramento, conforme previsto pela Constitui\u00e7\u00e3o Apost\u00f3lica&nbsp;<i>Universi Dominici Gregis<\/i>. Tamb\u00e9m foram lidos os primeiros 23 par\u00e1grafos desse documento, que regula a vac\u00e2ncia da S\u00e9 Apost\u00f3lica e a elei\u00e7\u00e3o do Romano Pont\u00edfice. Por enquanto, o n\u00famero de cardeais eleitores presentes \u2014 135 no total \u2014 ainda est\u00e1 reduzido.<\/p>\n<div>\n<aside class=\"article__readmore inEvidence\">\n<div class=\"teaser--labelEvidence teaser teaser--type-video teaser2x1--inEvidence\">\n<article>\n<div class=\"teaser__contentWrapper\"><strong>Mudan\u00e7a na celebra\u00e7\u00e3o dos novendiais e definidos dois pregadores<\/strong><\/div>\n<\/article>\n<\/div>\n<\/aside>\n<\/div>\n<p>Na Congrega\u00e7\u00e3o tamb\u00e9m foi esclarecido que ser\u00e1 o cardeal V\u00edctor Manuel Fern\u00e1ndez, ex-prefeito do Dicast\u00e9rio para a Doutrina da F\u00e9, que celebrar\u00e1 a Missa no sexto dia dos Novendiais, e n\u00e3o o cardeal Farrell, camerlengo da Santa Igreja Romana, como havia sido anunciado anteriormente. Foram ainda definidos os nomes de dois eclesi\u00e1sticos que oferecer\u00e3o uma prega\u00e7\u00e3o, conforme estabelecido pela&nbsp;<i>Universi Dominici Gregis<\/i>. O primeiro, previsto para o in\u00edcio da pr\u00f3xima semana, ser\u00e1 Donato Ogliari, abade da Bas\u00edlica de S\u00e3o Paulo, e o segundo, no in\u00edcio do Conclave, ser\u00e1 o cardeal Raniero Cantalamessa. Esta tarde n\u00e3o haver\u00e1 Congrega\u00e7\u00e3o Geral, e o pr\u00f3ximo encontro dos cardeais ser\u00e1 amanh\u00e3 de manh\u00e3, \u00e0s 9h locais.<\/p>\n<p><strong>Multid\u00e3o de fi\u00e9is despedem-se do Papa<\/strong><\/p>\n<p>Com rela\u00e7\u00e3o ao n\u00famero de fi\u00e9is, a Sala de Imprensa informou que, das 11h da manh\u00e3 de ontem at\u00e9 as 13h de hoje (hor\u00e1rio local), 61 mil pessoas prestaram homenagem ao Papa Francisco na Bas\u00edlica de S\u00e3o Pedro. O fechamento das visitas nesta noite est\u00e1 previsto para a meia-noite, mas, considerando o fluxo, a Bas\u00edlica Vaticana pode permanecer aberta al\u00e9m desse hor\u00e1rio, como aconteceu na noite passada.<\/p>\n<p><strong>Funeral de s\u00e1bado<\/strong><\/p>\n<p>A ordem do servi\u00e7o da Missa exequial de s\u00e1bado, 26 de abril, ser\u00e1 publicada amanh\u00e3. No s\u00e1bado \u00e0 noite, o Ter\u00e7o na Bas\u00edlica de Santa Maria Maior ser\u00e1 realizado no adro da bas\u00edlica, e n\u00e3o em seu interior, para permitir a cerim\u00f4nia de sepultamento, que ser\u00e1 privada e n\u00e3o ser\u00e1 transmitida ao vivo. No entanto, o trajeto do f\u00e9retro do Papa desde a Bas\u00edlica de S\u00e3o Pedro at\u00e9 a Bas\u00edlica de Santa Maria Maior poder\u00e1 ser acompanhado ao vivo pelos canais do Vatican Media, com tradu\u00e7\u00e3o em portugu\u00eas.<\/p>\n<p>Os fi\u00e9is poder\u00e3o visitar o t\u00famulo de Francisco na bas\u00edlica mariana j\u00e1 a partir da manh\u00e3 de domingo, 27 de abril. Esta noite, 24\/04, o Ter\u00e7o em Santa Maria Maior ser\u00e1 presidido pelo cardeal Tagle, ex-pr\u00f3-prefeito do Dicast\u00e9rio para a Evangeliza\u00e7\u00e3o, e amanh\u00e3 ser\u00e1 presidido pelo cardeal Pizzaballa, patriarca latino de Jerusal\u00e9m.&nbsp; &nbsp; &nbsp; &nbsp; &nbsp; &nbsp; &nbsp; &nbsp; &nbsp; &nbsp; &nbsp; &nbsp; &nbsp; &nbsp; &nbsp; &nbsp; &nbsp;Foto: Captura de v\u00eddeo\/Youtube<\/p>\n<\/div>\n<div class=\"article__text\">\n<p>Isabella H. de Carvalho &#8211; Cidade do Vaticano\/Vatican News<\/p>\n<\/div>\n","protected":false},"excerpt":{"rendered":"<p>Presentes 113 cardeais e prestaram juramento aqueles que ainda n\u00e3o o haviam feito, conforme previsto pela Universi Dominici Gregis. Foram definidos os nomes de quem far\u00e1 as prega\u00e7\u00f5es: Donato Ogliari, abade de S\u00e3o Paulo, na pr\u00f3xima semana, e o cardeal Cantalamessa no in\u00edcio do Conclave. &nbsp; Cento e treze cardeais participaram da terceira Congrega\u00e7\u00e3o Geral&nbsp;<\/p>\n<p><a class=\"btn btn-style\" href=\"https:\/\/portalcatolico.net\/portal\/terceira-congregacao-dos-cardeais-conversa-sobre-a-igreja-e-o-mundo\/\">Continue Reading<\/a><\/p>\n","protected":false},"author":2,"featured_media":82803,"comment_status":"open","ping_status":"open","sticky":false,"template":"","format":"standard","meta":{"footnotes":""},"categories":[5],"tags":[],"class_list":["post-82802","post","type-post","status-publish","format-standard","has-post-thumbnail","hentry","category-igreja_no_mundo"],"_links":{"self":[{"href":"https:\/\/portalcatolico.net\/portal\/wp-json\/wp\/v2\/posts\/82802","targetHints":{"allow":["GET"]}}],"collection":[{"href":"https:\/\/portalcatolico.net\/portal\/wp-json\/wp\/v2\/posts"}],"about":[{"href":"https:\/\/portalcatolico.net\/portal\/wp-json\/wp\/v2\/types\/post"}],"author":[{"embeddable":true,"href":"https:\/\/portalcatolico.net\/portal\/wp-json\/wp\/v2\/users\/2"}],"replies":[{"embeddable":true,"href":"https:\/\/portalcatolico.net\/portal\/wp-json\/wp\/v2\/comments?post=82802"}],"version-history":[{"count":1,"href":"https:\/\/portalcatolico.net\/portal\/wp-json\/wp\/v2\/posts\/82802\/revisions"}],"predecessor-version":[{"id":82804,"href":"https:\/\/portalcatolico.net\/portal\/wp-json\/wp\/v2\/posts\/82802\/revisions\/82804"}],"wp:featuredmedia":[{"embeddable":true,"href":"https:\/\/portalcatolico.net\/portal\/wp-json\/wp\/v2\/media\/82803"}],"wp:attachment":[{"href":"https:\/\/portalcatolico.net\/portal\/wp-json\/wp\/v2\/media?parent=82802"}],"wp:term":[{"taxonomy":"category","embeddable":true,"href":"https:\/\/portalcatolico.net\/portal\/wp-json\/wp\/v2\/categories?post=82802"},{"taxonomy":"post_tag","embeddable":true,"href":"https:\/\/portalcatolico.net\/portal\/wp-json\/wp\/v2\/tags?post=82802"}],"curies":[{"name":"wp","href":"https:\/\/api.w.org\/{rel}","templated":true}]}}