{"id":82194,"date":"2025-02-26T20:01:39","date_gmt":"2025-02-26T23:01:39","guid":{"rendered":"http:\/\/portalcatolico.net\/portal\/?p=82194"},"modified":"2025-02-26T20:01:53","modified_gmt":"2025-02-26T23:01:53","slug":"diocese-de-itabuna-anuncia-programacao-do-mutirao-de-confissoes-2025-confira","status":"publish","type":"post","link":"https:\/\/portalcatolico.net\/portal\/diocese-de-itabuna-anuncia-programacao-do-mutirao-de-confissoes-2025-confira\/","title":{"rendered":"Diocese de Itabuna anuncia programa\u00e7\u00e3o do Mutir\u00e3o de Confiss\u00f5es 2025. Confira!"},"content":{"rendered":"<p>A Diocese de Itabuna divulgou nesta quinta-feira (13\/02), a programa\u00e7\u00e3o do Mutir\u00e3o de Confiss\u00f5es 2025. O evento acontecer\u00e1 em v\u00e1rias par\u00f3quias da regi\u00e3o, nos dias 6, 7, 21, 25, 26, 28 de mar\u00e7o e 1, 2 e 3 de abril.<\/p>\n<div dir=\"auto\"><strong>Confira a programa\u00e7\u00e3o completa:<\/strong><\/div>\n<div dir=\"auto\">&nbsp;<\/div>\n<div dir=\"auto\">06\/03: Par\u00f3quias Santa Maria Madalena e Nossa Senhora da Concei\u00e7\u00e3o (Ferradas)<\/div>\n<div dir=\"auto\">&nbsp;<\/div>\n<div dir=\"auto\">07\/03: Par\u00f3quias Santo Ant\u00f3nio e Catedral de S\u00e3o Jos\u00e9<\/div>\n<div dir=\"auto\">&nbsp;<\/div>\n<div dir=\"auto\">21\/03: Par\u00f3quias Senhor do Bonfim e Nossa Senhora de F\u00e1tima<\/div>\n<div dir=\"auto\">&nbsp;<\/div>\n<div dir=\"auto\">25\/03: Par\u00f3quias Nossa Senhora das Vit\u00f3rias e Nossa Senhora das Gra\u00e7as<\/div>\n<div dir=\"auto\">&nbsp;<\/div>\n<div dir=\"auto\">26\/03: Par\u00f3quias Santa In\u00eas e Santa Maria Goretti<\/div>\n<div dir=\"auto\">&nbsp;<\/div>\n<div dir=\"auto\">28\/03: Par\u00f3quias Nossa Senhora Aparecida e Nossa Senhora da Piedade<\/div>\n<div dir=\"auto\">&nbsp;<\/div>\n<div dir=\"auto\">01\/04: Par\u00f3quia Nossa Senhora da Concei\u00e7\u00e3o (Centro)<\/div>\n<div dir=\"auto\">&nbsp;<\/div>\n<div dir=\"auto\">02\/04: Par\u00f3quia Santa Rita<\/div>\n<div dir=\"auto\">&nbsp;<\/div>\n<div dir=\"auto\">03\/04: Par\u00f3quia S\u00e3o Judas Tadeu<\/div>\n<div dir=\"auto\">&nbsp;<\/div>\n<div dir=\"auto\">Cada par\u00f3quia contar\u00e1 com a presen\u00e7a de v\u00e1rios padres, que estar\u00e3o dispon\u00edveis para confiss\u00f5es e orienta\u00e7\u00f5es espirituais.<\/div>\n<div dir=\"auto\">&nbsp;<\/div>\n<p>N\u00e3o perca essa oportunidade de renovar sua f\u00e9 e encontrar paz espiritual!<\/p>\n","protected":false},"excerpt":{"rendered":"<p>A Diocese de Itabuna divulgou nesta quinta-feira (13\/02), a programa\u00e7\u00e3o do Mutir\u00e3o de Confiss\u00f5es 2025. O evento acontecer\u00e1 em v\u00e1rias par\u00f3quias da regi\u00e3o, nos dias 6, 7, 21, 25, 26, 28 de mar\u00e7o e 1, 2 e 3 de abril. Confira a programa\u00e7\u00e3o completa: &nbsp; 06\/03: Par\u00f3quias Santa Maria Madalena e Nossa Senhora da Concei\u00e7\u00e3o&nbsp;<\/p>\n<p><a class=\"btn btn-style\" href=\"https:\/\/portalcatolico.net\/portal\/diocese-de-itabuna-anuncia-programacao-do-mutirao-de-confissoes-2025-confira\/\">Continue Reading<\/a><\/p>\n","protected":false},"author":2,"featured_media":77484,"comment_status":"open","ping_status":"open","sticky":false,"template":"","format":"standard","meta":{"footnotes":""},"categories":[1],"tags":[],"class_list":["post-82194","post","type-post","status-publish","format-standard","has-post-thumbnail","hentry","category-agenda"],"_links":{"self":[{"href":"https:\/\/portalcatolico.net\/portal\/wp-json\/wp\/v2\/posts\/82194","targetHints":{"allow":["GET"]}}],"collection":[{"href":"https:\/\/portalcatolico.net\/portal\/wp-json\/wp\/v2\/posts"}],"about":[{"href":"https:\/\/portalcatolico.net\/portal\/wp-json\/wp\/v2\/types\/post"}],"author":[{"embeddable":true,"href":"https:\/\/portalcatolico.net\/portal\/wp-json\/wp\/v2\/users\/2"}],"replies":[{"embeddable":true,"href":"https:\/\/portalcatolico.net\/portal\/wp-json\/wp\/v2\/comments?post=82194"}],"version-history":[{"count":2,"href":"https:\/\/portalcatolico.net\/portal\/wp-json\/wp\/v2\/posts\/82194\/revisions"}],"predecessor-version":[{"id":82196,"href":"https:\/\/portalcatolico.net\/portal\/wp-json\/wp\/v2\/posts\/82194\/revisions\/82196"}],"wp:featuredmedia":[{"embeddable":true,"href":"https:\/\/portalcatolico.net\/portal\/wp-json\/wp\/v2\/media\/77484"}],"wp:attachment":[{"href":"https:\/\/portalcatolico.net\/portal\/wp-json\/wp\/v2\/media?parent=82194"}],"wp:term":[{"taxonomy":"category","embeddable":true,"href":"https:\/\/portalcatolico.net\/portal\/wp-json\/wp\/v2\/categories?post=82194"},{"taxonomy":"post_tag","embeddable":true,"href":"https:\/\/portalcatolico.net\/portal\/wp-json\/wp\/v2\/tags?post=82194"}],"curies":[{"name":"wp","href":"https:\/\/api.w.org\/{rel}","templated":true}]}}