{"id":82183,"date":"2025-02-27T00:40:11","date_gmt":"2025-02-27T03:40:11","guid":{"rendered":"http:\/\/portalcatolico.net\/portal\/?p=82183"},"modified":"2025-02-26T19:40:36","modified_gmt":"2025-02-26T22:40:36","slug":"diocese-de-itabuna-celebra-posse-canonica-de-dom-jailton-lino-novo-bispo-eleito-pelo-papa-francisco","status":"publish","type":"post","link":"https:\/\/portalcatolico.net\/portal\/diocese-de-itabuna-celebra-posse-canonica-de-dom-jailton-lino-novo-bispo-eleito-pelo-papa-francisco\/","title":{"rendered":"Diocese de Itabuna celebra posse can\u00f4nica de Dom Jailton Lino, novo bispo eleito pelo Papa Francisco"},"content":{"rendered":"<div dir=\"auto\">A Diocese de Itabuna, na Bahia, convida toda a comunidade cat\u00f3lica para um momento hist\u00f3rico: a Celebra\u00e7\u00e3o Eucar\u00edstica e posse can\u00f4nica de Dom Jailton de Oliveira Lino, PSDP, eleito pelo Papa Francisco como novo Bispo da Igreja Diocesana. O evento ser\u00e1 realizado no dia 5 de abril, \u00e0s 17h, na Catedral de S\u00e3o Jos\u00e9, localizada no centro da cidade. &nbsp;<\/div>\n<p>Dom Jailton assume o pastoreio da diocese com a miss\u00e3o de guiar e fortalecer a f\u00e9 do povo de Deus na regi\u00e3o. A cerim\u00f4nia marca um novo cap\u00edtulo para a comunidade cat\u00f3lica de Itabuna, que ter\u00e1 a oportunidade de receber e acolher seu novo l\u00edder espiritual. Todos est\u00e3o convidados a participar deste momento de alegria e renova\u00e7\u00e3o.<\/p>\n","protected":false},"excerpt":{"rendered":"<p>A Diocese de Itabuna, na Bahia, convida toda a comunidade cat\u00f3lica para um momento hist\u00f3rico: a Celebra\u00e7\u00e3o Eucar\u00edstica e posse can\u00f4nica de Dom Jailton de Oliveira Lino, PSDP, eleito pelo Papa Francisco como novo Bispo da Igreja Diocesana. O evento ser\u00e1 realizado no dia 5 de abril, \u00e0s 17h, na Catedral de S\u00e3o Jos\u00e9, localizada&nbsp;<\/p>\n<p><a class=\"btn btn-style\" href=\"https:\/\/portalcatolico.net\/portal\/diocese-de-itabuna-celebra-posse-canonica-de-dom-jailton-lino-novo-bispo-eleito-pelo-papa-francisco\/\">Continue Reading<\/a><\/p>\n","protected":false},"author":2,"featured_media":82184,"comment_status":"open","ping_status":"open","sticky":false,"template":"","format":"standard","meta":{"footnotes":""},"categories":[1],"tags":[],"class_list":["post-82183","post","type-post","status-publish","format-standard","has-post-thumbnail","hentry","category-agenda"],"_links":{"self":[{"href":"https:\/\/portalcatolico.net\/portal\/wp-json\/wp\/v2\/posts\/82183","targetHints":{"allow":["GET"]}}],"collection":[{"href":"https:\/\/portalcatolico.net\/portal\/wp-json\/wp\/v2\/posts"}],"about":[{"href":"https:\/\/portalcatolico.net\/portal\/wp-json\/wp\/v2\/types\/post"}],"author":[{"embeddable":true,"href":"https:\/\/portalcatolico.net\/portal\/wp-json\/wp\/v2\/users\/2"}],"replies":[{"embeddable":true,"href":"https:\/\/portalcatolico.net\/portal\/wp-json\/wp\/v2\/comments?post=82183"}],"version-history":[{"count":1,"href":"https:\/\/portalcatolico.net\/portal\/wp-json\/wp\/v2\/posts\/82183\/revisions"}],"predecessor-version":[{"id":82185,"href":"https:\/\/portalcatolico.net\/portal\/wp-json\/wp\/v2\/posts\/82183\/revisions\/82185"}],"wp:featuredmedia":[{"embeddable":true,"href":"https:\/\/portalcatolico.net\/portal\/wp-json\/wp\/v2\/media\/82184"}],"wp:attachment":[{"href":"https:\/\/portalcatolico.net\/portal\/wp-json\/wp\/v2\/media?parent=82183"}],"wp:term":[{"taxonomy":"category","embeddable":true,"href":"https:\/\/portalcatolico.net\/portal\/wp-json\/wp\/v2\/categories?post=82183"},{"taxonomy":"post_tag","embeddable":true,"href":"https:\/\/portalcatolico.net\/portal\/wp-json\/wp\/v2\/tags?post=82183"}],"curies":[{"name":"wp","href":"https:\/\/api.w.org\/{rel}","templated":true}]}}