{"id":82163,"date":"2025-02-24T20:30:27","date_gmt":"2025-02-24T23:30:27","guid":{"rendered":"http:\/\/portalcatolico.net\/portal\/?p=82163"},"modified":"2025-02-24T20:30:44","modified_gmt":"2025-02-24T23:30:44","slug":"fieis-se-unem-em-oracao-em-frente-ao-hospital-gemelli-pela-pronta-recuperacao-do-papa-francisco","status":"publish","type":"post","link":"https:\/\/portalcatolico.net\/portal\/fieis-se-unem-em-oracao-em-frente-ao-hospital-gemelli-pela-pronta-recuperacao-do-papa-francisco\/","title":{"rendered":"Fi\u00e9is se unem em ora\u00e7\u00e3o, em frente ao hospital Gemelli, pela pronta recupera\u00e7\u00e3o do Papa Francisco"},"content":{"rendered":"<div class=\"elementor-element elementor-element-3a087bd2 elementor-widget elementor-widget-theme-post-content\" data-id=\"3a087bd2\" data-element_type=\"widget\" data-widget_type=\"theme-post-content.default\">\n<div class=\"elementor-widget-container\">\n<p><strong>Roma, It\u00e1lia<\/strong>&nbsp;\u2013 Em um ato de f\u00e9 e solidariedade, um grupo de fi\u00e9is se reuniu em frente ao Hospital Gemelli, em Roma, para ora\u00e7\u00e3o do ter\u00e7o. A iniciativa de alguns alunos da Pontif\u00edcia Universidade Santo Tom\u00e1s de Aquino \u2013 Angelicum, teve como objetivo unir cat\u00f3licos de diferentes nacionalidades em um momento de intercess\u00e3o pelos doentes e pelo Santo Padre, que se encontra internado na unidade m\u00e9dica.<\/p>\n<p>O ter\u00e7o, que foi rezado em diversas l\u00ednguas, teve in\u00edcio \u00e0s 17h deste s\u00e1bado, 22, data que a Igreja dedica \u00e0 celebra\u00e7\u00e3o da C\u00e1tedra de S\u00e3o Pedro. Segundo os organizadores, a escolha da data foi uma forma de se unir em ora\u00e7\u00e3o ao Papa Francisco, atual sucessor de S\u00e3o Pedro.<\/p>\n<figure id=\"attachment_977709\" class=\"wp-caption alignleft\" aria-describedby=\"caption-attachment-977709\"><img loading=\"lazy\" decoding=\"async\" class=\"wp-image-977709 size-medium\" src=\"https:\/\/www.cnbb.org.br\/wp-content\/uploads\/2025\/02\/Oracao-pelo-Papa-JP-II-estatua-300x199.jpg\" sizes=\"auto, (max-width: 300px) 100vw, 300px\" srcset=\"https:\/\/www.cnbb.org.br\/wp-content\/uploads\/2025\/02\/Oracao-pelo-Papa-JP-II-estatua-300x200.jpg 300w, https:\/\/www.cnbb.org.br\/wp-content\/uploads\/2025\/02\/Oracao-pelo-Papa-JP-II-estatua-1024x678.jpg 1024w, https:\/\/www.cnbb.org.br\/wp-content\/uploads\/2025\/02\/Oracao-pelo-Papa-JP-II-estatua-768x508.jpg 768w, https:\/\/www.cnbb.org.br\/wp-content\/uploads\/2025\/02\/Oracao-pelo-Papa-JP-II-estatua-1536x1017.jpg 1536w, https:\/\/www.cnbb.org.br\/wp-content\/uploads\/2025\/02\/Oracao-pelo-Papa-JP-II-estatua-500x331.jpg 500w, https:\/\/www.cnbb.org.br\/wp-content\/uploads\/2025\/02\/Oracao-pelo-Papa-JP-II-estatua.jpg 1600w\" alt=\"\" width=\"300\" height=\"199\"><figcaption id=\"caption-attachment-977709\" class=\"wp-caption-text\">Monumento S\u00e3o Jo\u00e3o Paulo II, em frente ao Hospital Gemelli. | Fotos:<\/figcaption><\/figure>\n<p>A cerim\u00f4nia contou com a participa\u00e7\u00e3o de leigos e leigas, religiosos e religiosas, e com a presen\u00e7a dos padres brasileiros do Pontif\u00edcio Col\u00e9gio Pio Brasileiro em Roma.&nbsp;O local escolhido para a realiza\u00e7\u00e3o do ter\u00e7o foi o monumento de S\u00e3o Jo\u00e3o Paulo II, situado em frente ao hospital.<\/p>\n<p>Esta iniciativa reflete o desejo de pronta recupera\u00e7\u00e3o do Papa Francisco por parte da comunidade cat\u00f3lica e destaca o poder da ora\u00e7\u00e3o como uma forma de demonstrar apoio e solidariedade ao l\u00edder da Igreja e aos enfermos do mundo inteiro neste momento de fragilidade.<\/p>\n<p><img loading=\"lazy\" decoding=\"async\" class=\"aligncenter wp-image-977711 size-large\" src=\"https:\/\/www.cnbb.org.br\/wp-content\/uploads\/2025\/02\/Oracao-pelo-Papa-todos-1024x678.jpg\" sizes=\"auto, (max-width: 1024px) 100vw, 1024px\" srcset=\"https:\/\/www.cnbb.org.br\/wp-content\/uploads\/2025\/02\/Oracao-pelo-Papa-todos-1024x678.jpg 1024w, https:\/\/www.cnbb.org.br\/wp-content\/uploads\/2025\/02\/Oracao-pelo-Papa-todos-300x200.jpg 300w, https:\/\/www.cnbb.org.br\/wp-content\/uploads\/2025\/02\/Oracao-pelo-Papa-todos-768x508.jpg 768w, https:\/\/www.cnbb.org.br\/wp-content\/uploads\/2025\/02\/Oracao-pelo-Papa-todos-1536x1017.jpg 1536w, https:\/\/www.cnbb.org.br\/wp-content\/uploads\/2025\/02\/Oracao-pelo-Papa-todos-500x331.jpg 500w, https:\/\/www.cnbb.org.br\/wp-content\/uploads\/2025\/02\/Oracao-pelo-Papa-todos.jpg 1600w\" alt=\"\" width=\"1024\" height=\"678\"><\/p>\n<\/div>\n<\/div>\n<div class=\"elementor-element elementor-element-bb6a5a9 elementor-widget elementor-widget-heading\" data-id=\"bb6a5a9\" data-element_type=\"widget\" data-widget_type=\"heading.default\">\n<div class=\"elementor-widget-container\">\n<p class=\"elementor-heading-title elementor-size-default\"><strong>Fonte: CNBB<\/strong><\/p>\n<\/div>\n<\/div>\n","protected":false},"excerpt":{"rendered":"<p>Roma, It\u00e1lia&nbsp;\u2013 Em um ato de f\u00e9 e solidariedade, um grupo de fi\u00e9is se reuniu em frente ao Hospital Gemelli, em Roma, para ora\u00e7\u00e3o do ter\u00e7o. A iniciativa de alguns alunos da Pontif\u00edcia Universidade Santo Tom\u00e1s de Aquino \u2013 Angelicum, teve como objetivo unir cat\u00f3licos de diferentes nacionalidades em um momento de intercess\u00e3o pelos doentes&nbsp;<\/p>\n<p><a class=\"btn btn-style\" href=\"https:\/\/portalcatolico.net\/portal\/fieis-se-unem-em-oracao-em-frente-ao-hospital-gemelli-pela-pronta-recuperacao-do-papa-francisco\/\">Continue Reading<\/a><\/p>\n","protected":false},"author":2,"featured_media":0,"comment_status":"open","ping_status":"open","sticky":false,"template":"","format":"standard","meta":{"footnotes":""},"categories":[3],"tags":[],"class_list":["post-82163","post","type-post","status-publish","format-standard","hentry","category-noticias_regionais"],"_links":{"self":[{"href":"https:\/\/portalcatolico.net\/portal\/wp-json\/wp\/v2\/posts\/82163","targetHints":{"allow":["GET"]}}],"collection":[{"href":"https:\/\/portalcatolico.net\/portal\/wp-json\/wp\/v2\/posts"}],"about":[{"href":"https:\/\/portalcatolico.net\/portal\/wp-json\/wp\/v2\/types\/post"}],"author":[{"embeddable":true,"href":"https:\/\/portalcatolico.net\/portal\/wp-json\/wp\/v2\/users\/2"}],"replies":[{"embeddable":true,"href":"https:\/\/portalcatolico.net\/portal\/wp-json\/wp\/v2\/comments?post=82163"}],"version-history":[{"count":1,"href":"https:\/\/portalcatolico.net\/portal\/wp-json\/wp\/v2\/posts\/82163\/revisions"}],"predecessor-version":[{"id":82164,"href":"https:\/\/portalcatolico.net\/portal\/wp-json\/wp\/v2\/posts\/82163\/revisions\/82164"}],"wp:attachment":[{"href":"https:\/\/portalcatolico.net\/portal\/wp-json\/wp\/v2\/media?parent=82163"}],"wp:term":[{"taxonomy":"category","embeddable":true,"href":"https:\/\/portalcatolico.net\/portal\/wp-json\/wp\/v2\/categories?post=82163"},{"taxonomy":"post_tag","embeddable":true,"href":"https:\/\/portalcatolico.net\/portal\/wp-json\/wp\/v2\/tags?post=82163"}],"curies":[{"name":"wp","href":"https:\/\/api.w.org\/{rel}","templated":true}]}}