{"id":81995,"date":"2025-01-14T18:11:33","date_gmt":"2025-01-14T21:11:33","guid":{"rendered":"http:\/\/portalcatolico.net\/portal\/?p=81995"},"modified":"2025-01-14T18:11:33","modified_gmt":"2025-01-14T21:11:33","slug":"jubileu-2025-descubra-os-principais-eventos-comemoracoes-e-atividades-que-marcarao-o-ano-santo","status":"publish","type":"post","link":"https:\/\/portalcatolico.net\/portal\/jubileu-2025-descubra-os-principais-eventos-comemoracoes-e-atividades-que-marcarao-o-ano-santo\/","title":{"rendered":"Jubileu 2025: descubra os principais eventos, comemora\u00e7\u00f5es e atividades que marcar\u00e3o o Ano Santo"},"content":{"rendered":"<p>O Jubileu de 2025 promete ser um marco hist\u00f3rico para os fi\u00e9is cat\u00f3licos de todo o mundo. Celebrado a cada 25 anos, a iniciativa re\u00fane milhares de pessoas para um tempo de renova\u00e7\u00e3o espiritual, perd\u00e3o e peregrina\u00e7\u00e3o. O Papa Francisco convocou oficialmente o Jubileu de 2025, com o tema \u201cPeregrinos de Esperan\u00e7a\u201d, para convidar os fi\u00e9is a uma jornada de f\u00e9, ora\u00e7\u00e3o e reconcilia\u00e7\u00e3o. A seguir, destacamos os principais eventos que ocorrer\u00e3o durante esse per\u00edodo de celebra\u00e7\u00e3o.<\/p>\n<p><img loading=\"lazy\" decoding=\"async\" class=\"wp-image-961745 alignleft\" src=\"https:\/\/www.cnbb.org.br\/wp-content\/uploads\/2024\/04\/hino-oficial-do-jubileu-2025-per-e1736864465944-300x166.jpg\" sizes=\"auto, (max-width: 374px) 100vw, 374px\" srcset=\"https:\/\/www.cnbb.org.br\/wp-content\/uploads\/2024\/04\/hino-oficial-do-jubileu-2025-per-e1736864465944-300x166.jpg 300w, https:\/\/www.cnbb.org.br\/wp-content\/uploads\/2024\/04\/hino-oficial-do-jubileu-2025-per-e1736864465944-446x248.jpg 446w, https:\/\/www.cnbb.org.br\/wp-content\/uploads\/2024\/04\/hino-oficial-do-jubileu-2025-per-e1736864465944.jpg 480w\" alt=\"\" width=\"374\" height=\"207\">O Jubileu 2025 come\u00e7ou oficialmente com uma missa de abertura no final de 2024. A cerim\u00f4nia ocorreu em Roma, na Pra\u00e7a de S\u00e3o Pedro, e foi presidida pelo Papa Francisco. Este momento marcou o in\u00edcio de uma jornada de reflex\u00e3o e penit\u00eancia para os cat\u00f3licos ao redor do mundo, sendo a primeira grande oportunidade para os fi\u00e9is participarem do Ano Santo.<\/p>\n<p>Durante o Jubileu, a Igreja Cat\u00f3lica abre as Portas Santas das bas\u00edlicas romanas, como S\u00e3o Pedro, S\u00e3o Jo\u00e3o de Latr\u00e3o, Santa Maria Maior e S\u00e3o Paulo Fora dos Muros. A tradi\u00e7\u00e3o de atravessar a Porta Santa \u00e9 um s\u00edmbolo de penit\u00eancia e renova\u00e7\u00e3o espiritual. Espera-se que milh\u00f5es de peregrinos, de diversas partes do mundo, se desloquem a Roma para atravessar essas portas e receber a indulg\u00eancia plen\u00e1ria, um dos principais objetivos do Jubileu.<\/p>\n<h3><strong>Grandes eventos<\/strong><\/h3>\n<p><strong>Mundo das Comunica\u00e7\u00f5es<\/strong><\/p>\n<p>De 24 a 26 de janeiro ocorrer\u00e1 o primeiro dos 36 grandes eventos do Ano Jubilar, o     \u0327\u0303, que reunir\u00e1 em Roma profissionais da comunica\u00e7\u00e3o de todo o mundo.&nbsp;Espera-se que o evento incorpore uma s\u00e9rie de atividades que reflitam sobre o papel das comunica\u00e7\u00f5es na Igreja e no mundo contempor\u00e2neo.<\/p>\n<p>Foram convocados a participar todos os profissionais do mundo da comunica\u00e7\u00e3o (jornalistas, operadores de m\u00eddia, executivos e editores, membros do Conselho de Administra\u00e7\u00e3o, videomakers, designers gr\u00e1ficos, redatores, rela\u00e7\u00f5es p\u00fablicas, gerentes de m\u00eddia social, t\u00e9cnicos de \u00e1udio e v\u00eddeo, tip\u00f3grafos, cientistas da computa\u00e7\u00e3o, etc.). Do Brasil s\u00e3o esperados que 40 profissionais participem, segundo balan\u00e7o da CNBB.<\/p>\n<p><strong>Encontro com jovens comunicadores profissionais \u2013&nbsp;<\/strong>&nbsp;No \u00e2mbito do Jubileu das Comunica\u00e7\u00f5es haver\u00e1 um encontro, organizado pelo Dicast\u00e9rio para a Comunica\u00e7\u00e3o, do Vaticano, que reunir\u00e1 cerca de 200 jovens representantes das Confer\u00eancias Episcopais, com idades de at\u00e9 35 anos, todos com experi\u00eancia na \u00e1rea de comunica\u00e7\u00e3o e meios digitais. Do Brasil participam representantes da Signis Jovem, Edi\u00e7\u00f5es CNBB, do Movimento Laudato Si\u2019, da Ascom da CNBB, Rede Vida, e membros da reda\u00e7\u00e3o brasileira do Vatican News.<\/p>\n<p><strong>Encontro com os presidentes das Comiss\u00f5es Episcopais e Diretores dos Gabinetes de Comunica\u00e7\u00e3o Social \u2013&nbsp;<\/strong>Foram convidados pelo Dicast\u00e9rio para a Comunica\u00e7\u00e3o, do Vaticano, tamb\u00e9m os presidentes das Comiss\u00f5es Episcopais e Diretores dos Gabinetes de Comunica\u00e7\u00e3o Social para um encontro presencial nos dias 27, 28 e 29 de janeiro. Do Brasil, participam o padre Arnaldo Rodrigues, assessor de Comunica\u00e7\u00e3o da Confer\u00eancia Nacional dos Bispos do Brasil (CNBB) e o bispo de Campo Limpo (SP) e presidente da Comiss\u00e3o Episcopal para a Comunica\u00e7\u00e3o Social da CNBB, dom Valdir Jos\u00e9 de Castro.<\/p>\n<p><strong>For\u00e7as Armadas, Pol\u00edcia e Seguran\u00e7a<\/strong><\/p>\n<p>O&nbsp;<i>Jubileu das For\u00e7as Armadas, Pol\u00edcia e Seguran\u00e7a<\/i>&nbsp;(8 a 9 de fevereiro de 2025) \u00e9 dirigido a todos os membros das for\u00e7as militares e policiais, pol\u00edcias de tr\u00e2nsito, operadores de seguran\u00e7a, veteranos, associa\u00e7\u00f5es militares diversas, academias militares, capelanias e ordinariatos militares.<\/p>\n<p><strong>Di\u00e1conos e o Mundo do Voluntariado<\/strong><\/p>\n<p>O&nbsp;<i>Jubileu dos Di\u00e1conos<\/i>&nbsp;(21-23 de fevereiro de 2025) \u00e9 para todos os di\u00e1conos permanentes, e o&nbsp;<i>Jubileu do Mundo do Voluntariado&nbsp;<\/i>(8-9 de mar\u00e7o de 2025) para os volunt\u00e1rios de cada associa\u00e7\u00e3o, membros de organiza\u00e7\u00f5es sem fins lucrativos, operadores de ONGs e assistentes sociais.<\/p>\n<p><strong>Mission\u00e1rios da Miseric\u00f3rdia e outros<\/strong><\/p>\n<p>O Jubileu dos Mission\u00e1rios da Miseric\u00f3rdia acontece de 28 a 30 de mar\u00e7o. Dele participam os sacerdotes selecionados de todo o mundo que receberam do Papa as suas pr\u00f3prias faculdades de absolver os pecados, que s\u00e3o da estrita compet\u00eancia da S\u00e9 Apost\u00f3lica e de um mandato especial como pregadores durante o Jubileu Extraordin\u00e1rio da Miseric\u00f3rdia de 2016.<\/p>\n<p>O Jubileu dos Enfermos e o Mundo da Sa\u00fade (5-6 de abril de 2025) \u00e9 dirigido a todos os doentes e profissionais ligados ao mundo da sa\u00fade; o Jubileu das Pessoas com Defici\u00eancia (28-29 de abril de 2025) dirigido a todas as pessoas com defici\u00eancia, juntamente com os seus acompanhantes; o Jubileu dos Trabalhadores (1 a 4 de maio de 2025) dirigido a todos os trabalhadores de todas as categorias; o Jubileu dos Empres\u00e1rios (4 a 5 de maio de 2025) e o Jubileu das Bandas Musicais (10 a 11 de maio de 2025) para todos os membros de bandas militares, institucionais, amadoras, folcl\u00f3ricas, de cidades, desportivas, escolares e universit\u00e1rias.<\/p>\n<p>O Jubileu das Irmandades (16-18 de maio de 2025) acontece com os membros pertencentes \u00e0s irmandades religiosas; o Jubileu das Fam\u00edlias, das Crian\u00e7as, dos Av\u00f3s e dos Idosos (30 de maio de 2025 \u2013 1 de junho de 2025), o Jubileu dos Movimentos, Associa\u00e7\u00f5es e novas Comunidades (7 a 8 de junho de 2025) que envolver\u00e1 todos os membros dos movimentos eclesiais, associa\u00e7\u00f5es, novas comunidades e grupos de ora\u00e7\u00e3o.<\/p>\n<p>Entre os eventos, por fim, o Jubileu Santa S\u00e9 (9 de junho de 2025); o Jubileu do Desporto (14-15 de junho de 2025); o Jubileu dos Seminaristas (23-24 de junho de 2025); o Jubileu dos Bispos (25 de junho de 2025); o Jubileu dos Sacerdotes (25-27 de junho de 2025); Jubileu dos Jovens (28 de julho a 3 de agosto);&nbsp;o&nbsp;Jubileu da Consola\u00e7\u00e3o&nbsp;(15 de setembro de 2025), dirigido a todos aqueles que vivem um momento de dor e afli\u00e7\u00e3o, devido a doen\u00e7as, lutos, viol\u00eancias e abusos sofridos.<\/p>\n<p>Ser\u00e3o realizados ainda o&nbsp;Jubileu dos Operadores de Justi\u00e7a&nbsp;(20 de setembro de 2025), destinado \u00e0s pessoas envolvidas no mundo da justi\u00e7a secular, can\u00f4nica e eclesi\u00e1stica; o&nbsp;Jubileu dos Catequistas&nbsp;(26-28 de setembro de 2025); o&nbsp;Jubileu dos Migrantes&nbsp;(4-5 de outubro de 2025); o&nbsp;Jubileu da Vida Consagrada&nbsp;(8-9 de outubro de 2025) que ter\u00e1 como protagonistas todos os religiosos e religiosas, monges e monjas, novi\u00e7os e novi\u00e7as. Al\u00e9m disso, o&nbsp;Jubileu da Espiritualidade Mariana&nbsp;(11-12 de outubro de 2025) para todos os membros dos movimentos marianos, irmandades e diversos grupos de ora\u00e7\u00e3o. Finalmente, o&nbsp;Jubileu dos Coros&nbsp;(21-23 de novembro de 2025) e o&nbsp;Jubileu dos Reclusos&nbsp;(14 de dezembro de 2025).<\/p>\n<p><strong>Encontro Mundial das Fam\u00edlias<\/strong><\/p>\n<p>Um dos eventos mais esperados dentro do Jubileu 2025 ser\u00e1 o Encontro Mundial das Fam\u00edlias, que ocorrer\u00e1 em Roma no m\u00eas de junho. O Papa Francisco j\u00e1 anunciou a realiza\u00e7\u00e3o de uma grande celebra\u00e7\u00e3o para reunir fam\u00edlias de todas as partes do mundo, com \u00eanfase em fortalecer os la\u00e7os familiares e promover a reflex\u00e3o sobre os desafios contempor\u00e2neos enfrentados pelas fam\u00edlias cat\u00f3licas. O evento ser\u00e1 uma oportunidade para renovar a import\u00e2ncia da fam\u00edlia no contexto da Igreja e da sociedade.<\/p>\n<p><strong>Congresso Internacional de Teologia e Espiritualidade<\/strong><\/p>\n<p>A teologia e a espiritualidade ter\u00e3o destaque no Jubileu de 2025 com o Congresso Internacional que reunir\u00e1 estudiosos e te\u00f3logos de todo o mundo. O objetivo do congresso ser\u00e1 refletir sobre a miseric\u00f3rdia divina, o perd\u00e3o e a fraternidade, temas centrais do Ano Santo. Esse evento ser\u00e1 uma plataforma para discuss\u00f5es teol\u00f3gicas profundas, al\u00e9m de ser uma oportunidade para compartilhar e aprofundar o conhecimento da f\u00e9 cat\u00f3lica.<\/p>\n<p><strong>Celebra\u00e7\u00e3o de V\u00e9speras e Missas Solenes<\/strong><\/p>\n<p>Durante o Jubileu, ser\u00e3o celebradas diversas missas solenes e v\u00e9speras especiais em v\u00e1rias cidades ao redor do mundo, com uma concentra\u00e7\u00e3o particular em Roma. O Papa Francisco e outros l\u00edderes eclesi\u00e1sticos liderar\u00e3o estas celebra\u00e7\u00f5es, que ser\u00e3o marcadas por momentos de ora\u00e7\u00e3o, c\u00e2nticos e prega\u00e7\u00f5es que enfatizam os temas de perd\u00e3o e esperan\u00e7a.<\/p>\n<p><strong>Beatifica\u00e7\u00e3o de Novos Santos<\/strong><\/p>\n<p>Dentro do contexto do Jubileu, tamb\u00e9m s\u00e3o esperados novos passos na canoniza\u00e7\u00e3o de santos e beatos. Como j\u00e1 ocorreu em edi\u00e7\u00f5es anteriores, o Papa Francisco pode anunciar a beatifica\u00e7\u00e3o de novos m\u00e1rtires e santos, que servir\u00e3o como exemplos de vida crist\u00e3 e inspira\u00e7\u00e3o para os fi\u00e9is. A cerim\u00f4nia de beatifica\u00e7\u00e3o ser\u00e1 um dos momentos de grande j\u00fabilo e reflex\u00e3o.<\/p>\n<p><strong>Encerramento do Jubileu<\/strong><\/p>\n<p>O Jubileu de 2025 ser\u00e1 encerrado, em dezembro, com uma grande missa de agradecimento na Pra\u00e7a de S\u00e3o Pedro, presidida pelo Papa Francisco. Durante a cerim\u00f4nia, haver\u00e1 um momento de renova\u00e7\u00e3o dos compromissos espirituais e de renova\u00e7\u00e3o do compromisso com a miss\u00e3o da Igreja no mundo. Este evento simb\u00f3lico marcar\u00e1 o fechamento do Ano Santo e o in\u00edcio de um novo ciclo de f\u00e9.<\/p>\n<p><strong>Conhe\u00e7a o site oficial do Jubileu:<\/strong>&nbsp;<a href=\"https:\/\/www.iubilaeum2025.va\/it.html\" target=\"_blank\" rel=\"noopener\">Giubileo 2025<\/a><\/p>\n<pre>Com informa\u00e7\u00f5es do Vatican News<\/pre>\n","protected":false},"excerpt":{"rendered":"<p>O Jubileu de 2025 promete ser um marco hist\u00f3rico para os fi\u00e9is cat\u00f3licos de todo o mundo. Celebrado a cada 25 anos, a iniciativa re\u00fane milhares de pessoas para um tempo de renova\u00e7\u00e3o espiritual, perd\u00e3o e peregrina\u00e7\u00e3o. O Papa Francisco convocou oficialmente o Jubileu de 2025, com o tema \u201cPeregrinos de Esperan\u00e7a\u201d, para convidar os&nbsp;<\/p>\n<p><a class=\"btn btn-style\" href=\"https:\/\/portalcatolico.net\/portal\/jubileu-2025-descubra-os-principais-eventos-comemoracoes-e-atividades-que-marcarao-o-ano-santo\/\">Continue Reading<\/a><\/p>\n","protected":false},"author":2,"featured_media":81996,"comment_status":"open","ping_status":"open","sticky":false,"template":"","format":"standard","meta":{"footnotes":""},"categories":[5],"tags":[],"class_list":["post-81995","post","type-post","status-publish","format-standard","has-post-thumbnail","hentry","category-igreja_no_mundo"],"_links":{"self":[{"href":"https:\/\/portalcatolico.net\/portal\/wp-json\/wp\/v2\/posts\/81995","targetHints":{"allow":["GET"]}}],"collection":[{"href":"https:\/\/portalcatolico.net\/portal\/wp-json\/wp\/v2\/posts"}],"about":[{"href":"https:\/\/portalcatolico.net\/portal\/wp-json\/wp\/v2\/types\/post"}],"author":[{"embeddable":true,"href":"https:\/\/portalcatolico.net\/portal\/wp-json\/wp\/v2\/users\/2"}],"replies":[{"embeddable":true,"href":"https:\/\/portalcatolico.net\/portal\/wp-json\/wp\/v2\/comments?post=81995"}],"version-history":[{"count":1,"href":"https:\/\/portalcatolico.net\/portal\/wp-json\/wp\/v2\/posts\/81995\/revisions"}],"predecessor-version":[{"id":81997,"href":"https:\/\/portalcatolico.net\/portal\/wp-json\/wp\/v2\/posts\/81995\/revisions\/81997"}],"wp:featuredmedia":[{"embeddable":true,"href":"https:\/\/portalcatolico.net\/portal\/wp-json\/wp\/v2\/media\/81996"}],"wp:attachment":[{"href":"https:\/\/portalcatolico.net\/portal\/wp-json\/wp\/v2\/media?parent=81995"}],"wp:term":[{"taxonomy":"category","embeddable":true,"href":"https:\/\/portalcatolico.net\/portal\/wp-json\/wp\/v2\/categories?post=81995"},{"taxonomy":"post_tag","embeddable":true,"href":"https:\/\/portalcatolico.net\/portal\/wp-json\/wp\/v2\/tags?post=81995"}],"curies":[{"name":"wp","href":"https:\/\/api.w.org\/{rel}","templated":true}]}}