{"id":81987,"date":"2025-01-13T19:36:08","date_gmt":"2025-01-13T22:36:08","guid":{"rendered":"http:\/\/portalcatolico.net\/portal\/?p=81987"},"modified":"2025-01-13T19:36:08","modified_gmt":"2025-01-13T22:36:08","slug":"inscricoes-para-a-17a-romaria-do-terco-dos-homens-continuam-abertas","status":"publish","type":"post","link":"https:\/\/portalcatolico.net\/portal\/inscricoes-para-a-17a-romaria-do-terco-dos-homens-continuam-abertas\/","title":{"rendered":"Inscri\u00e7\u00f5es para a 17\u00aa Romaria do Ter\u00e7o dos Homens continuam abertas"},"content":{"rendered":"<table border=\"0\" width=\"100%\" cellspacing=\"0\" cellpadding=\"0\">\n<tbody>\n<tr>\n<td class=\"v1ip-text-block\" align=\"left\">\n<div>\n<p class=\"v1ql-align-center\"><strong>Inscri\u00e7\u00f5es para a 17\u00aa Romaria do Ter\u00e7o dos Homens continuam abertas<\/strong><\/p>\n<\/div>\n<\/td>\n<\/tr>\n<tr>\n<td class=\"v1ip-text-block\" align=\"left\">\n<div>\n<p class=\"v1ql-align-center\"><em>Peregrinos<\/em><em>&nbsp;<\/em><em>\u00e9 a maior romaria acolhida pelo Santu\u00e1rio Nacional<\/em><\/p>\n<\/div>\n<\/td>\n<\/tr>\n<tr>\n<td class=\"v1ip-text-block\" align=\"left\">\n<div>\n<p><em>Por Carla Moura<\/em><\/p>\n<\/div>\n<\/td>\n<\/tr>\n<tr>\n<td class=\"v1ip-text-block\" align=\"left\">\n<div>\n<p class=\"v1ql-align-justify\">O&nbsp;<strong>Santu\u00e1rio Nacional<\/strong>&nbsp;est\u00e1 em contagem regressiva para a<strong>&nbsp;Romaria do Ter\u00e7o dos Homens<\/strong>, que neste ano acontece de 14 a 16 de fevereiro. Em comunh\u00e3o com o&nbsp;<strong>Ano Jubilar<\/strong>, convocado pelo Papa e vivido por toda a Igreja, a peregrina\u00e7\u00e3o ser\u00e1 conduzida pelo tema central &#8220;<em>Ter\u00e7o dos Homens: somos peregrinos da esperan\u00e7a&#8221;&nbsp;<\/em>e o lema: &#8220;<em>Fortes na f\u00e9, alegres na esperan\u00e7a&#8221; (Romanos 12,12).<\/em><\/p>\n<p class=\"v1ql-align-justify\">A cada ano, aumenta o n\u00famero de grupos de homens que se organizam para participar na &#8220;Casa da M\u00e3e Aparecida&#8221; deste momento de f\u00e9 e ora\u00e7\u00e3o. Em 2024, mais de 80 mil homens estiveram presentes na Romaria.<\/p>\n<p class=\"v1ql-align-justify\">Para que o&nbsp;<strong>Santu\u00e1rio Nacional<\/strong>&nbsp;possa melhor acolher os participantes deste movimento \u00e9 importante que os coordenadores dos grupos dos&nbsp;<strong>Ter\u00e7os dos Homens<\/strong>&nbsp;fa\u00e7am a inscri\u00e7\u00e3o pelo portal&nbsp;<a href=\"https:\/\/click.cse360.com.br\/Click\/AddCampaignEmailClick\/d2431736-4f72-4c19-9e51-08dd299c0354\/https%253a%252f%252fwww.a12.com%252ftercodoshomens\/32f4e68c-2852-4f93-8dbe-d764bcb0026b\/contato@portalcatolico.net\/False\" target=\"_blank\" rel=\"noopener noreferrer\">https:\/\/www.a12.com\/tercodoshomens<\/a>.<\/p>\n<p class=\"v1ql-align-justify\">O objetivo da inscri\u00e7\u00e3o \u00e9 formar o&nbsp;<strong>Cadastro Nacional do Ter\u00e7o dos Homens<\/strong>, al\u00e9m de, tamb\u00e9m atrav\u00e9s da inscri\u00e7\u00e3o, sortear os 50 homens que v\u00e3o rezar o&nbsp;<strong>Ter\u00e7o Solene<\/strong>&nbsp;e a&nbsp;<strong>Consagra\u00e7\u00e3o<\/strong>.<\/p>\n<p class=\"v1ql-align-justify\"><strong>Romaria do Ter\u00e7o dos Homens<\/strong><\/p>\n<p class=\"v1ql-align-justify\">A ideia da<strong>&nbsp;Romaria do Ter\u00e7o dos Homens&nbsp;<\/strong>teve in\u00edcio em 2009, atrav\u00e9s da iniciativa do coordenador de um grupo da cidade de Campestre (MG), em conversa com o Prefeito de Igreja da \u00e9poca, Ir. Jo\u00e3o Batista de Viveiros, C.Ss.R. A&nbsp;<strong>1\u00aa Romaria do Ter\u00e7o dos Homens<\/strong>&nbsp;no<strong>&nbsp;Santu\u00e1rio Nacional<\/strong>&nbsp;aconteceu em maio do mesmo ano e contou a presen\u00e7a de 600 homens.<\/p>\n<p class=\"v1ql-align-justify\">A programa\u00e7\u00e3o da romaria inclui acolhida dos homens, missas, vig\u00edlia, prociss\u00e3o, ora\u00e7\u00e3o do ter\u00e7o, consagra\u00e7\u00e3o e participa\u00e7\u00e3o em programas da TV Aparecida.<\/p>\n<div class=\"v1mj-column-per-100 v1mj-outlook-group-fix v1ip-column\">\n<table border=\"0\" width=\"100%\" cellspacing=\"0\" cellpadding=\"0\">\n<tbody>\n<tr>\n<td>\n<table border=\"0\" width=\"100%\" cellspacing=\"0\" cellpadding=\"0\">\n<tbody>\n<tr>\n<td class=\"v1ip-image-block\" align=\"center\">\n<table border=\"0\" cellspacing=\"0\" cellpadding=\"0\">\n<tbody>\n<tr>\n<td>&nbsp;<\/td>\n<\/tr>\n<\/tbody>\n<\/table>\n<\/td>\n<\/tr>\n<tr>\n<td class=\"v1ip-text-block\" align=\"left\">\n<div class=\"v1mj-column-per-100 v1mj-outlook-group-fix v1ip-column\">\n<table border=\"0\" width=\"100%\" cellspacing=\"0\" cellpadding=\"0\">\n<tbody>\n<tr>\n<td>\n<table border=\"0\" width=\"100%\" cellspacing=\"0\" cellpadding=\"0\">\n<tbody>\n<tr>\n<td class=\"v1ip-image-block\" align=\"center\">\n<table border=\"0\" cellspacing=\"0\" cellpadding=\"0\">\n<tbody>\n<tr>\n<td><img decoding=\"async\" src=\"https:\/\/s3.us-east-1.wasabisys.com\/wasabi.cse360.com.br\/email-editor-files\/441cc957-1397-4a93-0c76-08dce479a64a\/6e565975-61c5-4550-9f0d-0dc893ffd653.jpg\" width=\"584\" height=\"auto\"><\/td>\n<\/tr>\n<\/tbody>\n<\/table>\n<\/td>\n<\/tr>\n<tr>\n<td class=\"v1ip-text-block\" align=\"left\">\n<div>\n<p class=\"v1ql-align-right\">Thiago Leon\/Santu\u00e1rio Nacional<\/p>\n<\/div>\n<\/td>\n<\/tr>\n<\/tbody>\n<\/table>\n<\/td>\n<\/tr>\n<\/tbody>\n<\/table>\n<\/div>\n<\/td>\n<\/tr>\n<\/tbody>\n<\/table>\n<\/td>\n<\/tr>\n<\/tbody>\n<\/table>\n<\/div>\n<\/div>\n<\/td>\n<\/tr>\n<\/tbody>\n<\/table>\n","protected":false},"excerpt":{"rendered":"<p>Inscri\u00e7\u00f5es para a 17\u00aa Romaria do Ter\u00e7o dos Homens continuam abertas Peregrinos&nbsp;\u00e9 a maior romaria acolhida pelo Santu\u00e1rio Nacional Por Carla Moura O&nbsp;Santu\u00e1rio Nacional&nbsp;est\u00e1 em contagem regressiva para a&nbsp;Romaria do Ter\u00e7o dos Homens, que neste ano acontece de 14 a 16 de fevereiro. Em comunh\u00e3o com o&nbsp;Ano Jubilar, convocado pelo Papa e vivido por toda&nbsp;<\/p>\n<p><a class=\"btn btn-style\" href=\"https:\/\/portalcatolico.net\/portal\/inscricoes-para-a-17a-romaria-do-terco-dos-homens-continuam-abertas\/\">Continue Reading<\/a><\/p>\n","protected":false},"author":2,"featured_media":81988,"comment_status":"open","ping_status":"open","sticky":false,"template":"","format":"standard","meta":{"footnotes":""},"categories":[4],"tags":[],"class_list":["post-81987","post","type-post","status-publish","format-standard","has-post-thumbnail","hentry","category-destaques"],"_links":{"self":[{"href":"https:\/\/portalcatolico.net\/portal\/wp-json\/wp\/v2\/posts\/81987","targetHints":{"allow":["GET"]}}],"collection":[{"href":"https:\/\/portalcatolico.net\/portal\/wp-json\/wp\/v2\/posts"}],"about":[{"href":"https:\/\/portalcatolico.net\/portal\/wp-json\/wp\/v2\/types\/post"}],"author":[{"embeddable":true,"href":"https:\/\/portalcatolico.net\/portal\/wp-json\/wp\/v2\/users\/2"}],"replies":[{"embeddable":true,"href":"https:\/\/portalcatolico.net\/portal\/wp-json\/wp\/v2\/comments?post=81987"}],"version-history":[{"count":1,"href":"https:\/\/portalcatolico.net\/portal\/wp-json\/wp\/v2\/posts\/81987\/revisions"}],"predecessor-version":[{"id":81989,"href":"https:\/\/portalcatolico.net\/portal\/wp-json\/wp\/v2\/posts\/81987\/revisions\/81989"}],"wp:featuredmedia":[{"embeddable":true,"href":"https:\/\/portalcatolico.net\/portal\/wp-json\/wp\/v2\/media\/81988"}],"wp:attachment":[{"href":"https:\/\/portalcatolico.net\/portal\/wp-json\/wp\/v2\/media?parent=81987"}],"wp:term":[{"taxonomy":"category","embeddable":true,"href":"https:\/\/portalcatolico.net\/portal\/wp-json\/wp\/v2\/categories?post=81987"},{"taxonomy":"post_tag","embeddable":true,"href":"https:\/\/portalcatolico.net\/portal\/wp-json\/wp\/v2\/tags?post=81987"}],"curies":[{"name":"wp","href":"https:\/\/api.w.org\/{rel}","templated":true}]}}