{"id":81955,"date":"2025-01-02T16:44:43","date_gmt":"2025-01-02T19:44:43","guid":{"rendered":"http:\/\/portalcatolico.net\/portal\/?p=81955"},"modified":"2025-01-02T19:44:56","modified_gmt":"2025-01-02T22:44:56","slug":"jubileu-2025-no-ano-santo-aplicar-as-conclusoes-do-sinodo-nas-dioceses","status":"publish","type":"post","link":"https:\/\/portalcatolico.net\/portal\/jubileu-2025-no-ano-santo-aplicar-as-conclusoes-do-sinodo-nas-dioceses\/","title":{"rendered":"Jubileu 2025: no Ano Santo aplicar as conclus\u00f5es do S\u00ednodo nas dioceses"},"content":{"rendered":"<div class=\"article__subTitle\">O ritmo intenso da vida pastoral durante o Ano Santo de 2025 poder\u00e1 ajudar ao desenvolvimento de um trabalho coletivo de reflex\u00e3o e renova\u00e7\u00e3o das comunidades que inicie ou consolide processos sinodais nas dioceses. Um belo desafio para o Jubileu.<\/div>\n<div>&nbsp;<\/div>\n<div class=\"title__separator\">\n<p>O ano 2024 entrega para o futuro a marca profunda que o S\u00ednodo deixou em todos os que viveram intensamente o processo. Foram tr\u00eas anos de caminho em conjunto (2021-2024), num movimento que envolveu milh\u00f5es de pessoas em todo o mundo.<\/p>\n<p><strong>No Jubileu iniciar processos sinodais<\/strong><\/p>\n<p>O fruto desse caminho s\u00e3o as conclus\u00f5es condensadas no Documento Final do S\u00ednodo publicado no dia 26 de outubro de 2024 e que foi aprovado nos seus 155 pontos.<\/p>\n<p>Com o tema \u201cPor uma Igreja sinodal: participa\u00e7\u00e3o, comunh\u00e3o e miss\u00e3o\u201d, na segunda e \u00faltima sess\u00e3o da XVI Assembleia Geral do S\u00ednodo dos bispos em Roma participaram 368 membros com direito a voto, dos quais 272 eram bispos. E \u00e0 imagem do que aconteceu na primeira sess\u00e3o em 2023, mais de 50 votantes foram mulheres, entre religiosas e leigas de v\u00e1rios pa\u00edses.<\/p>\n<p>O tempo agora \u00e9 de rece\u00e7\u00e3o e aplica\u00e7\u00e3o das conclus\u00f5es do S\u00ednodo. O ritmo intenso da vida pastoral durante o Ano Santo de 2025 poder\u00e1 ajudar ao desenvolvimento de um trabalho coletivo de reflex\u00e3o e renova\u00e7\u00e3o das comunidades que inicie ou consolide processos sinodais nas dioceses. Um belo desafio para o Jubileu.<\/p>\n<p>Uma iniciativa que pode ser inspiradora de dinamismos nas dioceses \u00e9 a Assembleia Mundial \u201cP\u00e1rocos pelo S\u00ednodo\u201d que decorreu em Roma de 29 de abril a 2 de maio de 2024 sobre o tema \u201cComo ser uma Igreja local sinodal em miss\u00e3o\u201d.<\/p>\n<p><strong>Voltar \u00e0 fonte que \u00e9 Deus para evitar o clericalismo<\/strong><\/p>\n<p>Participou neste evento o padre Ant\u00f3nio Bacelar, p\u00e1roco na cidade da Maia em Portugal. Para o sacerdote \u201cn\u00e3o h\u00e1 caminho sinodal, sem a cont\u00ednua convers\u00e3o de cada um\u201d. \u201cIrmos \u00e0 fonte e a fonte \u00e9 Deus\u201d, afirma.<\/p>\n<p>\u201cO andamento do S\u00ednodo \u00e9 o andamento da Igreja, porque a Igreja \u00e9 S\u00ednodo e o S\u00ednodo \u00e9 Igreja. Aquilo que partilhei com os colegas que faziam parte do meu grupo \u00e9 que n\u00e3o h\u00e1 Igreja, n\u00e3o h\u00e1 caminho sinodal, sem a cont\u00ednua convers\u00e3o de cada um. Isto \u00e9, sem o irmos \u00e0 fonte e a fonte \u00e9 Deus. No caminho sinodal toca-se algo, que \u00e0s vezes pode ficar distante do nosso quotidiano, \u00e9 que a Igreja \u00e9 de Deus. E este de Deus n\u00e3o \u00e9 um ornamento. \u00c9 aquele que a conduz, que a inspira que a leva. E o caminho sinodal parece-me que traz este fruto: eu vejo sempre este reconduzir-nos \u00e0 fonte e celebrar e construir a Igreja por Aquele que de facto a conduz e que \u00e9 Deus. E isto desdobra-se na hist\u00f3ria, nas culturas diferentes, nas dificuldades que muitas vezes uma Igreja muito em volta da hierarquia e dos padres, pode constituir uma dificuldade. Quando se fala do clericalismo, fala-se da tenta\u00e7\u00e3o por parte dos padres, mas tamb\u00e9m da parte dos leigos. Trata-se de uma convers\u00e3o de mentalidade de que o S\u00ednodo \u00e9 um passo muito importante\u201d, sublinha o padre Ant\u00f3nio Bacelar.<\/p>\n<p><strong>Fazer harmonia na Igreja para que ningu\u00e9m de fora<\/strong><\/p>\n<p>Recordemos que o Papa Francisco disse no seu discurso de encerramento do S\u00ednodo em outubro de 2024 que a pluralidade das diferen\u00e7as encontradas durante o caminho sinodal deve ser vivida em harmonia. Pediu que ningu\u00e9m fique de fora, pois Deus \u00e9 para todos.<\/p>\n<p>\u201cTodos, na esperan\u00e7a de que n\u00e3o falte ningu\u00e9m. Ningu\u00e9m fique de fora! Todos! E a palavra-chave \u00e9 esta: a harmonia, que \u00e9 obra do Esp\u00edrito; a Sua primeira manifesta\u00e7\u00e3o forte, na manh\u00e3 de Pentecostes, \u00e9 harmonizar todas aquelas diferen\u00e7as, todas aquelas l\u00ednguas, todas aquelas coisas\u2026 Harmonia!\u201d, assinalou o Santo Padre.<\/p>\n<p>Francisco apelou a uma Igreja sem muros. \u201cQuanto mal causam os homens e mulheres da Igreja quando erguem muros! N\u00e3o nos devemos comportar como \u2018dispensadores da Gra\u00e7a\u2019 que se apropriam do tesouro, amarrando as m\u00e3os do Deus misericordioso\u201d, referiu o Santo Padre.<\/p>\n<p>O Papa deixou mesmo uma indica\u00e7\u00e3o liter\u00e1ria com a sugest\u00e3o de um poema da escritora francesa Madeleine Delbr\u00eal, \u201ca m\u00edstica das periferias\u201d, sublinhando uma ideia: \u201cacima de tudo, n\u00e3o sejas r\u00edgido\u201d.<\/p>\n<p>O Papa assinalou que a rigidez \u00e9 um pecado que tantas vezes tamb\u00e9m afeta \u201cos cl\u00e9rigos, os consagrados e as consagradas\u201d. Uma chamada de aten\u00e7\u00e3o do Santo Padre para que o Documento Final desta assembleia sinodal seja acolhido com abertura.<\/p>\n<p>Francisco anunciou a sua inten\u00e7\u00e3o de n\u00e3o publicar uma exorta\u00e7\u00e3o apost\u00f3lica, algo que acontece pela primeira vez, mas que est\u00e1 previsto na &nbsp;constitui\u00e7\u00e3o apost\u00f3lica &#8216;Episcopalis Communio&#8217;&nbsp;sobre o S\u00ednodo dos Bispos, publicada em 2018 pelo Papa Francisco.<\/p>\n<p><strong>Palavras e atos na rece\u00e7\u00e3o do Documento nas dioceses<\/strong><\/p>\n<p>Entretanto, Francisco alertou os participantes no S\u00ednodo para a necessidade de tornar acess\u00edvel os conte\u00fados do Documento Final, em especial com o \u201ctestemunho da experi\u00eancia vivida\u201d. \u201cA igreja sinodal para a miss\u00e3o precisa, agora, que as palavras partilhadas sejam acompanhadas de atos\u201d, assinalou o Papa.<\/p>\n<p>Abre-se, assim, um tempo novo no qual, tal como disse o Papa, as palavras partilhadas devem ser acompanhadas por a\u00e7\u00f5es. Ou seja, a rece\u00e7\u00e3o das conclus\u00f5es nas dioceses, que \u00e9 a terceira fase do S\u00ednodo, n\u00e3o dever\u00e1 ficar apenas pela leitura e reflex\u00e3o do Documento Final, mas ser\u00e1 necess\u00e1ria uma refor\u00e7ada criatividade na difus\u00e3o da informa\u00e7\u00e3o produzida nesta sess\u00e3o sinodal.<\/p>\n<p>Destaque especial para o m\u00e9todo sinodal da \u201cConversa\u00e7\u00e3o no Esp\u00edrito\u201d que no n\u00famero 45 do Documento Final ficamos a saber que \u201ca sua pr\u00e1tica tem suscitado alegria, espanto e gratid\u00e3o e tem sido experimentada como um caminho de renova\u00e7\u00e3o que transforma as pessoas, os grupos e a Igreja\u201d, pode-se ler no Documento.<\/p>\n<p><strong>Documento Final faz parte do magist\u00e9rio pontif\u00edcio<\/strong><\/p>\n<p>No passado dia 25 de novembro, o Papa Francisco pronunciou-se atrav\u00e9s de uma Nota de Acompanhamento do Documento Final do S\u00ednodo, afirmando que este tem valor como \u201cmagist\u00e9rio\u201d pontif\u00edcio\u201d. O Santo Padre sublinhou a necessidade da implementa\u00e7\u00e3o do Documento Final do S\u00ednodo nas comunidades cat\u00f3licas.<\/p>\n<p>\u201cO documento final faz parte do magist\u00e9rio ordin\u00e1rio do sucessor de Pedro [o Papa] e, como tal, pe\u00e7o que seja aceite. Ele representa uma forma de exerc\u00edcio do magist\u00e9rio aut\u00eantico do bispo de Roma que tem algumas caracter\u00edsticas novas, mas que, de facto, corresponde ao que tive a oportunidade de apontar em 17 de outubro de 2015, quando afirmei que a sinodalidade \u00e9 a estrutura interpretativa apropriada para entender o minist\u00e9rio hier\u00e1rquico\u201d, pode-se ler na nota.<\/p>\n<p>O discurso a que se refere o Santo Padre foi por ele proferido&nbsp;no 50.\u00ba anivers\u00e1rio da institui\u00e7\u00e3o do S\u00ednodo dos Bispos.<\/p>\n<p>Em Portugal est\u00e1 marcado para o dia 11 de janeiro em F\u00e1tima, por iniciativa da Confer\u00eancia Episcopal Portuguesa, um encontro nacional sobre o S\u00ednodo.(Vatican News)<\/p>\n<p><i>Laudetur Iesus Christus<\/i><\/p>\n<\/div>\n<div class=\"article__text\">\n<p>Rui Saraiva \u2013 Portugal<\/p>\n<\/div>\n","protected":false},"excerpt":{"rendered":"<p>O ritmo intenso da vida pastoral durante o Ano Santo de 2025 poder\u00e1 ajudar ao desenvolvimento de um trabalho coletivo de reflex\u00e3o e renova\u00e7\u00e3o das comunidades que inicie ou consolide processos sinodais nas dioceses. Um belo desafio para o Jubileu. &nbsp; O ano 2024 entrega para o futuro a marca profunda que o S\u00ednodo deixou&nbsp;<\/p>\n<p><a class=\"btn btn-style\" href=\"https:\/\/portalcatolico.net\/portal\/jubileu-2025-no-ano-santo-aplicar-as-conclusoes-do-sinodo-nas-dioceses\/\">Continue Reading<\/a><\/p>\n","protected":false},"author":2,"featured_media":81956,"comment_status":"open","ping_status":"open","sticky":false,"template":"","format":"standard","meta":{"footnotes":""},"categories":[5],"tags":[],"class_list":["post-81955","post","type-post","status-publish","format-standard","has-post-thumbnail","hentry","category-igreja_no_mundo"],"_links":{"self":[{"href":"https:\/\/portalcatolico.net\/portal\/wp-json\/wp\/v2\/posts\/81955","targetHints":{"allow":["GET"]}}],"collection":[{"href":"https:\/\/portalcatolico.net\/portal\/wp-json\/wp\/v2\/posts"}],"about":[{"href":"https:\/\/portalcatolico.net\/portal\/wp-json\/wp\/v2\/types\/post"}],"author":[{"embeddable":true,"href":"https:\/\/portalcatolico.net\/portal\/wp-json\/wp\/v2\/users\/2"}],"replies":[{"embeddable":true,"href":"https:\/\/portalcatolico.net\/portal\/wp-json\/wp\/v2\/comments?post=81955"}],"version-history":[{"count":1,"href":"https:\/\/portalcatolico.net\/portal\/wp-json\/wp\/v2\/posts\/81955\/revisions"}],"predecessor-version":[{"id":81957,"href":"https:\/\/portalcatolico.net\/portal\/wp-json\/wp\/v2\/posts\/81955\/revisions\/81957"}],"wp:featuredmedia":[{"embeddable":true,"href":"https:\/\/portalcatolico.net\/portal\/wp-json\/wp\/v2\/media\/81956"}],"wp:attachment":[{"href":"https:\/\/portalcatolico.net\/portal\/wp-json\/wp\/v2\/media?parent=81955"}],"wp:term":[{"taxonomy":"category","embeddable":true,"href":"https:\/\/portalcatolico.net\/portal\/wp-json\/wp\/v2\/categories?post=81955"},{"taxonomy":"post_tag","embeddable":true,"href":"https:\/\/portalcatolico.net\/portal\/wp-json\/wp\/v2\/tags?post=81955"}],"curies":[{"name":"wp","href":"https:\/\/api.w.org\/{rel}","templated":true}]}}