{"id":81953,"date":"2025-01-03T00:39:38","date_gmt":"2025-01-03T03:39:38","guid":{"rendered":"http:\/\/portalcatolico.net\/portal\/?p=81953"},"modified":"2025-01-02T19:39:53","modified_gmt":"2025-01-02T22:39:53","slug":"participe-do-novenario-e-festa-em-honra-a-santa-ines-em-itabuna-2","status":"publish","type":"post","link":"https:\/\/portalcatolico.net\/portal\/participe-do-novenario-e-festa-em-honra-a-santa-ines-em-itabuna-2\/","title":{"rendered":"Participe do Noven\u00e1rio e Festa em honra a Santa In\u00eas em Itabuna!"},"content":{"rendered":"<div dir=\"auto\">O Noven\u00e1rio da padroeira do bairro Santa In\u00eas em Itabuna (BA) ter\u00e1 in\u00edcio no dia 12\/01\/2025 e seguir\u00e1 at\u00e9 o dia 21 do mesmo m\u00eas,&nbsp;na Igreja Matriz de Santa In\u00eas, e contar\u00e1 com momentos de ora\u00e7\u00e3o, celebra\u00e7\u00f5es e conviv\u00eancia fraterna.&nbsp;<\/div>\n<div dir=\"auto\">Este evento especial \u00e9 uma oportunidade \u00fanica para fortalecer a f\u00e9 e comunh\u00e3o como comunidade crist\u00e3, celebrando a vida e o exemplo de nossa querida padroeira. &nbsp;<\/div>\n<div dir=\"auto\">&nbsp;&#8220;A exemplo de Santa In\u00eas, caminhamos na esperan\u00e7a da f\u00e9.&#8221; Esse tema convida todos os fieis a refletir sobre o testemunho de Santa In\u00eas, que, com coragem e fidelidade, dedicou sua vida a Deus. Assim como ela, os fieis s\u00e3o chamados a viver a esperan\u00e7a e a confian\u00e7a na f\u00e9 que transforma vidas. &nbsp;<\/div>\n","protected":false},"excerpt":{"rendered":"<p>O Noven\u00e1rio da padroeira do bairro Santa In\u00eas em Itabuna (BA) ter\u00e1 in\u00edcio no dia 12\/01\/2025 e seguir\u00e1 at\u00e9 o dia 21 do mesmo m\u00eas,&nbsp;na Igreja Matriz de Santa In\u00eas, e contar\u00e1 com momentos de ora\u00e7\u00e3o, celebra\u00e7\u00f5es e conviv\u00eancia fraterna.&nbsp; Este evento especial \u00e9 uma oportunidade \u00fanica para fortalecer a f\u00e9 e comunh\u00e3o como comunidade&nbsp;<\/p>\n<p><a class=\"btn btn-style\" href=\"https:\/\/portalcatolico.net\/portal\/participe-do-novenario-e-festa-em-honra-a-santa-ines-em-itabuna-2\/\">Continue Reading<\/a><\/p>\n","protected":false},"author":2,"featured_media":62429,"comment_status":"open","ping_status":"open","sticky":false,"template":"","format":"standard","meta":{"footnotes":""},"categories":[1],"tags":[],"class_list":["post-81953","post","type-post","status-publish","format-standard","has-post-thumbnail","hentry","category-agenda"],"_links":{"self":[{"href":"https:\/\/portalcatolico.net\/portal\/wp-json\/wp\/v2\/posts\/81953","targetHints":{"allow":["GET"]}}],"collection":[{"href":"https:\/\/portalcatolico.net\/portal\/wp-json\/wp\/v2\/posts"}],"about":[{"href":"https:\/\/portalcatolico.net\/portal\/wp-json\/wp\/v2\/types\/post"}],"author":[{"embeddable":true,"href":"https:\/\/portalcatolico.net\/portal\/wp-json\/wp\/v2\/users\/2"}],"replies":[{"embeddable":true,"href":"https:\/\/portalcatolico.net\/portal\/wp-json\/wp\/v2\/comments?post=81953"}],"version-history":[{"count":1,"href":"https:\/\/portalcatolico.net\/portal\/wp-json\/wp\/v2\/posts\/81953\/revisions"}],"predecessor-version":[{"id":81954,"href":"https:\/\/portalcatolico.net\/portal\/wp-json\/wp\/v2\/posts\/81953\/revisions\/81954"}],"wp:featuredmedia":[{"embeddable":true,"href":"https:\/\/portalcatolico.net\/portal\/wp-json\/wp\/v2\/media\/62429"}],"wp:attachment":[{"href":"https:\/\/portalcatolico.net\/portal\/wp-json\/wp\/v2\/media?parent=81953"}],"wp:term":[{"taxonomy":"category","embeddable":true,"href":"https:\/\/portalcatolico.net\/portal\/wp-json\/wp\/v2\/categories?post=81953"},{"taxonomy":"post_tag","embeddable":true,"href":"https:\/\/portalcatolico.net\/portal\/wp-json\/wp\/v2\/tags?post=81953"}],"curies":[{"name":"wp","href":"https:\/\/api.w.org\/{rel}","templated":true}]}}