{"id":81947,"date":"2025-01-02T19:32:23","date_gmt":"2025-01-02T22:32:23","guid":{"rendered":"http:\/\/portalcatolico.net\/portal\/?p=81947"},"modified":"2025-01-02T20:02:27","modified_gmt":"2025-01-02T23:02:27","slug":"missa-em-acao-de-gracas-celebra-aniversario-sacerdotal-de-padre-em-itabuna","status":"publish","type":"post","link":"https:\/\/portalcatolico.net\/portal\/missa-em-acao-de-gracas-celebra-aniversario-sacerdotal-de-padre-em-itabuna\/","title":{"rendered":"Missa em A\u00e7\u00e3o de Gra\u00e7as celebra anivers\u00e1rio sacerdotal de padre em Itabuna!"},"content":{"rendered":"<div class=\"v1PlainText\" dir=\"auto\">No dia 05 de Janeiro, \u00e0s 9h, na Igreja Matriz de Santa Rita de C\u00e1ssia, em Itabuna (BA), acontecer\u00e1 uma Missa em A\u00e7\u00e3o de Gra\u00e7as pelos 40 anos da Ordena\u00e7\u00e3o Sacerdotal do Pe. Frei Jos\u00e9 Raimundo da Silva Oliveira.<\/div>\n<div class=\"v1PlainText\" dir=\"auto\">Participe deste momento de f\u00e9 e comunh\u00e3o!<\/div>\n<div dir=\"auto\">&nbsp;<\/div>\n<div dir=\"auto\"><img loading=\"lazy\" decoding=\"async\" class=\"alignnone wp-image-81950\" src=\"http:\/\/portalcatolico.net\/portal\/wp-content\/uploads\/2025\/01\/9ca48eae-da7c-4920-8199-2d390dd82948-240x300.jpg\" alt=\"\" width=\"826\" height=\"1033\" srcset=\"https:\/\/portalcatolico.net\/portal\/wp-content\/uploads\/2025\/01\/9ca48eae-da7c-4920-8199-2d390dd82948-240x300.jpg 240w, https:\/\/portalcatolico.net\/portal\/wp-content\/uploads\/2025\/01\/9ca48eae-da7c-4920-8199-2d390dd82948-768x960.jpg 768w, https:\/\/portalcatolico.net\/portal\/wp-content\/uploads\/2025\/01\/9ca48eae-da7c-4920-8199-2d390dd82948-819x1024.jpg 819w, https:\/\/portalcatolico.net\/portal\/wp-content\/uploads\/2025\/01\/9ca48eae-da7c-4920-8199-2d390dd82948.jpg 1080w\" sizes=\"auto, (max-width: 826px) 100vw, 826px\" \/><\/div>\n","protected":false},"excerpt":{"rendered":"<p>No dia 05 de Janeiro, \u00e0s 9h, na Igreja Matriz de Santa Rita de C\u00e1ssia, em Itabuna (BA), acontecer\u00e1 uma Missa em A\u00e7\u00e3o de Gra\u00e7as pelos 40 anos da Ordena\u00e7\u00e3o Sacerdotal do Pe. Frei Jos\u00e9 Raimundo da Silva Oliveira. Participe deste momento de f\u00e9 e comunh\u00e3o! &nbsp;<\/p>\n","protected":false},"author":2,"featured_media":81952,"comment_status":"open","ping_status":"open","sticky":false,"template":"","format":"standard","meta":{"footnotes":""},"categories":[1],"tags":[],"class_list":["post-81947","post","type-post","status-publish","format-standard","has-post-thumbnail","hentry","category-agenda"],"_links":{"self":[{"href":"https:\/\/portalcatolico.net\/portal\/wp-json\/wp\/v2\/posts\/81947","targetHints":{"allow":["GET"]}}],"collection":[{"href":"https:\/\/portalcatolico.net\/portal\/wp-json\/wp\/v2\/posts"}],"about":[{"href":"https:\/\/portalcatolico.net\/portal\/wp-json\/wp\/v2\/types\/post"}],"author":[{"embeddable":true,"href":"https:\/\/portalcatolico.net\/portal\/wp-json\/wp\/v2\/users\/2"}],"replies":[{"embeddable":true,"href":"https:\/\/portalcatolico.net\/portal\/wp-json\/wp\/v2\/comments?post=81947"}],"version-history":[{"count":4,"href":"https:\/\/portalcatolico.net\/portal\/wp-json\/wp\/v2\/posts\/81947\/revisions"}],"predecessor-version":[{"id":81959,"href":"https:\/\/portalcatolico.net\/portal\/wp-json\/wp\/v2\/posts\/81947\/revisions\/81959"}],"wp:featuredmedia":[{"embeddable":true,"href":"https:\/\/portalcatolico.net\/portal\/wp-json\/wp\/v2\/media\/81952"}],"wp:attachment":[{"href":"https:\/\/portalcatolico.net\/portal\/wp-json\/wp\/v2\/media?parent=81947"}],"wp:term":[{"taxonomy":"category","embeddable":true,"href":"https:\/\/portalcatolico.net\/portal\/wp-json\/wp\/v2\/categories?post=81947"},{"taxonomy":"post_tag","embeddable":true,"href":"https:\/\/portalcatolico.net\/portal\/wp-json\/wp\/v2\/tags?post=81947"}],"curies":[{"name":"wp","href":"https:\/\/api.w.org\/{rel}","templated":true}]}}