{"id":81940,"date":"2024-12-31T21:21:33","date_gmt":"2025-01-01T00:21:33","guid":{"rendered":"http:\/\/portalcatolico.net\/portal\/?p=81940"},"modified":"2024-12-31T21:21:33","modified_gmt":"2025-01-01T00:21:33","slug":"em-mensagem-dom-jailton-convida-para-transformacao-no-ano-jubilar-confira","status":"publish","type":"post","link":"https:\/\/portalcatolico.net\/portal\/em-mensagem-dom-jailton-convida-para-transformacao-no-ano-jubilar-confira\/","title":{"rendered":"Em mensagem, Dom Jailton convida para transforma\u00e7\u00e3o no Ano Jubilar. Confira!"},"content":{"rendered":"<p>&#8220;Quero convidar voc\u00ea a fazer deste ano que se inicia, Ano Jubilar- Peregrinos da Esperan\u00e7a, um marco de transforma\u00e7\u00e3o. Reflita sobre aquilo que precisa ser deixado para tr\u00e1s: m\u00e1goas, orgulho, prepot\u00eancia, divis\u00f5es, sentimentos negativos a respeito de si e dos outros.<\/p>\n<div dir=\"auto\">Pe\u00e7a a Deus um cora\u00e7\u00e3o novo,&nbsp;disposto a perdoar e amar. Olhe ao redor e veja as oportunidades que este Novo ano nos d\u00e1 para sermos luz na vida de quem nos cerca; para amar assim como o Cora\u00e7\u00e3o de Jesus nos ama.&#8221;, disse Dom Jailton de Oliveira Lino, Administrador Apost\u00f3lico da Diocese de Itabuna e Bispo da Diocese de Teixeira de Freitas\/Caravelas.<\/div>\n","protected":false},"excerpt":{"rendered":"<p>&#8220;Quero convidar voc\u00ea a fazer deste ano que se inicia, Ano Jubilar- Peregrinos da Esperan\u00e7a, um marco de transforma\u00e7\u00e3o. Reflita sobre aquilo que precisa ser deixado para tr\u00e1s: m\u00e1goas, orgulho, prepot\u00eancia, divis\u00f5es, sentimentos negativos a respeito de si e dos outros. Pe\u00e7a a Deus um cora\u00e7\u00e3o novo,&nbsp;disposto a perdoar e amar. Olhe ao redor e&nbsp;<\/p>\n<p><a class=\"btn btn-style\" href=\"https:\/\/portalcatolico.net\/portal\/em-mensagem-dom-jailton-convida-para-transformacao-no-ano-jubilar-confira\/\">Continue Reading<\/a><\/p>\n","protected":false},"author":2,"featured_media":81670,"comment_status":"open","ping_status":"open","sticky":false,"template":"","format":"standard","meta":{"footnotes":""},"categories":[4],"tags":[],"class_list":["post-81940","post","type-post","status-publish","format-standard","has-post-thumbnail","hentry","category-destaques"],"_links":{"self":[{"href":"https:\/\/portalcatolico.net\/portal\/wp-json\/wp\/v2\/posts\/81940","targetHints":{"allow":["GET"]}}],"collection":[{"href":"https:\/\/portalcatolico.net\/portal\/wp-json\/wp\/v2\/posts"}],"about":[{"href":"https:\/\/portalcatolico.net\/portal\/wp-json\/wp\/v2\/types\/post"}],"author":[{"embeddable":true,"href":"https:\/\/portalcatolico.net\/portal\/wp-json\/wp\/v2\/users\/2"}],"replies":[{"embeddable":true,"href":"https:\/\/portalcatolico.net\/portal\/wp-json\/wp\/v2\/comments?post=81940"}],"version-history":[{"count":1,"href":"https:\/\/portalcatolico.net\/portal\/wp-json\/wp\/v2\/posts\/81940\/revisions"}],"predecessor-version":[{"id":81941,"href":"https:\/\/portalcatolico.net\/portal\/wp-json\/wp\/v2\/posts\/81940\/revisions\/81941"}],"wp:featuredmedia":[{"embeddable":true,"href":"https:\/\/portalcatolico.net\/portal\/wp-json\/wp\/v2\/media\/81670"}],"wp:attachment":[{"href":"https:\/\/portalcatolico.net\/portal\/wp-json\/wp\/v2\/media?parent=81940"}],"wp:term":[{"taxonomy":"category","embeddable":true,"href":"https:\/\/portalcatolico.net\/portal\/wp-json\/wp\/v2\/categories?post=81940"},{"taxonomy":"post_tag","embeddable":true,"href":"https:\/\/portalcatolico.net\/portal\/wp-json\/wp\/v2\/tags?post=81940"}],"curies":[{"name":"wp","href":"https:\/\/api.w.org\/{rel}","templated":true}]}}