{"id":81936,"date":"2024-12-31T13:32:22","date_gmt":"2024-12-31T16:32:22","guid":{"rendered":"http:\/\/portalcatolico.net\/portal\/?p=81936"},"modified":"2024-12-31T21:39:57","modified_gmt":"2025-01-01T00:39:57","slug":"bispo-da-diocese-de-eunapolis-emite-mensagem-para-vereadores-e-prefeitos-empossados-nos-municipios-da-costa-do-descobrimento-veja-na-integra","status":"publish","type":"post","link":"https:\/\/portalcatolico.net\/portal\/bispo-da-diocese-de-eunapolis-emite-mensagem-para-vereadores-e-prefeitos-empossados-nos-municipios-da-costa-do-descobrimento-veja-na-integra\/","title":{"rendered":"Bispo da Diocese de Eun\u00e1polis (BA) emite mensagem para vereadores e prefeitos empossados nos munic\u00edpios da Costa do Descobrimento. Veja na \u00edntegra!"},"content":{"rendered":"<div dir=\"auto\">&#8220;Em 1532, foi instalada em terras brasileiras a primeira C\u00e2mara Municipal de Vereadores por Martim Afonso de Sousa, na capitania heredit\u00e1ria onde foi fundada a primeira vila brasileira, a Vila de S\u00e3o Vicente, localizada no litoral de S\u00e3o Paulo. Esse fato antecedeu a cria\u00e7\u00e3o do Congresso Nacional e das Assembleias Legislativas. Desde ent\u00e3o, a relev\u00e2ncia dos vereadores como agentes pol\u00edticos tem crescido significativamente no cen\u00e1rio p\u00fablico, sendo hoje reconhecidos como a face acess\u00edvel do espa\u00e7o democr\u00e1tico.<\/div>\n<div dir=\"auto\">Com a promulga\u00e7\u00e3o da Constitui\u00e7\u00e3o Republicana de 1891, o Brasil consolidou o Estado Democr\u00e1tico de Direito, instituindo novos alicerces para a organiza\u00e7\u00e3o politica e administrativa do pa\u00eds. Esse marco hist\u00f3rico foi fundamental para moldar o espa\u00e7o democr\u00e1tico, que passou a incorporar valores essenciais como liberdade, transpar\u00eancia, seguran\u00e7a jur\u00eddica, imparcialidade, equidade e equil\u00edbrio entre os poderes. Esses princ\u00edpios s\u00e3o hoje pilares indispens\u00e1veis ao exerc\u00edcio da cidadania e \u00e0 governan\u00e7a democr\u00e1tica no Brasil.<\/div>\n<div dir=\"auto\">\n<div dir=\"auto\">&nbsp;<\/div>\n<div dir=\"auto\">Os fil\u00f3logos, especialistas no estudo das palavras e de seus significados, nos auxiliam a compreender o sentido mais profundo dos termos para que possamos aplic\u00e1-los com exatid\u00e3o. Sobre o voc\u00e1bulo vereador, afirmam que sua origem remonta ao grego e encontra ra\u00edzes na palavra verea, que significa vereda ou caminho. Assim, o vereador \u00e9 aquele que trilha, orienta e pavimenta os caminhos que conduzem ao bem comum. No portugu\u00eas, destaca-se tamb\u00e9m a exist\u00eancia do verbo verear, que designa o ato de exercer o cargo e as fun\u00e7\u00f5es associadas ao papel de vereador, refor\u00e7ando sua conex\u00e3o com a responsabilidade de zelar pelo progresso e pela justi\u00e7a no \u00e1mbito municipal.<\/div>\n<div dir=\"auto\">&nbsp;<\/div>\n<div dir=\"auto\">O vereador atua como uma ponte de di\u00e1logo entre o governo municipal e a popula\u00e7\u00e3o, conectando as necessidades da comunidade \u00e0s possibilidades de realiza\u00e7\u00e3o. Sua principal miss\u00e3o \u00e9 ouvir as aspira\u00e7\u00f5es dos cidad\u00e3os, transformando-as em pol\u00edticas p\u00fablicas que promovam o bem-estar, a dignidade humana e os direitos fundamentais, como sa\u00fade, educa\u00e7\u00e3o e seguran\u00e7a p\u00fablica. Al\u00e9m disso, cabe ao vereador apresentar essas propostas \u00e0 C\u00e2mara Municipal para discuss\u00e3o e delibera\u00e7\u00e3o, bem como propor e aprovar leis municipais que atendam aos interesses coletivos.<\/div>\n<div dir=\"auto\">&nbsp;<\/div>\n<div dir=\"auto\">O oficio de verear fortalece a democracia. Nesse sentido, o Salmo 19 \u00e9 inspirador ao indicar que \u00e9 na lei do Senhor que encontramos a perfei\u00e7\u00e3o, capaz de confortar a vida e promover o bem dos humildes. Ao mesmo tempo, como legisladores, cuja tarefa \u00e9 extremamente delicada, \u00e9 essencial terem sempre em mente a advert\u00eancia do profeta Isaias: &#8220;Aprendam a fazer o bem; busquem a justi\u00e7a, acabem com a opress\u00e3o. Lutem pelos direitos dos \u00f3rf\u00e3os e defendam a causa das vi\u00favas (dos indefesos)&#8221; (Isa\u00edas 1,17). Al\u00e9m disso, nunca devem perder de vista advert\u00eanciaia de Isa\u00edas 10,1: &#8220;Ai daqueles que decretam leis injustas, dos que escrevem decretos de opress\u00e3o!&#8221; Essas orienta\u00e7\u00f5es b\u00edblicas refor\u00e7am o compromisso \u00e9tico e moral de legislar com justi\u00e7a, equidade e em favor dos mais necessitados.<\/div>\n<div dir=\"auto\">&nbsp;<\/div>\n<div dir=\"auto\">Sa\u00fado cada vereador e vereadora eleitos com esta acolhida, reflex\u00e3o e partilha, relembrando um pouco do que os senhores e senhoras representam e do que a sociedade espera de seus mandatos. Minha experi\u00eancia de vida permite-me dirigir- me aos senhores e senhoras com a serenidade de quem j\u00e1 acompanhou, ao longo do meu pastoreio nesta Diocese de Eun\u00e1polis, diversas legislaturas que marcaram nossas vidas. Durante esse tempo, aprendemos a evitar o que n\u00e3o conv\u00e9m e a promover aquilo que, de fato, gera o bem comum.<\/div>\n<div dir=\"auto\">&nbsp;<\/div>\n<p>Que cada vereador e vereadora eleitos exer\u00e7am o oficio de legislar, fiscalizar, elaborar pol\u00edticas p\u00fablicas e representar os mun\u00edcipes, sempre reconhecendo e valorizando o ser humano em sua dignidade intr\u00ednseca. Com as nossas ora\u00e7\u00f5es e votos para que esta legislatura seja coroada de b\u00ean\u00e7\u00e3os.&#8221;, disse o bispo Dom Jos\u00e9 Edson.<\/p>\n<p><a href=\"http:\/\/portalcatolico.net\/portal\/wp-content\/uploads\/2024\/12\/CamScanner-31-12-2024-16.32.pdf\">Confira :CamScanner 31-12-2024 16.32<\/a><\/p>\n<\/div>\n","protected":false},"excerpt":{"rendered":"<p>&#8220;Em 1532, foi instalada em terras brasileiras a primeira C\u00e2mara Municipal de Vereadores por Martim Afonso de Sousa, na capitania heredit\u00e1ria onde foi fundada a primeira vila brasileira, a Vila de S\u00e3o Vicente, localizada no litoral de S\u00e3o Paulo. Esse fato antecedeu a cria\u00e7\u00e3o do Congresso Nacional e das Assembleias Legislativas. Desde ent\u00e3o, a relev\u00e2ncia&nbsp;<\/p>\n<p><a class=\"btn btn-style\" href=\"https:\/\/portalcatolico.net\/portal\/bispo-da-diocese-de-eunapolis-emite-mensagem-para-vereadores-e-prefeitos-empossados-nos-municipios-da-costa-do-descobrimento-veja-na-integra\/\">Continue Reading<\/a><\/p>\n","protected":false},"author":2,"featured_media":74498,"comment_status":"open","ping_status":"open","sticky":false,"template":"","format":"standard","meta":{"footnotes":""},"categories":[4],"tags":[],"class_list":["post-81936","post","type-post","status-publish","format-standard","has-post-thumbnail","hentry","category-destaques"],"_links":{"self":[{"href":"https:\/\/portalcatolico.net\/portal\/wp-json\/wp\/v2\/posts\/81936","targetHints":{"allow":["GET"]}}],"collection":[{"href":"https:\/\/portalcatolico.net\/portal\/wp-json\/wp\/v2\/posts"}],"about":[{"href":"https:\/\/portalcatolico.net\/portal\/wp-json\/wp\/v2\/types\/post"}],"author":[{"embeddable":true,"href":"https:\/\/portalcatolico.net\/portal\/wp-json\/wp\/v2\/users\/2"}],"replies":[{"embeddable":true,"href":"https:\/\/portalcatolico.net\/portal\/wp-json\/wp\/v2\/comments?post=81936"}],"version-history":[{"count":6,"href":"https:\/\/portalcatolico.net\/portal\/wp-json\/wp\/v2\/posts\/81936\/revisions"}],"predecessor-version":[{"id":81946,"href":"https:\/\/portalcatolico.net\/portal\/wp-json\/wp\/v2\/posts\/81936\/revisions\/81946"}],"wp:featuredmedia":[{"embeddable":true,"href":"https:\/\/portalcatolico.net\/portal\/wp-json\/wp\/v2\/media\/74498"}],"wp:attachment":[{"href":"https:\/\/portalcatolico.net\/portal\/wp-json\/wp\/v2\/media?parent=81936"}],"wp:term":[{"taxonomy":"category","embeddable":true,"href":"https:\/\/portalcatolico.net\/portal\/wp-json\/wp\/v2\/categories?post=81936"},{"taxonomy":"post_tag","embeddable":true,"href":"https:\/\/portalcatolico.net\/portal\/wp-json\/wp\/v2\/tags?post=81936"}],"curies":[{"name":"wp","href":"https:\/\/api.w.org\/{rel}","templated":true}]}}