{"id":81930,"date":"2024-12-30T20:22:21","date_gmt":"2024-12-30T23:22:21","guid":{"rendered":"http:\/\/portalcatolico.net\/portal\/?p=81930"},"modified":"2024-12-30T20:23:52","modified_gmt":"2024-12-30T23:23:52","slug":"diocese-de-teixeira-de-freitas-caravelas-inicia-o-jubileu-peregrinos-da-esperanca","status":"publish","type":"post","link":"https:\/\/portalcatolico.net\/portal\/diocese-de-teixeira-de-freitas-caravelas-inicia-o-jubileu-peregrinos-da-esperanca\/","title":{"rendered":"DIOCESE DE TEIXEIRA DE FREITAS-CARAVELAS INICIA O JUBILEU PEREGRINOS DA ESPERAN\u00c7A"},"content":{"rendered":"<p>Neste domingo, 29 de dezembro, a Diocese de Teixeira de Freitas-Caravelas celebrou um momento marcante em comunh\u00e3o com a Igreja universal: a abertura do Jubileu Peregrinos da Esperan\u00e7a, convocado pelo Papa Francisco. A celebra\u00e7\u00e3o aconteceu em dois momentos distintos, mobilizando os fi\u00e9is nas foranias Santo Ant\u00f4nio, em Caravelas, e S\u00e3o Pedro, em Teixeira de Freitas.<\/p>\n<p><strong>CELEBRA\u00c7\u00d5ES EM CARAVELAS<\/strong><br \/>\nEm Caravelas, a concentra\u00e7\u00e3o teve in\u00edcio \u00e0s 08h30 na Igreja de Santa Efig\u00eania, de onde os fi\u00e9is seguiram em peregrina\u00e7\u00e3o at\u00e9 a Co-Catedral Santo Ant\u00f4nio. Na chegada, \u00e0s 09h, foi celebrada a Santa Missa, reunindo a comunidade local em ora\u00e7\u00e3o e reflex\u00e3o sobre o significado deste ano jubilar.<\/p>\n<p><strong>ABERTURA EM TEIXEIRA DE FREITAS<\/strong><br \/>\nNo per\u00edodo da tarde, \u00e0s 17h, a Par\u00f3quia S\u00e3o Pedro, em Teixeira de Freitas, recebeu os fi\u00e9is para o rito de abertura do Jubileu, presidido pelo bispo da diocese, Dom Jailton de Oliveira Lino. Ap\u00f3s o rito, os participantes seguiram em caminhada at\u00e9 a Catedral S\u00e3o Pedro, onde Dom Jailton presidiu a Santa Missa, concelebrada pelos padres da diocese&#8230;.Continue lendo <a href=\"https:\/\/dioceseteixeiradefreitas.com.br\/?p=23649\"><strong>https:\/\/dioceseteixeiradefreitas.com.br\/?p=23649<\/strong><\/a><\/p>\n<p>Fonte: Diocese de Teixeira de Freitas(BA)<\/p>\n","protected":false},"excerpt":{"rendered":"<p>Neste domingo, 29 de dezembro, a Diocese de Teixeira de Freitas-Caravelas celebrou um momento marcante em comunh\u00e3o com a Igreja universal: a abertura do Jubileu Peregrinos da Esperan\u00e7a, convocado pelo Papa Francisco. A celebra\u00e7\u00e3o aconteceu em dois momentos distintos, mobilizando os fi\u00e9is nas foranias Santo Ant\u00f4nio, em Caravelas, e S\u00e3o Pedro, em Teixeira de Freitas.&nbsp;<\/p>\n<p><a class=\"btn btn-style\" href=\"https:\/\/portalcatolico.net\/portal\/diocese-de-teixeira-de-freitas-caravelas-inicia-o-jubileu-peregrinos-da-esperanca\/\">Continue Reading<\/a><\/p>\n","protected":false},"author":2,"featured_media":81931,"comment_status":"open","ping_status":"open","sticky":false,"template":"","format":"standard","meta":{"footnotes":""},"categories":[4],"tags":[],"class_list":["post-81930","post","type-post","status-publish","format-standard","has-post-thumbnail","hentry","category-destaques"],"_links":{"self":[{"href":"https:\/\/portalcatolico.net\/portal\/wp-json\/wp\/v2\/posts\/81930","targetHints":{"allow":["GET"]}}],"collection":[{"href":"https:\/\/portalcatolico.net\/portal\/wp-json\/wp\/v2\/posts"}],"about":[{"href":"https:\/\/portalcatolico.net\/portal\/wp-json\/wp\/v2\/types\/post"}],"author":[{"embeddable":true,"href":"https:\/\/portalcatolico.net\/portal\/wp-json\/wp\/v2\/users\/2"}],"replies":[{"embeddable":true,"href":"https:\/\/portalcatolico.net\/portal\/wp-json\/wp\/v2\/comments?post=81930"}],"version-history":[{"count":1,"href":"https:\/\/portalcatolico.net\/portal\/wp-json\/wp\/v2\/posts\/81930\/revisions"}],"predecessor-version":[{"id":81932,"href":"https:\/\/portalcatolico.net\/portal\/wp-json\/wp\/v2\/posts\/81930\/revisions\/81932"}],"wp:featuredmedia":[{"embeddable":true,"href":"https:\/\/portalcatolico.net\/portal\/wp-json\/wp\/v2\/media\/81931"}],"wp:attachment":[{"href":"https:\/\/portalcatolico.net\/portal\/wp-json\/wp\/v2\/media?parent=81930"}],"wp:term":[{"taxonomy":"category","embeddable":true,"href":"https:\/\/portalcatolico.net\/portal\/wp-json\/wp\/v2\/categories?post=81930"},{"taxonomy":"post_tag","embeddable":true,"href":"https:\/\/portalcatolico.net\/portal\/wp-json\/wp\/v2\/tags?post=81930"}],"curies":[{"name":"wp","href":"https:\/\/api.w.org\/{rel}","templated":true}]}}