{"id":81733,"date":"2024-12-08T19:38:14","date_gmt":"2024-12-08T22:38:14","guid":{"rendered":"http:\/\/portalcatolico.net\/portal\/?p=81733"},"modified":"2024-12-09T19:38:35","modified_gmt":"2024-12-09T22:38:35","slug":"hoje-a-igreja-celebra-a-solenidade-da-imaculada-conceicao","status":"publish","type":"post","link":"https:\/\/portalcatolico.net\/portal\/hoje-a-igreja-celebra-a-solenidade-da-imaculada-conceicao\/","title":{"rendered":"Hoje a Igreja celebra a solenidade da Imaculada Concei\u00e7\u00e3o"},"content":{"rendered":"<p>Hoje (8), a Igreja celebra a Imaculada Concei\u00e7\u00e3o da Bem-aventurada Virgem Maria, o dogma de f\u00e9 segundo o qual a M\u00e3e do Jesus foi preservada do pecado desde o momento de sua concep\u00e7\u00e3o, ou seja, desde o instante em que come\u00e7ou sua vida humana.<\/p>\n<p>Em 8 de dezembro de 1854, o papa Pio IX, depois de receber in\u00fameros pedidos de bispos e fi\u00e9is de todo o mundo, ante mais de 200 cardeais, bispos, embaixadores e milhares de fi\u00e9is cat\u00f3licos, declarou com sua bula \u201cIneffabilis Deus\u201d:<\/p>\n<p>\u201cA doutrina que sustenta que a beat\u00edssima Virgem Maria, no primeiro instante de sua concei\u00e7\u00e3o, por singular gra\u00e7a e privil\u00e9gio do Deus onipotente, em vista dos m\u00e9ritos de Jesus Cristo, Salvador do g\u00eanero humano, foi preservada imune de toda mancha da culpa original, \u00e9 revelada por Deus e por isso deve ser crida firme e constantemente por todos os fi\u00e9is\u201d.<\/p>\n<p>Em Roma, enviou-se uma grande quantidade de pombas mensageiras em todas as dire\u00e7\u00f5es levando a grande not\u00edcia. E nos 400 mil templos cat\u00f3licos do mundo celebraram-se grandes festas em honra da Imaculada Concei\u00e7\u00e3o da Virgem Maria.<\/p>\n<p>Antes mesmo da publica\u00e7\u00e3o desta bula, em 1830, a Virgem Maria havia aparecido a santa Catarina Labour\u00e9, na Fran\u00e7a, pedindo que se cunhasse uma medalha com a ora\u00e7\u00e3o: \u201c\u00d3 Maria concebida sem pecado, rogai por n\u00f3s que recorremos a v\u00f3s\u201d.<\/p>\n<p>Anos depois da \u201cIneffabilis Deus\u201d, em 1858, em uma de suas apari\u00e7\u00f5es em Lourdes, na Fran\u00e7a, Nossa Senhora se apresentou diante da humilde santa Bernardette Soubirous com estas palavras: \u201cEu sou a Imaculada Concei\u00e7\u00e3o\u201d.<\/p>\n<p>Atualmente s\u00e3o milhares as Igrejas dedicadas a este t\u00edtulo de Nossa Senhora em todo mundo e milh\u00f5es de fi\u00e9is t\u00eam uma particular devo\u00e7\u00e3o a Ela.(ACIDigital)<\/p>\n","protected":false},"excerpt":{"rendered":"<p>Hoje (8), a Igreja celebra a Imaculada Concei\u00e7\u00e3o da Bem-aventurada Virgem Maria, o dogma de f\u00e9 segundo o qual a M\u00e3e do Jesus foi preservada do pecado desde o momento de sua concep\u00e7\u00e3o, ou seja, desde o instante em que come\u00e7ou sua vida humana. Em 8 de dezembro de 1854, o papa Pio IX, depois&nbsp;<\/p>\n<p><a class=\"btn btn-style\" href=\"https:\/\/portalcatolico.net\/portal\/hoje-a-igreja-celebra-a-solenidade-da-imaculada-conceicao\/\">Continue Reading<\/a><\/p>\n","protected":false},"author":2,"featured_media":62071,"comment_status":"open","ping_status":"open","sticky":false,"template":"","format":"standard","meta":{"footnotes":""},"categories":[4],"tags":[],"class_list":["post-81733","post","type-post","status-publish","format-standard","has-post-thumbnail","hentry","category-destaques"],"_links":{"self":[{"href":"https:\/\/portalcatolico.net\/portal\/wp-json\/wp\/v2\/posts\/81733","targetHints":{"allow":["GET"]}}],"collection":[{"href":"https:\/\/portalcatolico.net\/portal\/wp-json\/wp\/v2\/posts"}],"about":[{"href":"https:\/\/portalcatolico.net\/portal\/wp-json\/wp\/v2\/types\/post"}],"author":[{"embeddable":true,"href":"https:\/\/portalcatolico.net\/portal\/wp-json\/wp\/v2\/users\/2"}],"replies":[{"embeddable":true,"href":"https:\/\/portalcatolico.net\/portal\/wp-json\/wp\/v2\/comments?post=81733"}],"version-history":[{"count":1,"href":"https:\/\/portalcatolico.net\/portal\/wp-json\/wp\/v2\/posts\/81733\/revisions"}],"predecessor-version":[{"id":81734,"href":"https:\/\/portalcatolico.net\/portal\/wp-json\/wp\/v2\/posts\/81733\/revisions\/81734"}],"wp:featuredmedia":[{"embeddable":true,"href":"https:\/\/portalcatolico.net\/portal\/wp-json\/wp\/v2\/media\/62071"}],"wp:attachment":[{"href":"https:\/\/portalcatolico.net\/portal\/wp-json\/wp\/v2\/media?parent=81733"}],"wp:term":[{"taxonomy":"category","embeddable":true,"href":"https:\/\/portalcatolico.net\/portal\/wp-json\/wp\/v2\/categories?post=81733"},{"taxonomy":"post_tag","embeddable":true,"href":"https:\/\/portalcatolico.net\/portal\/wp-json\/wp\/v2\/tags?post=81733"}],"curies":[{"name":"wp","href":"https:\/\/api.w.org\/{rel}","templated":true}]}}