{"id":81413,"date":"2024-10-14T19:25:46","date_gmt":"2024-10-14T22:25:46","guid":{"rendered":"http:\/\/portalcatolico.net\/portal\/?p=81413"},"modified":"2024-10-14T19:25:46","modified_gmt":"2024-10-14T22:25:46","slug":"dom-dirceu-compartilha-experiencias-da-igreja-no-brasil","status":"publish","type":"post","link":"https:\/\/portalcatolico.net\/portal\/dom-dirceu-compartilha-experiencias-da-igreja-no-brasil\/","title":{"rendered":"Dom Dirceu compartilha experi\u00eancias da Igreja no Brasil"},"content":{"rendered":"<h2 class=\"elementor-heading-title elementor-size-default\"><strong>Dom Dirceu compartilha experi\u00eancias da Igreja no Brasil que apontaram para a Sinodalidade na XVI Assembleia dos Bispos<\/strong><\/h2>\n<p>O bispo da Diocese de Cama\u00e7ari (BA) e presidente do Regional Nordeste 3 (Bahia e Sergipe) da Confer\u00eancia Nacional dos Bispos do Brasil (CNBB), dom Dirceu de Oliveira Medeiros, (em p\u00e9 na foto) \u00e9 um dos cinco delegados eleitos pelo episcopado brasileiro para participar das sess\u00f5es mundiais dos&nbsp;XVI Assembleia Geral Ordin\u00e1ria do S\u00ednodo dos Bispos.&nbsp;<\/p>\n<p>Dom Dirceu foi membro da Equipe de Anima\u00e7\u00e3o do processo S\u00ednodo no pa\u00eds e esteve \u00e0 frente da organiza\u00e7\u00e3o da escuta \u00e0 Igreja no Brasil. Participando da segunda sess\u00e3o que acontece no Vaticano at\u00e9 o pr\u00f3ximo 27 de outubro, ele enviou-nos um relato no qual comenta a sua percep\u00e7\u00e3o sobre a escuta \u00e0 Igreja no Brasil e como as quest\u00f5es do pa\u00eds est\u00e3o ecoando no di\u00e1logo sinodal.<\/p>\n<blockquote><p>Dom Dirceu contou que em um dos grupos falaram dos projetos Igrejas Irm\u00e3s e Comunh\u00e3o e Partilha, duas boas pr\u00e1ticas que marcam a trajet\u00f3ria da Igreja no Brasil. \u201cEstas pr\u00e1ticas foram apresentadas aqui e causaram admira\u00e7\u00e3o e bom acolhimento naqueles que dialogam conosco. Louvado seja Deus belas belezas, boas pr\u00e1ticas e aquilo que j\u00e1 vivenciamos na Igreja no Brasil e que tem um sabor sinodal\u201d, destacou.<\/p><\/blockquote>\n<p><strong>Caminhada da Igreja na Am\u00e9rica Latina<\/strong><\/p>\n<p><img loading=\"lazy\" decoding=\"async\" class=\"size-medium wp-image-972011 alignleft\" src=\"https:\/\/www.cnbb.org.br\/wp-content\/uploads\/2024\/10\/Dom-Dirceu-e-dom-Joel-300x225.jpg\" sizes=\"auto, (max-width: 300px) 100vw, 300px\" srcset=\"https:\/\/www.cnbb.org.br\/wp-content\/uploads\/2024\/10\/Dom-Dirceu-e-dom-Joel-300x225.jpg 300w, https:\/\/www.cnbb.org.br\/wp-content\/uploads\/2024\/10\/Dom-Dirceu-e-dom-Joel-1024x768.jpg 1024w, https:\/\/www.cnbb.org.br\/wp-content\/uploads\/2024\/10\/Dom-Dirceu-e-dom-Joel-768x576.jpg 768w, https:\/\/www.cnbb.org.br\/wp-content\/uploads\/2024\/10\/Dom-Dirceu-e-dom-Joel-500x375.jpg 500w, https:\/\/www.cnbb.org.br\/wp-content\/uploads\/2024\/10\/Dom-Dirceu-e-dom-Joel-800x600.jpg 800w, https:\/\/www.cnbb.org.br\/wp-content\/uploads\/2024\/10\/Dom-Dirceu-e-dom-Joel.jpg 1280w\" alt=\"\" width=\"300\" height=\"225\"><\/p>\n<p>Desde a primeira sess\u00e3o mundial do S\u00ednodo, em outubro do ano passado, segundo o bispo (no meio na foto),&nbsp; \u00e9 percept\u00edvel que muitos temas abordados na Am\u00e9rica Latina, e no Brasil em particular, j\u00e1 s\u00e3o&nbsp; familiares \u00e0 caminhada da Igreja no continente.<\/p>\n<blockquote><p>\u201cEmbora ainda devamos crescer muito, algumas experi\u00eancias vividas no Brasil e Am\u00e9rica Latina s\u00e3o sinais de sinodalidade: o fortalecimento dos conselhos, o trabalho em colegialidade, as assembleias de pastoral nas dioceses, a preocupa\u00e7\u00e3o de criar espa\u00e7os para atua\u00e7\u00e3o dos leigos na miss\u00e3o e tamb\u00e9m nos ambientes de decis\u00e3o\u201d, apontou.<\/p><\/blockquote>\n<p>De acordo com dom Dirceu essas experi\u00eancias fazem parte de uma tradi\u00e7\u00e3o na caminhada da Igreja na Am\u00e9rica Latina e do Brasil e precisam ser fortalecidas. Por outro lado, o bispo de Cama\u00e7ari aponta ser necess\u00e1rio fortalecer as linhas mestras e grandes intui\u00e7\u00f5es que o S\u00ednodo est\u00e1 levantando e fazendo refletir.<\/p>\n<p>O presidente do regional Sul 3 da CNBB disse que ressoa muito fortemente no S\u00ednodo a necessidade do minist\u00e9rio da escuta. \u201c\u00c9 claro que \u00e9 compromisso de cada batizada ser uma presen\u00e7a de escuta qualificada junto ao nosso povo. \u00c9 preciso se pensar seriamente na escuta para que possamos curar feridas abertas no tecido eclesial\u201d, defendeu.<\/p>\n<p>Fonte: CNBB<\/p>\n","protected":false},"excerpt":{"rendered":"<p>Dom Dirceu compartilha experi\u00eancias da Igreja no Brasil que apontaram para a Sinodalidade na XVI Assembleia dos Bispos O bispo da Diocese de Cama\u00e7ari (BA) e presidente do Regional Nordeste 3 (Bahia e Sergipe) da Confer\u00eancia Nacional dos Bispos do Brasil (CNBB), dom Dirceu de Oliveira Medeiros, (em p\u00e9 na foto) \u00e9 um dos cinco&nbsp;<\/p>\n<p><a class=\"btn btn-style\" href=\"https:\/\/portalcatolico.net\/portal\/dom-dirceu-compartilha-experiencias-da-igreja-no-brasil\/\">Continue Reading<\/a><\/p>\n","protected":false},"author":2,"featured_media":81414,"comment_status":"open","ping_status":"open","sticky":false,"template":"","format":"standard","meta":{"footnotes":""},"categories":[4],"tags":[],"class_list":["post-81413","post","type-post","status-publish","format-standard","has-post-thumbnail","hentry","category-destaques"],"_links":{"self":[{"href":"https:\/\/portalcatolico.net\/portal\/wp-json\/wp\/v2\/posts\/81413","targetHints":{"allow":["GET"]}}],"collection":[{"href":"https:\/\/portalcatolico.net\/portal\/wp-json\/wp\/v2\/posts"}],"about":[{"href":"https:\/\/portalcatolico.net\/portal\/wp-json\/wp\/v2\/types\/post"}],"author":[{"embeddable":true,"href":"https:\/\/portalcatolico.net\/portal\/wp-json\/wp\/v2\/users\/2"}],"replies":[{"embeddable":true,"href":"https:\/\/portalcatolico.net\/portal\/wp-json\/wp\/v2\/comments?post=81413"}],"version-history":[{"count":1,"href":"https:\/\/portalcatolico.net\/portal\/wp-json\/wp\/v2\/posts\/81413\/revisions"}],"predecessor-version":[{"id":81415,"href":"https:\/\/portalcatolico.net\/portal\/wp-json\/wp\/v2\/posts\/81413\/revisions\/81415"}],"wp:featuredmedia":[{"embeddable":true,"href":"https:\/\/portalcatolico.net\/portal\/wp-json\/wp\/v2\/media\/81414"}],"wp:attachment":[{"href":"https:\/\/portalcatolico.net\/portal\/wp-json\/wp\/v2\/media?parent=81413"}],"wp:term":[{"taxonomy":"category","embeddable":true,"href":"https:\/\/portalcatolico.net\/portal\/wp-json\/wp\/v2\/categories?post=81413"},{"taxonomy":"post_tag","embeddable":true,"href":"https:\/\/portalcatolico.net\/portal\/wp-json\/wp\/v2\/tags?post=81413"}],"curies":[{"name":"wp","href":"https:\/\/api.w.org\/{rel}","templated":true}]}}