{"id":81398,"date":"2024-10-12T18:24:09","date_gmt":"2024-10-12T21:24:09","guid":{"rendered":"http:\/\/portalcatolico.net\/portal\/?p=81398"},"modified":"2024-10-12T18:36:19","modified_gmt":"2024-10-12T21:36:19","slug":"fieis-celebram-nossa-senhora-aparecida-em-itabuna","status":"publish","type":"post","link":"https:\/\/portalcatolico.net\/portal\/fieis-celebram-nossa-senhora-aparecida-em-itabuna\/","title":{"rendered":"Fieis celebram Nossa Senhora Aparecida em Itabuna!"},"content":{"rendered":"<div dir=\"auto\"><img loading=\"lazy\" decoding=\"async\" class=\"alignnone wp-image-81399\" src=\"http:\/\/portalcatolico.net\/portal\/wp-content\/uploads\/2024\/10\/aparecida1212-300x169.png\" alt=\"\" width=\"829\" height=\"467\" srcset=\"https:\/\/portalcatolico.net\/portal\/wp-content\/uploads\/2024\/10\/aparecida1212-300x169.png 300w, https:\/\/portalcatolico.net\/portal\/wp-content\/uploads\/2024\/10\/aparecida1212-768x433.png 768w, https:\/\/portalcatolico.net\/portal\/wp-content\/uploads\/2024\/10\/aparecida1212.png 844w\" sizes=\"auto, (max-width: 829px) 100vw, 829px\" \/><\/div>\n<div dir=\"auto\"><img loading=\"lazy\" decoding=\"async\" class=\"alignnone wp-image-81402\" src=\"http:\/\/portalcatolico.net\/portal\/wp-content\/uploads\/2024\/10\/aparecida12-300x159.png\" alt=\"\" width=\"828\" height=\"439\" srcset=\"https:\/\/portalcatolico.net\/portal\/wp-content\/uploads\/2024\/10\/aparecida12-300x159.png 300w, https:\/\/portalcatolico.net\/portal\/wp-content\/uploads\/2024\/10\/aparecida12-768x407.png 768w, https:\/\/portalcatolico.net\/portal\/wp-content\/uploads\/2024\/10\/aparecida12-848x450.png 848w, https:\/\/portalcatolico.net\/portal\/wp-content\/uploads\/2024\/10\/aparecida12.png 850w\" sizes=\"auto, (max-width: 828px) 100vw, 828px\" \/><\/div>\n<div dir=\"auto\"><img loading=\"lazy\" decoding=\"async\" class=\"alignnone wp-image-81400\" src=\"http:\/\/portalcatolico.net\/portal\/wp-content\/uploads\/2024\/10\/apareci11-300x168.png\" alt=\"\" width=\"825\" height=\"462\" srcset=\"https:\/\/portalcatolico.net\/portal\/wp-content\/uploads\/2024\/10\/apareci11-300x168.png 300w, https:\/\/portalcatolico.net\/portal\/wp-content\/uploads\/2024\/10\/apareci11-768x430.png 768w, https:\/\/portalcatolico.net\/portal\/wp-content\/uploads\/2024\/10\/apareci11.png 845w\" sizes=\"auto, (max-width: 825px) 100vw, 825px\" \/><\/div>\n<div dir=\"auto\">Nesta semana, todo o pa\u00eds celebra Nossa Senhora Aparecida, padroeira do Brasil. A data, dia 12 de outubro, \u00e9 uma das mais importantes para os cat\u00f3licos. Todos os anos, milhares de fi\u00e9is v\u00e3o at\u00e9 a Bas\u00edlica, localizada em Aparecida, interior de S\u00e3o Paulo, para cultuar a f\u00e9 na santa do manto azul.<\/div>\n<div dir=\"auto\">\n<div dir=\"auto\">Na diocese de Itabuna, no sul da Bahia, os preparativos tiveram in\u00edcio no dia 3\/10, com o Noven\u00e1rio. O tema da festa foi: &#8220;Igreja em ora\u00e7\u00e3o, o jeito cat\u00f3lico de ser crist\u00e3o!&#8221;<\/div>\n<div dir=\"auto\">A solenidade aconteceu neste dia festivo, dia 12\/10, \u00e0s 17h, com a presid\u00eancia do bispo diocesano Dom Carlos Alberto dos Santos e concelebra\u00e7\u00e3o dos religiosos: Pe. Ezequias Gon\u00e7alves (p\u00e1roco da Par\u00f3quia Nossa Senhora Aparecida do bairro Calif\u00f3rnia em Itabuna); Padre&nbsp;Gilvan de Oliveira Souza e do Di\u00e1cono transit\u00f3rio, \u00cdtalo Souza de Santana.<\/div>\n<div dir=\"auto\">&nbsp;<\/div>\n<div dir=\"auto\">Durante a homilia, Dom Carlos ressaltou a import\u00e2ncia da ora\u00e7\u00e3o: &#8220;(&#8230;) Como seria bom que todos n\u00f3s sa\u00edssemos daqui convictos de que devemos ser uma pessoa mais orante, mais santa, mais fiel, como Nossa Senhora, que esperou em Deus, confiou e viu tudo acontecer, ao lado do Seu Filho, Jesus.&#8221;<\/div>\n<div dir=\"auto\">Ap\u00f3s a Santa Missa, b\u00ean\u00e7\u00e3o do sant\u00edssimo sacramento e em seguida&nbsp; a tradicional prociss\u00e3o com a imagem da santa, pelo bairro Calif\u00f3rnia (bairro em que a santa \u00e9 padroeira).<\/div>\n<div dir=\"auto\">&nbsp;<\/div>\n<div dir=\"auto\"><strong>Hist\u00f3ria da imagem<\/strong><\/div>\n<div dir=\"auto\">&nbsp;<\/div>\n<div dir=\"auto\">Em 1717, tr\u00eas pescadores brasileiros encontraram no rio Para\u00edba do Sul, em S\u00e3o Paulo, uma imagem incompleta de Nossa Senhora da Concei\u00e7\u00e3o. Essa descoberta marcou o in\u00edcio de uma profunda devo\u00e7\u00e3o popular, que culminou<\/div>\n<div dir=\"auto\">na proclama\u00e7\u00e3o de Nossa Senhora Aparecida como a padroeira do Brasil.<\/div>\n<div dir=\"auto\">Em 12 de outubro de 1717, um evento extraordin\u00e1rio ocorreu no rio Para\u00edba, em Guaratinguet\u00e1 (SP). Tr\u00eas pescadores depararam-se com uma descoberta que mudaria a hist\u00f3ria religiosa do Brasil. Ap\u00f3s um dia frustrante sem nenhuma captura, um dos pescadores lan\u00e7ou sua rede e, para sua surpresa, retirou dela uma imagem de madeira escura, sem a cabe\u00e7a. Em seguida, em uma segunda tentativa, encontrou a cabe\u00e7a da imagem, identificando-a como sendo de Nossa Senhora da Concei\u00e7\u00e3o.<\/div>\n<div dir=\"auto\">A partir desse momento, as redes dos pescadores passaram a ser repletas de peixes. A not\u00edcia se espalhou rapidamente pela regi\u00e3o, e a imagem, encontrada por acaso no rio, tornou-se objeto de grande devo\u00e7\u00e3o.<\/div>\n<div dir=\"auto\">A imagem milagrosa foi levada para a casa de um dos pescadores, onde as pessoas come\u00e7aram a se reunir para rezar e pedir gra\u00e7as. A fama da imagem de Nossa Senhora Aparecida, como passou a ser conhecida, se espalhou por todo o Brasil, atraindo fi\u00e9is de diversas regi\u00f5es.<\/div>\n<div dir=\"auto\">A devo\u00e7\u00e3o popular cresceu exponencialmente, e em 1745, foi constru\u00edda uma capela especialmente dedicada \u00e0 imagem. Com o passar dos anos, a f\u00e9 dos brasileiros na padroeira se fortaleceu, e em 8 de setembro de 1904, a imagem foi solenemente coroada. Em 1929, um marco hist\u00f3rico: o Papa Pio XI proclamou Nossa Senhora Aparecida como Rainha do Brasil e sua Padroeira Oficial.<\/div>\n<div dir=\"auto\">&nbsp;<\/div>\n<div dir=\"auto\"><strong>Parte da cultura brasileira<\/strong><\/div>\n<div dir=\"auto\">&nbsp;<\/div>\n<div dir=\"auto\">A capela onde a imagem foi guardada deu lugar ao Santu\u00e1rio Nacional de Aparecida, que se tornou um dos maiores centros de peregrina\u00e7\u00e3o cat\u00f3lica do mundo. Milh\u00f5es de fi\u00e9is visitam anualmente o Santu\u00e1rio, em busca de f\u00e9, esperan\u00e7a e gra\u00e7as espirituais.<\/div>\n<div dir=\"auto\">O Santu\u00e1rio Nacional de Aparecida \u00e9 um dos lugares mais buscados para momentos de espiritualidade, paz interior e conex\u00e3o com a f\u00e9. Al\u00e9m da beleza arquitet\u00f4nica e da rica hist\u00f3ria, o santu\u00e1rio oferece diversas atividades religiosas, como missas, novenas e momentos de ora\u00e7\u00e3o, que podem renovar sua f\u00e9 e trazer conforto para sua alma.<\/div>\n<div dir=\"auto\">A devo\u00e7\u00e3o \u00e0 Nossa Senhora Aparecida reflete a profunda f\u00e9 do povo brasileiro e a import\u00e2ncia da religiosidade na cultura nacional. A imagem da santa \u00e9 vista como um s\u00edmbolo de prote\u00e7\u00e3o, maternidade e intercess\u00e3o divina. Sua hist\u00f3ria inspira milh\u00f5es de pessoas a buscarem uma conex\u00e3o mais profunda com Deus e a fortalecerem seus valores espirituais.<\/div>\n<\/div>\n","protected":false},"excerpt":{"rendered":"<p>Nesta semana, todo o pa\u00eds celebra Nossa Senhora Aparecida, padroeira do Brasil. A data, dia 12 de outubro, \u00e9 uma das mais importantes para os cat\u00f3licos. Todos os anos, milhares de fi\u00e9is v\u00e3o at\u00e9 a Bas\u00edlica, localizada em Aparecida, interior de S\u00e3o Paulo, para cultuar a f\u00e9 na santa do manto azul. Na diocese de&nbsp;<\/p>\n<p><a class=\"btn btn-style\" href=\"https:\/\/portalcatolico.net\/portal\/fieis-celebram-nossa-senhora-aparecida-em-itabuna\/\">Continue Reading<\/a><\/p>\n","protected":false},"author":2,"featured_media":81402,"comment_status":"open","ping_status":"open","sticky":false,"template":"","format":"standard","meta":{"footnotes":""},"categories":[68],"tags":[],"class_list":["post-81398","post","type-post","status-publish","format-standard","has-post-thumbnail","hentry","category-homilias"],"_links":{"self":[{"href":"https:\/\/portalcatolico.net\/portal\/wp-json\/wp\/v2\/posts\/81398","targetHints":{"allow":["GET"]}}],"collection":[{"href":"https:\/\/portalcatolico.net\/portal\/wp-json\/wp\/v2\/posts"}],"about":[{"href":"https:\/\/portalcatolico.net\/portal\/wp-json\/wp\/v2\/types\/post"}],"author":[{"embeddable":true,"href":"https:\/\/portalcatolico.net\/portal\/wp-json\/wp\/v2\/users\/2"}],"replies":[{"embeddable":true,"href":"https:\/\/portalcatolico.net\/portal\/wp-json\/wp\/v2\/comments?post=81398"}],"version-history":[{"count":3,"href":"https:\/\/portalcatolico.net\/portal\/wp-json\/wp\/v2\/posts\/81398\/revisions"}],"predecessor-version":[{"id":81409,"href":"https:\/\/portalcatolico.net\/portal\/wp-json\/wp\/v2\/posts\/81398\/revisions\/81409"}],"wp:featuredmedia":[{"embeddable":true,"href":"https:\/\/portalcatolico.net\/portal\/wp-json\/wp\/v2\/media\/81402"}],"wp:attachment":[{"href":"https:\/\/portalcatolico.net\/portal\/wp-json\/wp\/v2\/media?parent=81398"}],"wp:term":[{"taxonomy":"category","embeddable":true,"href":"https:\/\/portalcatolico.net\/portal\/wp-json\/wp\/v2\/categories?post=81398"},{"taxonomy":"post_tag","embeddable":true,"href":"https:\/\/portalcatolico.net\/portal\/wp-json\/wp\/v2\/tags?post=81398"}],"curies":[{"name":"wp","href":"https:\/\/api.w.org\/{rel}","templated":true}]}}