{"id":81199,"date":"2024-08-22T19:48:17","date_gmt":"2024-08-22T22:48:17","guid":{"rendered":"http:\/\/portalcatolico.net\/portal\/?p=81199"},"modified":"2024-08-23T19:48:26","modified_gmt":"2024-08-23T22:48:26","slug":"ligas-catolicas-jmj-realizam-53-romaria-nacional-a-aparecida-sp","status":"publish","type":"post","link":"https:\/\/portalcatolico.net\/portal\/ligas-catolicas-jmj-realizam-53-romaria-nacional-a-aparecida-sp\/","title":{"rendered":"Ligas Cat\u00f3licas JMJ realizam 53\u00b0 Romaria Nacional \u00e0 Aparecida (SP)"},"content":{"rendered":"<p>Movimento comemora 180 anos e planeja pr\u00f3ximos passos, no Santu\u00e1rio Nacional<\/p>\n<p><i>Por Lucas Torres<\/i><\/p>\n<p>Neste fim de semana, participantes dos grupos das&nbsp;<b>Ligas Cat\u00f3licas JMJ (Jesus, Maria e Jos\u00e9) de todo o Brasil se encontram no Santu\u00e1rio Nacional<\/b>. Essa \u00e9 a&nbsp;<b>53\u00b0 edi\u00e7\u00e3o<\/b>&nbsp;do encontro e re\u00fane fi\u00e9is leigos de diversos estados do pa\u00eds que participam do movimento cat\u00f3lico. Cerca de 5mil integrantes da Romaria s\u00e3o esperados em<b>&nbsp;Aparecida (SP)<\/b>, com a motiva\u00e7\u00e3o de agradecer, renovar espiritualidade e planejar a\u00e7\u00f5es do movimento cat\u00f3lico para o pr\u00f3ximo ano.<\/p>\n<p><b>Hist\u00f3ria e liga\u00e7\u00e3o com os Mission\u00e1rios Redentoristas<\/b><\/p>\n<p>Fundadas na B\u00e9lgica em 1844, as Ligas Cat\u00f3licas JMJ completam&nbsp;<b>180 anos de exist\u00eancia<\/b>&nbsp;em 2024. O movimento foi trazido ao Brasil pelos Mission\u00e1rios Redentoristas holandeses, que fundaram a&nbsp;<b>primeira Liga brasileira h\u00e1 122 anos<\/b>, em Juiz de Fora (MG), com o objetivo de evangelizar as fam\u00edlias. At\u00e9 hoje, os Redentoristas acompanham os milhares de \u2018liguistas\u2019, como s\u00e3o chamados os participantes do movimento, espalhados pelo pa\u00eds.<\/p>\n<p>De acordo com o manual da Liga Cat\u00f3lica, o prop\u00f3sito fundamental deste grupo \u00e9 ajudar as pessoas a enfrentar os desafios do mundo contempor\u00e2neo atrav\u00e9s da evangeliza\u00e7\u00e3o das fam\u00edlias. Por isso, o nome JMJ (Jesus, Maria e Jos\u00e9) refere-se \u00e0 Sagrada Fam\u00edlia como modelo para os fi\u00e9is. Al\u00e9m desse objetivo, h\u00e1 outras motiva\u00e7\u00f5es, como promover um compromisso mais profundo com os ensinamentos da Igreja, participar da vida da Igreja e estudar a Palavra de Deus.<\/p>\n<p><b>Programa\u00e7\u00e3o e Romaria<\/b><\/p>\n<p>A&nbsp;<b>Missa<\/b>&nbsp;que marca a&nbsp;<b>abertura<\/b>&nbsp;da romaria acontece no&nbsp;<b>s\u00e1bado (24)<\/b>, \u00e0s<b>&nbsp;12h<\/b>, no&nbsp;<b>Altar Central<\/b>&nbsp;da Bas\u00edlica. Quem preside a celebra\u00e7\u00e3o \u00e9 o Vig\u00e1rio Provincial dos Mission\u00e1rios Redentoristas, da Prov\u00edncia Nossa Senhora Aparecida, padre Am\u00e9rico de Oliveira. O Presidente Nacional, Edmilson Cecon, e tamb\u00e9m o Assistente Eclesi\u00e1stico Nacional, Pe. Andr\u00e9 Luiz Bastos, s\u00e3o presen\u00e7as confirmadas.<\/p>\n<p><i>\u201cO tema desse ano \u00e9: H\u00e1 180 anos sendo sinal da Sagrada Fam\u00edlia no cora\u00e7\u00e3o da Igreja. N\u00f3s, Mission\u00e1rios Redentoristas, assistimos as Ligas desde a sua funda\u00e7\u00e3o\u201d<\/i>, afirma o Assistente Eclesi\u00e1stico Nacional das Ligas Cat\u00f3licas JMJ, padre Andr\u00e9 Luiz Bastos.&nbsp;<\/p>\n<p>No&nbsp;<b>domingo (25)<\/b>, a partir das&nbsp;<b>6h<\/b>&nbsp;da manh\u00e3, os liguistas se re\u00fanem no&nbsp;<b>Audit\u00f3rio Padre No\u00e9 Sotillo<\/b>, no subsolo da Bas\u00edlica, onde todas as Federa\u00e7\u00f5es, grupos regionais das Ligas, avaliam as atividades j\u00e1 realizadas e tra\u00e7am novos objetivos. J\u00e1 \u00e0s<b>&nbsp;9h<\/b>, ocorre a&nbsp;<b>prociss\u00e3o com a Imagem Peregrina de Nossa Senhora Aparecida<\/b>. Os participantes percorrem o entorno da igreja com a Imagem e as bandeiras respectivas de suas Ligas. A romaria se&nbsp;<b>encerra<\/b>&nbsp;com Missa, \u00e0s&nbsp;<b>10h<\/b>, no&nbsp;<b>Altar Central<\/b>.<\/p>\n<p>O Diretor de Rela\u00e7\u00f5es P\u00fablicas da Confedera\u00e7\u00e3o Nacional das Ligas Cat\u00f3licas JMJ, Rodrigo Trotta Moreira, destaca a import\u00e2ncia de Nossa Senhora para o movimento e conta que faz parte das atividades a Imagem Peregrina percorrer v\u00e1rias regi\u00f5es:<\/p>\n<p><i>\u201cA cada ano, a Imagem Peregrina de Nossa Senhora Aparecida percorre uma Federa\u00e7\u00e3o. Na Romaria do ano passado, 2023, a Imagem foi entregue \u00e0 Federa\u00e7\u00e3o da Arquidiocese de Diamantina (MG). Este ano, a Confedera\u00e7\u00e3o Nacional ir\u00e1 confiar a peregrina\u00e7\u00e3o 2024-2025 \u00e0 Federa\u00e7\u00e3o da Diocese de Duque de Caxias&#8221;<\/i>, completa Rodrigo.<\/p>\n<p>O Diretor ainda comenta sobre a escolha do local da romaria:&nbsp;<b><i>&#8220;Aparecida \u00e9 refer\u00eancia nacional, a Capital Mariana da F\u00e9, al\u00e9m de estar localizada no Sudeste, onde existe o maior n\u00famero de Federa\u00e7\u00f5es Arquidiocesanas. \u00c9 o melhor lugar para reunir os liguistas de todos os estados do pa\u00eds\u201d<\/i>.<\/b>&nbsp;<\/p>\n<p>Foto: Santu\u00e1rio Nacional<\/p>\n","protected":false},"excerpt":{"rendered":"<p>Movimento comemora 180 anos e planeja pr\u00f3ximos passos, no Santu\u00e1rio Nacional Por Lucas Torres Neste fim de semana, participantes dos grupos das&nbsp;Ligas Cat\u00f3licas JMJ (Jesus, Maria e Jos\u00e9) de todo o Brasil se encontram no Santu\u00e1rio Nacional. Essa \u00e9 a&nbsp;53\u00b0 edi\u00e7\u00e3o&nbsp;do encontro e re\u00fane fi\u00e9is leigos de diversos estados do pa\u00eds que participam do movimento&nbsp;<\/p>\n<p><a class=\"btn btn-style\" href=\"https:\/\/portalcatolico.net\/portal\/ligas-catolicas-jmj-realizam-53-romaria-nacional-a-aparecida-sp\/\">Continue Reading<\/a><\/p>\n","protected":false},"author":2,"featured_media":81200,"comment_status":"open","ping_status":"open","sticky":false,"template":"","format":"standard","meta":{"footnotes":""},"categories":[4],"tags":[],"class_list":["post-81199","post","type-post","status-publish","format-standard","has-post-thumbnail","hentry","category-destaques"],"_links":{"self":[{"href":"https:\/\/portalcatolico.net\/portal\/wp-json\/wp\/v2\/posts\/81199","targetHints":{"allow":["GET"]}}],"collection":[{"href":"https:\/\/portalcatolico.net\/portal\/wp-json\/wp\/v2\/posts"}],"about":[{"href":"https:\/\/portalcatolico.net\/portal\/wp-json\/wp\/v2\/types\/post"}],"author":[{"embeddable":true,"href":"https:\/\/portalcatolico.net\/portal\/wp-json\/wp\/v2\/users\/2"}],"replies":[{"embeddable":true,"href":"https:\/\/portalcatolico.net\/portal\/wp-json\/wp\/v2\/comments?post=81199"}],"version-history":[{"count":1,"href":"https:\/\/portalcatolico.net\/portal\/wp-json\/wp\/v2\/posts\/81199\/revisions"}],"predecessor-version":[{"id":81201,"href":"https:\/\/portalcatolico.net\/portal\/wp-json\/wp\/v2\/posts\/81199\/revisions\/81201"}],"wp:featuredmedia":[{"embeddable":true,"href":"https:\/\/portalcatolico.net\/portal\/wp-json\/wp\/v2\/media\/81200"}],"wp:attachment":[{"href":"https:\/\/portalcatolico.net\/portal\/wp-json\/wp\/v2\/media?parent=81199"}],"wp:term":[{"taxonomy":"category","embeddable":true,"href":"https:\/\/portalcatolico.net\/portal\/wp-json\/wp\/v2\/categories?post=81199"},{"taxonomy":"post_tag","embeddable":true,"href":"https:\/\/portalcatolico.net\/portal\/wp-json\/wp\/v2\/tags?post=81199"}],"curies":[{"name":"wp","href":"https:\/\/api.w.org\/{rel}","templated":true}]}}