{"id":81114,"date":"2024-08-02T20:34:13","date_gmt":"2024-08-02T23:34:13","guid":{"rendered":"http:\/\/portalcatolico.net\/portal\/?p=81114"},"modified":"2024-08-02T20:34:13","modified_gmt":"2024-08-02T23:34:13","slug":"paz-e-estilo-de-vida","status":"publish","type":"post","link":"https:\/\/portalcatolico.net\/portal\/paz-e-estilo-de-vida\/","title":{"rendered":"Paz e estilo de vida"},"content":{"rendered":"<p><span data-contrast=\"auto\">O estilo de vida pode ser uma alavanca para promover a paz, pois diz respeito ao modo de se relacionar com o mundo \u2013 no campo familiar, no trabalho, na conviv\u00eancia com o semelhante. O engenho da organiza\u00e7\u00e3o social e pol\u00edtica em cada sociedade n\u00e3o pode prescindir de qualificada e solid\u00e1ria conduta das pessoas, contracenando com os demais cidad\u00e3os em par\u00e2metros civilizat\u00f3rios que favore\u00e7am o di\u00e1logo, a coopera\u00e7\u00e3o e a inegoci\u00e1vel prioriza\u00e7\u00e3o dos pobres, vulner\u00e1veis e indefesos. \u00c9 preciso reconhecer que o ser humano, com seu estilo de vida, pode criar condi\u00e7\u00f5es favor\u00e1veis para a constru\u00e7\u00e3o de entendimentos, o alcance de intui\u00e7\u00f5es importantes, de \u00eaxito em projetos e escolhas, reconhecendo o que, de fato, constitui prioridades. Por isso, as institui\u00e7\u00f5es precisam contribuir para que diferentes segmentos da sociedade funcionem no horizonte da solidariedade e da justi\u00e7a, promovendo, assim, a paz. E o progresso depende, visceralmente, da paz, sob pena de perdas irrevers\u00edveis, levando a cat\u00e1strofes que inviabilizam a vida.&nbsp;<\/span><span data-ccp-props=\"{&quot;201341983&quot;:0,&quot;335551550&quot;:6,&quot;335551620&quot;:6,&quot;335559739&quot;:0,&quot;335559740&quot;:240}\">&nbsp;<\/span><\/p>\n<p><span data-contrast=\"auto\">\u00c9 inaceit\u00e1vel buscar o progresso pelas ambi\u00e7\u00f5es nacionalistas ou por meio de repress\u00f5es na ordem civil. Os estilos de vida de governantes, dirigentes ou construtores da sociedade pluralista, de todos os cidad\u00e3os, quando eivados de personalismos, distanciam-se da raz\u00e3o e da capacidade para o di\u00e1logo. Desconsideram os entendimentos baseados no direito, na justi\u00e7a e no respeito. \u00c9 o estilo de vida alicer\u00e7ado no di\u00e1logo e na s\u00e1bia administra\u00e7\u00e3o das diferen\u00e7as que conduz \u00e0 paz. E a paz, para ser conquistada e preservada, deve se sustentar na verdade e no amor, sem manipula\u00e7\u00f5es ou imposi\u00e7\u00f5es ideol\u00f3gicas perniciosas. Nesse sentido, a Doutrina Social da Igreja Cat\u00f3lica defende que a humanidade deve seguir na contram\u00e3o da viol\u00eancia, combatendo desde as incurs\u00f5es b\u00e9licas homicidas at\u00e9 aquelas que alimentam o rancor e a vingan\u00e7a, distanciando o ser humano de uma conviv\u00eancia mais equilibrada na casa comum.&nbsp;<\/span><span data-ccp-props=\"{&quot;201341983&quot;:0,&quot;335551550&quot;:6,&quot;335551620&quot;:6,&quot;335559739&quot;:0,&quot;335559740&quot;:240}\">&nbsp;<\/span><\/p>\n<p><span data-contrast=\"auto\">Todos s\u00e3o chamados a se convencer a respeito do perigo destrutivo causado pela hospedagem do \u00f3dio no pr\u00f3prio cora\u00e7\u00e3o, e a viver em harmonia com perspectivas divergentes. Sempre haver\u00e1, certamente, um caminho e uma sa\u00edda para a solu\u00e7\u00e3o de desaven\u00e7as, a exemplo do que ocorre na narrativa b\u00edblica envolvendo Jac\u00f3 e Lab\u00e3o. Esses personagens b\u00edblicos estabelecem uma diverg\u00eancia, mas, reconhecendo que a viol\u00eancia poderia lev\u00e1-los a perder tudo, discernem sobre os caminhos que cada um deveria seguir, garantindo a preval\u00eancia da paz. A n\u00e3o-viol\u00eancia deve inspirar o ser humano, que precisa revestir o cora\u00e7\u00e3o com nobres sentimentos. No horizonte crist\u00e3o, brilha o ideal de um estilo de vida alicer\u00e7ado na caridade, com desdobramentos que t\u00eam propriedades incompar\u00e1veis e indispens\u00e1veis para qualificar relacionamentos e iniciativas, superando a tenta\u00e7\u00e3o de rancores e de ressentimentos que alimentam vingan\u00e7as e inspiram lutas j\u00e1 perdidas.&nbsp;<\/span><span data-ccp-props=\"{&quot;201341983&quot;:0,&quot;335551550&quot;:6,&quot;335551620&quot;:6,&quot;335559739&quot;:0,&quot;335559740&quot;:240}\">&nbsp;<\/span><\/p>\n<p><span data-contrast=\"auto\">O caminho da n\u00e3o-viol\u00eancia pavimenta-se com o di\u00e1logo e com a sabedoria de acolher indica\u00e7\u00f5es capazes de semear a paz. Passo importante \u00e9 reconhecer a gravidade do momento atual, acolhendo o que diz o Papa Francisco, em diferentes oportunidades: a humanidade vive uma guerra mundial aos peda\u00e7os, produzindo um mundo muito violento. Outros ciclos da hist\u00f3ria tamb\u00e9m conviveram com a viol\u00eancia, mas nenhum outro momento da humanidade contou com tantos recursos para se promover o di\u00e1logo e, consequentemente, construir a paz. Quando o Papa Francisco adverte para a dissemina\u00e7\u00e3o da viol\u00eancia de modo fragmentado, \u201caos peda\u00e7os\u201d, aponta para a responsabilidade de todos nesse processo que leva o mundo a muitos sofrimentos -devasta\u00e7\u00e3o ambiental, terrorismos, criminalidade, tr\u00e1fico humano, abusos com migrantes, fome e mis\u00e9ria.&nbsp;<\/span><span data-ccp-props=\"{&quot;201341983&quot;:0,&quot;335551550&quot;:6,&quot;335551620&quot;:6,&quot;335559739&quot;:0,&quot;335559740&quot;:240}\">&nbsp;<\/span><\/p>\n<p><span data-contrast=\"auto\">Deve-se respeitar o precioso princ\u00edpio de nunca responder \u00e0 viol\u00eancia com a viol\u00eancia \u2013 para que o ser humano n\u00e3o perca o sentido da vida, gerando morte e sofrimento, especialmente para os idosos, os jovens, os pobres e os doentes. A viol\u00eancia leva \u00e0 morte f\u00edsica e espiritual. Urgente \u00e9 cuidar do pr\u00f3prio cora\u00e7\u00e3o, para que hospede valores relacionados \u00e0 fraternidade solid\u00e1ria, sem espa\u00e7o para ressentimentos e rancores, deixando-se curar pela miseric\u00f3rdia.&nbsp; Desse modo, combate-se a hostilidade, em conformidade com o que orientava S\u00e3o Francisco de Assis: \u201cA paz que anunciais com os l\u00e1bios, conservai-a ainda mais abundante no vosso cora\u00e7\u00e3o\u201d. Em lugar da viol\u00eancia e da injusti\u00e7a, prevale\u00e7a a bondade, que n\u00e3o pode ser confundida com permissividade.&nbsp; A bondade \u00e9 for\u00e7a mais poderosa que a viol\u00eancia, capaz de convencer o ser humano sobre a import\u00e2ncia de estar em harmonia com o seu semelhante. Permite reconhecer limites e investir na reconcilia\u00e7\u00e3o, levando a resultados surpreendentes.&nbsp;<\/span><span data-ccp-props=\"{&quot;201341983&quot;:0,&quot;335551550&quot;:6,&quot;335551620&quot;:6,&quot;335559739&quot;:0,&quot;335559740&quot;:240}\">&nbsp;<\/span><\/p>\n<p><span data-contrast=\"auto\">Todos s\u00e3o convocados a ser obreiros da paz pelo compromisso de defender, incondicionalmente, a vida em todas as suas etapas. Na hist\u00f3ria, s\u00e3o muitos os exemplos de obreiros da paz que alcan\u00e7aram resultados impressionantes. Todos s\u00e3o convocados a contribuir para edificar uma sociedade mais pac\u00edfica. As comunidades crist\u00e3s s\u00e3o especialmente chamadas a ajudar tamb\u00e9m pela ora\u00e7\u00e3o \u2013 for\u00e7a espiritual que \u00e9 muito importante para inspirar a paz. Aten\u00e7\u00e3o especial e prof\u00e9tica relaciona-se ao cuidado com os injusti\u00e7ados e exclu\u00eddos da sociedade. Outro necess\u00e1rio cuidado diz respeito ao ambiente dom\u00e9stico, que precisa ser marcado por gestos de bondade, fazendo com que cada relacionamento contribua com a aprendizagem da toler\u00e2ncia e do respeito. Assim as fam\u00edlias ajudam a propagar o amor, com seus integrantes buscando superar perspectivas ego\u00edstas para se exercitarem na prioriza\u00e7\u00e3o do bem de seus familiares. O ser humano est\u00e1 convocado a buscar estilos de vida que se alicer\u00e7am na \u00e9tica da fraternidade, combatendo a l\u00f3gica do medo, do fechamento, pautando-se no respeito e no di\u00e1logo sincero. Um caminho singelo, da n\u00e3o-viol\u00eancia, essencial \u00e0 paz.&nbsp;<\/span><span data-ccp-props=\"{&quot;201341983&quot;:0,&quot;335551550&quot;:6,&quot;335551620&quot;:6,&quot;335559739&quot;:0,&quot;335559740&quot;:240}\">&nbsp;<\/span><\/p>\n<p>Dom Walmor Oliveira de Azevedo<br \/>\nArcebispo de Belo Horizonte (MG)<\/p>\n","protected":false},"excerpt":{"rendered":"<p>O estilo de vida pode ser uma alavanca para promover a paz, pois diz respeito ao modo de se relacionar com o mundo \u2013 no campo familiar, no trabalho, na conviv\u00eancia com o semelhante. O engenho da organiza\u00e7\u00e3o social e pol\u00edtica em cada sociedade n\u00e3o pode prescindir de qualificada e solid\u00e1ria conduta das pessoas, contracenando&nbsp;<\/p>\n<p><a class=\"btn btn-style\" href=\"https:\/\/portalcatolico.net\/portal\/paz-e-estilo-de-vida\/\">Continue Reading<\/a><\/p>\n","protected":false},"author":2,"featured_media":64330,"comment_status":"open","ping_status":"open","sticky":false,"template":"","format":"standard","meta":{"footnotes":""},"categories":[69],"tags":[],"class_list":["post-81114","post","type-post","status-publish","format-standard","has-post-thumbnail","hentry","category-artigos"],"_links":{"self":[{"href":"https:\/\/portalcatolico.net\/portal\/wp-json\/wp\/v2\/posts\/81114","targetHints":{"allow":["GET"]}}],"collection":[{"href":"https:\/\/portalcatolico.net\/portal\/wp-json\/wp\/v2\/posts"}],"about":[{"href":"https:\/\/portalcatolico.net\/portal\/wp-json\/wp\/v2\/types\/post"}],"author":[{"embeddable":true,"href":"https:\/\/portalcatolico.net\/portal\/wp-json\/wp\/v2\/users\/2"}],"replies":[{"embeddable":true,"href":"https:\/\/portalcatolico.net\/portal\/wp-json\/wp\/v2\/comments?post=81114"}],"version-history":[{"count":1,"href":"https:\/\/portalcatolico.net\/portal\/wp-json\/wp\/v2\/posts\/81114\/revisions"}],"predecessor-version":[{"id":81115,"href":"https:\/\/portalcatolico.net\/portal\/wp-json\/wp\/v2\/posts\/81114\/revisions\/81115"}],"wp:featuredmedia":[{"embeddable":true,"href":"https:\/\/portalcatolico.net\/portal\/wp-json\/wp\/v2\/media\/64330"}],"wp:attachment":[{"href":"https:\/\/portalcatolico.net\/portal\/wp-json\/wp\/v2\/media?parent=81114"}],"wp:term":[{"taxonomy":"category","embeddable":true,"href":"https:\/\/portalcatolico.net\/portal\/wp-json\/wp\/v2\/categories?post=81114"},{"taxonomy":"post_tag","embeddable":true,"href":"https:\/\/portalcatolico.net\/portal\/wp-json\/wp\/v2\/tags?post=81114"}],"curies":[{"name":"wp","href":"https:\/\/api.w.org\/{rel}","templated":true}]}}