{"id":81111,"date":"2024-08-02T20:32:21","date_gmt":"2024-08-02T23:32:21","guid":{"rendered":"http:\/\/portalcatolico.net\/portal\/?p=81111"},"modified":"2024-08-02T20:32:21","modified_gmt":"2024-08-02T23:32:21","slug":"medjugorje-francisco-aos-jovens-com-o-evangelho-construir-uma-nova-humanidade","status":"publish","type":"post","link":"https:\/\/portalcatolico.net\/portal\/medjugorje-francisco-aos-jovens-com-o-evangelho-construir-uma-nova-humanidade\/","title":{"rendered":"Medjugorje, Francisco aos jovens: com o Evangelho construir uma nova humanidade"},"content":{"rendered":"<div class=\"article__subTitle\">O Papa Francisco enviou uma mensagem aos participantes do 35\u00ba Festival dos Jovens, que se realiza no Santu\u00e1rio de Medjugorje de 1\u00b0 a 6 de agosto. &#8220;Escutem a Palavra de Deus. Levem com voc\u00eas o Evangelho e sejam anunciadores da esperan\u00e7a, do amor e da paz no mundo&#8221;, escreve o Pont\u00edfice aos jovens.<\/div>\n<div class=\"title__separator\">\n<p>Francisco escreve aos participantes do 35\u00ba Festival dos Jovens que teve in\u00edcio na quinta-feira, 1\u00ba de agosto, em Medjugorje, e prossegue at\u00e9 o pr\u00f3ximo dia 6, sobre o tema extra\u00eddo do Evangelho de Lucas: &#8220;Maria escolheu a melhor parte&#8221;. \u00c9 a partir destas palavras, pronunciadas por Jesus, que o Papa oferece aos jovens &#8220;algumas breves sugest\u00f5es&#8221; que possam servir para o seu crescimento espiritual e o seu compromisso &nbsp;&#8220;na Igreja e no mundo &#8220;.<\/p>\n<p><strong>Ouvir a Palavra<\/strong><\/p>\n<p>O primeiro aspecto sublinhado pelo Papa \u00e9 &#8220;a abordagem de um disc\u00edpulo aut\u00eantico&#8221;, ou seja, a escuta da Palavra do Senhor. Maria, irm\u00e3 de L\u00e1zaro, agiu dessa forma colocando-se aos p\u00e9s do Senhor para ouvi-lo e Jesus apreciou a sua escolha, definida como &#8220;a melhor parte&#8221;. Mas, escreve, h\u00e1 &#8220;outra disc\u00edpula aut\u00eantica&#8221;, Maria de Nazar\u00e9, que soube acolher a Palavra de Deus &#8220;colocando todo o seu ser \u00e0 disposi\u00e7\u00e3o&#8221;, at\u00e9 se encontrar aos p\u00e9s da cruz e junto com os ap\u00f3stolos no dia de Pentecostes.<\/p>\n<p><i>Ao permitir que a Palavra de Deus entrasse em seu cora\u00e7\u00e3o, a Virgem Maria cumpriu sua miss\u00e3o com fidelidade e cuidado. Ela tamb\u00e9m escolheu a melhor parte: o Senhor Jesus. Da mesma forma, voc\u00eas, queridos amigos, s\u00e3o chamados a se tornarem verdadeiros disc\u00edpulos de Cristo.<\/i><\/p>\n<p><strong>O Evangelho como uma b\u00fassola<\/strong><\/p>\n<p>Francisco recomenda aos jovens meditar a Palavra de Deus e deixar que ela ilumine suas mentes e cora\u00e7\u00f5es para descobrir o que Deus deseja de cada um.<\/p>\n<p><i>\u00c9 por isso que os encorajo a estabelecer um v\u00ednculo estreito com o Evangelho e a t\u00ea-lo com voc\u00eas, para que seja para voc\u00eas como uma b\u00fassola que lhes mostra o caminho a seguir.<\/i><\/p>\n<p><strong>A coragem de levar Cristo para a vida cotidiana<\/strong><\/p>\n<p>&#8220;A ignor\u00e2ncia da Escritura \u00e9 a ignor\u00e2ncia de Cristo&#8221;, sustenta S\u00e3o Jer\u00f4nimo citado pelo Papa que, em seguida, convida os jovens presentes em Medjugorje a recorrerem tamb\u00e9m \u00e0 Eucaristia e ao Sacramento da Reconcilia\u00e7\u00e3o. O crescimento na vida espiritual, no entanto, n\u00e3o diz respeito apenas a si mesmo: um verdadeiro disc\u00edpulo &#8220;necessariamente transmite o Reino de Deus aos outros&#8221;, sublinha Francisco, lembrando que levar o Evangelho \u00e9 a tarefa de todos na Igreja.<\/p>\n<p><i>Voc\u00eas devem ter a coragem de falar de Cristo em suas fam\u00edlias, em seu ambiente educacional e de trabalho, em seu tempo livre. Anunciem Jesus acima de tudo com sua vida, manifestando a presen\u00e7a vis\u00edvel de Cristo em sua exist\u00eancia, em seu compromisso cotidiano e na coer\u00eancia com o Evangelho em cada decis\u00e3o concreta.<\/i><\/p>\n<p><strong>Sejam construtores de uma nova humanidade<\/strong><\/p>\n<p>Ser ap\u00f3stolos do Evangelho e &#8220;construtores de uma nova humanidade&#8221; \u00e9 o que o Senhor lhes pede, escreve o Papa, que confia os jovens \u00e0 M\u00e3e de Jesus &#8220;Que o seu exemplo os exorte a serem anunciadores da esperan\u00e7a, ado mor e da paz no mundo&#8221;.<\/p>\n<\/div>\n<div class=\"article__text\">\n<p><b>Adriana Masotti \u2013 Vatican News<\/b><\/p>\n<\/div>\n","protected":false},"excerpt":{"rendered":"<p>O Papa Francisco enviou uma mensagem aos participantes do 35\u00ba Festival dos Jovens, que se realiza no Santu\u00e1rio de Medjugorje de 1\u00b0 a 6 de agosto. &#8220;Escutem a Palavra de Deus. Levem com voc\u00eas o Evangelho e sejam anunciadores da esperan\u00e7a, do amor e da paz no mundo&#8221;, escreve o Pont\u00edfice aos jovens. Francisco escreve&nbsp;<\/p>\n<p><a class=\"btn btn-style\" href=\"https:\/\/portalcatolico.net\/portal\/medjugorje-francisco-aos-jovens-com-o-evangelho-construir-uma-nova-humanidade\/\">Continue Reading<\/a><\/p>\n","protected":false},"author":2,"featured_media":81112,"comment_status":"open","ping_status":"open","sticky":false,"template":"","format":"standard","meta":{"footnotes":""},"categories":[5],"tags":[],"class_list":["post-81111","post","type-post","status-publish","format-standard","has-post-thumbnail","hentry","category-igreja_no_mundo"],"_links":{"self":[{"href":"https:\/\/portalcatolico.net\/portal\/wp-json\/wp\/v2\/posts\/81111","targetHints":{"allow":["GET"]}}],"collection":[{"href":"https:\/\/portalcatolico.net\/portal\/wp-json\/wp\/v2\/posts"}],"about":[{"href":"https:\/\/portalcatolico.net\/portal\/wp-json\/wp\/v2\/types\/post"}],"author":[{"embeddable":true,"href":"https:\/\/portalcatolico.net\/portal\/wp-json\/wp\/v2\/users\/2"}],"replies":[{"embeddable":true,"href":"https:\/\/portalcatolico.net\/portal\/wp-json\/wp\/v2\/comments?post=81111"}],"version-history":[{"count":1,"href":"https:\/\/portalcatolico.net\/portal\/wp-json\/wp\/v2\/posts\/81111\/revisions"}],"predecessor-version":[{"id":81113,"href":"https:\/\/portalcatolico.net\/portal\/wp-json\/wp\/v2\/posts\/81111\/revisions\/81113"}],"wp:featuredmedia":[{"embeddable":true,"href":"https:\/\/portalcatolico.net\/portal\/wp-json\/wp\/v2\/media\/81112"}],"wp:attachment":[{"href":"https:\/\/portalcatolico.net\/portal\/wp-json\/wp\/v2\/media?parent=81111"}],"wp:term":[{"taxonomy":"category","embeddable":true,"href":"https:\/\/portalcatolico.net\/portal\/wp-json\/wp\/v2\/categories?post=81111"},{"taxonomy":"post_tag","embeddable":true,"href":"https:\/\/portalcatolico.net\/portal\/wp-json\/wp\/v2\/tags?post=81111"}],"curies":[{"name":"wp","href":"https:\/\/api.w.org\/{rel}","templated":true}]}}