{"id":81067,"date":"2024-07-26T19:46:57","date_gmt":"2024-07-26T22:46:57","guid":{"rendered":"http:\/\/portalcatolico.net\/portal\/?p=81067"},"modified":"2024-07-26T19:46:57","modified_gmt":"2024-07-26T22:46:57","slug":"igreja-celebra-nesta-sexta-feira-26-de-julho-a-memoria-liturgica-de-santana-e-sao-joaquim-pais-de-nossa-senhora-e-avos-de-jesus","status":"publish","type":"post","link":"https:\/\/portalcatolico.net\/portal\/igreja-celebra-nesta-sexta-feira-26-de-julho-a-memoria-liturgica-de-santana-e-sao-joaquim-pais-de-nossa-senhora-e-avos-de-jesus\/","title":{"rendered":"IGREJA CELEBRA NESTA SEXTA-FEIRA, 26 DE JULHO, A MEM\u00d3RIA LIT\u00daRGICA DE SANT\u2019ANA E S\u00c3O JOAQUIM, PAIS DE NOSSA SENHORA E AV\u00d3S DE JESUS"},"content":{"rendered":"<p><span data-contrast=\"auto\">A Igreja celebra nesta sexta-feira, 26 de julho, a mem\u00f3ria lit\u00fargica de Sant\u2019Ana e S\u00e3o Joaquim, pais de Nossa Senhora e av\u00f3s de Jesus. Por isso, nesse dia \u00e9 comemorado o Dia dos Av\u00f3s, e, essa data ganhou um maior destaque h\u00e1 quatro anos, quando o Papa Francisco transferiu para o \u00faltimo domingo do m\u00eas de julho a comemora\u00e7\u00e3o do Dia Mundial dos Av\u00f3s e Idosos.&nbsp;<\/span><span data-ccp-props=\"{&quot;201341983&quot;:0,&quot;335551550&quot;:6,&quot;335551620&quot;:6,&quot;335559731&quot;:708,&quot;335559739&quot;:160,&quot;335559740&quot;:276}\">&nbsp;<\/span><\/p>\n<p><span data-contrast=\"auto\">A inten\u00e7\u00e3o do Papa Francisco em transferir o Dia Mundial dos Av\u00f3s e Idosos para o domingo ap\u00f3s o dia 26 \u00e9 para que essa data ganhasse um maior destaque a exemplo do Dia dos Pais e Dia das M\u00e3es.&nbsp;<\/span><span data-ccp-props=\"{&quot;201341983&quot;:0,&quot;335551550&quot;:6,&quot;335551620&quot;:6,&quot;335559731&quot;:708,&quot;335559739&quot;:160,&quot;335559740&quot;:276}\">&nbsp;<\/span><\/p>\n<blockquote><p><span data-contrast=\"auto\">\u201cSe os seus av\u00f3s ainda s\u00e3o vivos procure telefonar ou mandar uma mensagem para eles, ou ainda, fazer-lhes uma visita, almo\u00e7ar com eles, enfim. J\u00e1 se encontram na morada celeste eleve a Deus uma prece por eles, para que eles possam interceder por todos que aqui ficamos\u201d, incentiva o cardeal Orani Jo\u00e3o Tempesta, arcebispo do Rio de Janeiro.<\/span><\/p><\/blockquote>\n<h3><strong>Quarto Dia Mundial dos Av\u00f3s e dos Idosos<\/strong><\/h3>\n<p><span data-contrast=\"auto\">Neste ano o Papa enviou a mensagem para o 4\u00ba Dia Mundial dos av\u00f3s e dos idosos com o tema: \u201cNa velhice, n\u00e3o me abandones! (Sl 71, 9)\u201d impulsionando para que diante do descarte e solid\u00e3o na velhice em n\u00e3o abandonar os idosos. Por ocasi\u00e3o desta data a Penitenciaria Apost\u00f3lica concedeu indulg\u00eancia plen\u00e1ria \u201cnas consuetas condi\u00e7\u00f5es\u201d.<\/span><span data-ccp-props=\"{&quot;201341983&quot;:0,&quot;335551550&quot;:6,&quot;335551620&quot;:6,&quot;335559731&quot;:708,&quot;335559739&quot;:160,&quot;335559740&quot;:276}\">&nbsp;<\/span><\/p>\n<p><span data-contrast=\"auto\">Neste domingo \u2013 o quarto Dia Mundial dos Av\u00f3s e dos Idosos \u2013 seria oportuno, segundo o cardeal Orani, que os fi\u00e9is marcassem missa em sufr\u00e1gio das almas dos av\u00f3s, paternos e maternos, falecidos. \u201cPrecisamos reavivar o piedoso costume de aplicar missas nas inten\u00e7\u00f5es dos fi\u00e9is falecidos!\u201d, disse.<\/span><span data-ccp-props=\"{&quot;201341983&quot;:0,&quot;335551550&quot;:6,&quot;335551620&quot;:6,&quot;335559731&quot;:708,&quot;335559739&quot;:160,&quot;335559740&quot;:276}\">&nbsp;<\/span><\/p>\n<h3><span data-contrast=\"auto\"><strong>Sant\u2019Ana e S\u00e3o Joaquim<\/strong><\/span><\/h3>\n<p>Segundo o cardeal Orani,&nbsp;<span data-contrast=\"auto\">Sant\u2019Ana e S\u00e3o Joaquim tamb\u00e9m foram alcan\u00e7ados pela miseric\u00f3rdia, pois eram considerados est\u00e9reis e j\u00e1 de idade avan\u00e7ada, e quando j\u00e1 se conformaram e pensavam n\u00e3o ter mais filhos, o Senhor presenteou Ana com a gravidez. \u201cA gra\u00e7a de Deus foi t\u00e3o grande na vida desse casal que por meio de Sant\u2019Ana nasce Maria, e por meio de Maria nosso Salvador. Podemos observar que Deus faz tudo de maneira correta e a ben\u00e7\u00e3o que alcan\u00e7ou Sant\u2019Ana tamb\u00e9m alcan\u00e7ou Maria\u201d, afirmou.&nbsp;<\/span><span data-ccp-props=\"{&quot;201341983&quot;:0,&quot;335551550&quot;:6,&quot;335551620&quot;:6,&quot;335559731&quot;:708,&quot;335559739&quot;:160,&quot;335559740&quot;:276}\">&nbsp;<\/span><\/p>\n<blockquote><p><span data-contrast=\"auto\">\u201cMaria \u00e9 a \u201ccheia de gra\u00e7a\u201d conforme o Anjo lhe anunciou, era a \u201ccheia de gra\u00e7a\u201d porque desde a sua concep\u00e7\u00e3o a gra\u00e7a de Deus lhe alcan\u00e7ou. O Esp\u00edrito Santo j\u00e1 havia trabalhado em Nossa Senhora desde a sua concep\u00e7\u00e3o e depois ela teve a miss\u00e3o de trazer ao mundo o Salvador que, quando da visita Santa Izabel, Jo\u00e3o Batista, no seu ventre, reconheceu o novo tempo que havia chegado\u201d, explica.<\/span><span data-ccp-props=\"{&quot;201341983&quot;:0,&quot;335551550&quot;:6,&quot;335551620&quot;:6,&quot;335559731&quot;:708,&quot;335559739&quot;:160,&quot;335559740&quot;:276}\">&nbsp;<\/span><\/p><\/blockquote>\n<p><span data-contrast=\"auto\">Sant\u2019 Ana e S\u00e3o Joaquim eram muito piedosos e tementes a Deus, por isso sempre confiaram em Deus e nunca se desesperaram ou reclamaram pelo fato de ainda n\u00e3o terem sido aben\u00e7oados com filhos. \u201cMas, quem espera em Deus sempre alcan\u00e7a coisas maravilhosas, eles esperaram e conceberam a M\u00e3e do Filho de Deus\u201d, salienta o cardeal Orani.&nbsp;<\/span><span data-ccp-props=\"{&quot;201341983&quot;:0,&quot;335551550&quot;:6,&quot;335551620&quot;:6,&quot;335559731&quot;:708,&quot;335559739&quot;:160,&quot;335559740&quot;:276}\">&nbsp;<\/span><\/p>\n<p><span data-contrast=\"auto\">Os dois frequentavam sempre o templo e cumpriam os preceitos da religi\u00e3o judaica e ensinaram a Nossa Senhora as ora\u00e7\u00f5es comuns dos judeus, recitavam e cantavam salmos. Esses ensinamentos foram passando de gera\u00e7\u00e3o em gera\u00e7\u00e3o. \u201cNossa Senhora ensinou ao menino Jesus e depois Jesus ensinou aos seus disc\u00edpulos\u201d, disse o cardeal Orani.&nbsp;<\/span><span data-ccp-props=\"{&quot;201341983&quot;:0,&quot;335551550&quot;:6,&quot;335551620&quot;:6,&quot;335559731&quot;:708,&quot;335559739&quot;:160,&quot;335559740&quot;:276}\">&nbsp;<\/span><\/p>\n<p><span data-contrast=\"auto\">N\u00e3o h\u00e1 refer\u00eancia na b\u00edblia e nem not\u00edcias sobre Sant\u2019Ana e S\u00e3o Joaquim. As informa\u00e7\u00f5es que t\u00eam sobre eles foram tiradas dos evangelhos \u201cap\u00f3crifos\u201d, ou seja, textos que n\u00e3o foram aprovados canonicamente pela Igreja. O Protoevangelho de Tiago e o Evangelho pseudoMateus trazem informa\u00e7\u00f5es sobre Sant\u2019Ana e S\u00e3o Joaquim. Sabe-se que ambos moravam em Jerusal\u00e9m.&nbsp;<\/span><\/p>\n<blockquote><p><span data-contrast=\"auto\">\u201cCelebremos com alegria a mem\u00f3ria lit\u00fargica de Sant\u2019 Ana e S\u00e3o Joaquim, sejamos gratos aos nossos av\u00f3s e rezemos por eles. Que nesse dia dedicado aos av\u00f3s e idosos possamos visit\u00e1-los ou ao menos fazer uma liga\u00e7\u00e3o para eles. Se j\u00e1 s\u00e3o falecidos lembre-se nesse dia de algum momento que teve com seus av\u00f3s e reze uma Ave-Maria por eles. E ainda, ensinemos as novas gera\u00e7\u00f5es a respeitarem os av\u00f3s e idosos e dizer a eles que a vida passa muitos r\u00e1pido e tem que aproveitar todos os momentos\u201d, exorta o cardeal.&nbsp;<\/span><span data-ccp-props=\"{&quot;201341983&quot;:0,&quot;335551550&quot;:6,&quot;335551620&quot;:6,&quot;335559731&quot;:708,&quot;335559739&quot;:160,&quot;335559740&quot;:276}\">&nbsp;<\/span><\/p><\/blockquote>\n<h3><strong>Ora\u00e7\u00e3o a Sant\u2019Ana e S\u00e3o Joaquim:&nbsp;&nbsp;<\/strong><\/h3>\n<blockquote><p><i><span data-contrast=\"auto\">\u201cS\u00e3o Joaquim e Sant\u2019Ana, av\u00f3s de Jesus, exemplos de perseveran\u00e7a na f\u00e9 e na cria\u00e7\u00e3o da m\u00e3e do Salvador, interceda a Jesus por todos os av\u00f3s neste dia. Am\u00e9m.\u201d<\/span><\/i><\/p><\/blockquote>\n<p>Leia o&nbsp;<a href=\"https:\/\/www.cnbb.org.br\/santana-e-sao-joaquim\/\">artigo do cardeal Orani na \u00edntegra.<\/a><\/p>\n<pre>Por Larissa Carvalho\/CNBB<\/pre>\n","protected":false},"excerpt":{"rendered":"<p>A Igreja celebra nesta sexta-feira, 26 de julho, a mem\u00f3ria lit\u00fargica de Sant\u2019Ana e S\u00e3o Joaquim, pais de Nossa Senhora e av\u00f3s de Jesus. Por isso, nesse dia \u00e9 comemorado o Dia dos Av\u00f3s, e, essa data ganhou um maior destaque h\u00e1 quatro anos, quando o Papa Francisco transferiu para o \u00faltimo domingo do m\u00eas&nbsp;<\/p>\n<p><a class=\"btn btn-style\" href=\"https:\/\/portalcatolico.net\/portal\/igreja-celebra-nesta-sexta-feira-26-de-julho-a-memoria-liturgica-de-santana-e-sao-joaquim-pais-de-nossa-senhora-e-avos-de-jesus\/\">Continue Reading<\/a><\/p>\n","protected":false},"author":2,"featured_media":81068,"comment_status":"open","ping_status":"open","sticky":false,"template":"","format":"standard","meta":{"footnotes":""},"categories":[69],"tags":[],"class_list":["post-81067","post","type-post","status-publish","format-standard","has-post-thumbnail","hentry","category-artigos"],"_links":{"self":[{"href":"https:\/\/portalcatolico.net\/portal\/wp-json\/wp\/v2\/posts\/81067","targetHints":{"allow":["GET"]}}],"collection":[{"href":"https:\/\/portalcatolico.net\/portal\/wp-json\/wp\/v2\/posts"}],"about":[{"href":"https:\/\/portalcatolico.net\/portal\/wp-json\/wp\/v2\/types\/post"}],"author":[{"embeddable":true,"href":"https:\/\/portalcatolico.net\/portal\/wp-json\/wp\/v2\/users\/2"}],"replies":[{"embeddable":true,"href":"https:\/\/portalcatolico.net\/portal\/wp-json\/wp\/v2\/comments?post=81067"}],"version-history":[{"count":1,"href":"https:\/\/portalcatolico.net\/portal\/wp-json\/wp\/v2\/posts\/81067\/revisions"}],"predecessor-version":[{"id":81069,"href":"https:\/\/portalcatolico.net\/portal\/wp-json\/wp\/v2\/posts\/81067\/revisions\/81069"}],"wp:featuredmedia":[{"embeddable":true,"href":"https:\/\/portalcatolico.net\/portal\/wp-json\/wp\/v2\/media\/81068"}],"wp:attachment":[{"href":"https:\/\/portalcatolico.net\/portal\/wp-json\/wp\/v2\/media?parent=81067"}],"wp:term":[{"taxonomy":"category","embeddable":true,"href":"https:\/\/portalcatolico.net\/portal\/wp-json\/wp\/v2\/categories?post=81067"},{"taxonomy":"post_tag","embeddable":true,"href":"https:\/\/portalcatolico.net\/portal\/wp-json\/wp\/v2\/tags?post=81067"}],"curies":[{"name":"wp","href":"https:\/\/api.w.org\/{rel}","templated":true}]}}