{"id":81063,"date":"2024-07-26T19:43:26","date_gmt":"2024-07-26T22:43:26","guid":{"rendered":"http:\/\/portalcatolico.net\/portal\/?p=81063"},"modified":"2024-07-26T19:43:39","modified_gmt":"2024-07-26T22:43:39","slug":"para-honrar-verdadeiramente-o-corpo-de-cristo","status":"publish","type":"post","link":"https:\/\/portalcatolico.net\/portal\/para-honrar-verdadeiramente-o-corpo-de-cristo\/","title":{"rendered":"Para honrar verdadeiramente o Corpo de Cristo"},"content":{"rendered":"<div class=\"article__subTitle\"><strong>O grande Congresso Eucar\u00edstico dos Estados Unidos, as palavras de S\u00e3o Jo\u00e3o Cris\u00f3stomo, a defesa de toda a vida.<\/strong><\/div>\n<div class=\"title__separator\">\n<p>No discurso proferido na abertura do Congresso Eucar\u00edstico nos Estados Unidos, em Indian\u00e1polis, na noite de 17 de julho, o n\u00fancio apost\u00f3lico Christophe Pierre perguntou-se em que consiste o \u201crenascimento eucar\u00edstico\u201d e tamb\u00e9m qual \u00e9 a prova decisiva para saber se \u201cum despertar eucar\u00edstico est\u00e1 sendo experimentando\u201d. O verdadeiro despertar eucar\u00edstico, explicou o cardeal, embora seja \u201csempre acompanhado pela devo\u00e7\u00e3o sacramental\u201d e, portanto, pela adora\u00e7\u00e3o, pelas prociss\u00f5es, pela catequese, \u201cdeve estender-se al\u00e9m das pr\u00e1ticas devocionais\u201d. O verdadeiro despertar eucar\u00edstico, explicou o cardeal Pierre, significa ver Cristo nos outros, n\u00e3o s\u00f3 na pr\u00f3pria fam\u00edlia, nos amigos e na pr\u00f3pria comunidade, mas tamb\u00e9m naqueles que sentimos distantes porque pertencem a uma etnia ou t\u00eam uma condi\u00e7\u00e3o social diferente, ou naqueles que desafiam a nossa forma de pensar ou que t\u00eam opini\u00f5es diferentes das nossas. Estas s\u00e3o palavras particularmente significativas em rela\u00e7\u00e3o \u00e0 polariza\u00e7\u00e3o que caracteriza a sociedade estadunidense e cuja influ\u00eancia a Igreja daquele grande pa\u00eds n\u00e3o est\u00e1 isenta.<\/p>\n<p>As reflex\u00f5es do N\u00fancio Pierre recordam uma homilia do grande padre da Igreja, S\u00e3o Jo\u00e3o Cris\u00f3stomo, que disse: \u201cVoc\u00ea quer honrar o corpo de Cristo? N\u00e3o permita que ele seja objeto de desprezo em seus membros, isto \u00e9, nos pobres, que n\u00e3o t\u00eam roupas para se cobrir. N\u00e3o o honre aqui na igreja com tecidos de seda, enquanto l\u00e1 fora voc\u00ea o negligencia quando ele sofre com o frio e a nudez&#8230;. Que vantagem Cristo pode ter se a mesa do sacrif\u00edcio estiver cheia de vasos de ouro, enquanto ele morre de fome na pessoa do pobre?\u201d Jo\u00e3o Cris\u00f3stomo acrescentou: \u201cPense a mesma coisa de Cristo, quando ele anda errante e peregrino, precisando de um teto. Voc\u00ea se recusa a acolh\u00ea-lo no peregrino e, em vez disso, adorna o ch\u00e3o, as paredes, as colunas e os muros do edif\u00edcio sagrado. Ao enfeitar o ambiente para o culto, n\u00e3o feche o seu cora\u00e7\u00e3o para o irm\u00e3o que sofre. Ele \u00e9 o templo vivo mais precioso do que aquele\u201d.<\/p>\n<p>Outro grande bispo, dom Tonino Bello, observou: &#8220;Infelizmente, a opul\u00eancia vistosa das nossas cidades nos faz ver facilmente o corpo de Cristo na Eucaristia dos nossos altares. Mas nos impede de ver o corpo de Cristo nos tabern\u00e1culos inc\u00f4modos da pobreza, da necessidade, do sofrimento, da solid\u00e3o. \u00c9 por isso que as nossas Eucaristias s\u00e3o exc\u00eantricas&#8230;&#8221;.<\/p>\n<p>Pensando na situa\u00e7\u00e3o dos Estados Unidos, \u00e9 de se esperar que o renascimento eucar\u00edstico conduza a uma aten\u00e7\u00e3o cada vez maior ao corpo de Cristo nos \u201ctabern\u00e1culos inc\u00f4modos\u201d da mis\u00e9ria e da marginaliza\u00e7\u00e3o. Tamb\u00e9m \u00e9 de se esperar que esse renascimento promova uma aten\u00e7\u00e3o renovada em favor da vida e da dignidade humana, da vida fr\u00e1gil e indefesa, como a do nascituro, do sem-teto, do migrante. Uma aten\u00e7\u00e3o renovada em favor da vida daqueles que s\u00e3o diariamente amea\u00e7ados pela viol\u00eancia e pela propaga\u00e7\u00e3o descontrolada de armas vendidas com uma impressionante facilidade: uma praga que aflige particularmente aquele grande pa\u00eds, cujo combate nunca ser\u00e1 feito o suficiente pelos crist\u00e3os, ou seja, os seguidores daquele que, no Gets\u00eamani, deteve o impulso defensivo de Pedro, ordenando-lhe que colocasse a espada de volta na bainha para depois recolocar a orelha do servo do Sumo Sacerdote ferido pelo ap\u00f3stolo.<\/p>\n<\/div>\n<div class=\"article__text\">\n<p>ANDREA TORNIELLI\/VATICAN NEWS<\/p>\n<\/div>\n","protected":false},"excerpt":{"rendered":"<p>O grande Congresso Eucar\u00edstico dos Estados Unidos, as palavras de S\u00e3o Jo\u00e3o Cris\u00f3stomo, a defesa de toda a vida. No discurso proferido na abertura do Congresso Eucar\u00edstico nos Estados Unidos, em Indian\u00e1polis, na noite de 17 de julho, o n\u00fancio apost\u00f3lico Christophe Pierre perguntou-se em que consiste o \u201crenascimento eucar\u00edstico\u201d e tamb\u00e9m qual \u00e9 a&nbsp;<\/p>\n<p><a class=\"btn btn-style\" href=\"https:\/\/portalcatolico.net\/portal\/para-honrar-verdadeiramente-o-corpo-de-cristo\/\">Continue Reading<\/a><\/p>\n","protected":false},"author":2,"featured_media":81064,"comment_status":"open","ping_status":"open","sticky":false,"template":"","format":"standard","meta":{"footnotes":""},"categories":[5],"tags":[],"class_list":["post-81063","post","type-post","status-publish","format-standard","has-post-thumbnail","hentry","category-igreja_no_mundo"],"_links":{"self":[{"href":"https:\/\/portalcatolico.net\/portal\/wp-json\/wp\/v2\/posts\/81063","targetHints":{"allow":["GET"]}}],"collection":[{"href":"https:\/\/portalcatolico.net\/portal\/wp-json\/wp\/v2\/posts"}],"about":[{"href":"https:\/\/portalcatolico.net\/portal\/wp-json\/wp\/v2\/types\/post"}],"author":[{"embeddable":true,"href":"https:\/\/portalcatolico.net\/portal\/wp-json\/wp\/v2\/users\/2"}],"replies":[{"embeddable":true,"href":"https:\/\/portalcatolico.net\/portal\/wp-json\/wp\/v2\/comments?post=81063"}],"version-history":[{"count":2,"href":"https:\/\/portalcatolico.net\/portal\/wp-json\/wp\/v2\/posts\/81063\/revisions"}],"predecessor-version":[{"id":81066,"href":"https:\/\/portalcatolico.net\/portal\/wp-json\/wp\/v2\/posts\/81063\/revisions\/81066"}],"wp:featuredmedia":[{"embeddable":true,"href":"https:\/\/portalcatolico.net\/portal\/wp-json\/wp\/v2\/media\/81064"}],"wp:attachment":[{"href":"https:\/\/portalcatolico.net\/portal\/wp-json\/wp\/v2\/media?parent=81063"}],"wp:term":[{"taxonomy":"category","embeddable":true,"href":"https:\/\/portalcatolico.net\/portal\/wp-json\/wp\/v2\/categories?post=81063"},{"taxonomy":"post_tag","embeddable":true,"href":"https:\/\/portalcatolico.net\/portal\/wp-json\/wp\/v2\/tags?post=81063"}],"curies":[{"name":"wp","href":"https:\/\/api.w.org\/{rel}","templated":true}]}}