{"id":80907,"date":"2024-06-19T19:43:13","date_gmt":"2024-06-19T22:43:13","guid":{"rendered":"http:\/\/portalcatolico.net\/portal\/?p=80907"},"modified":"2024-06-19T19:43:13","modified_gmt":"2024-06-19T22:43:13","slug":"papa-os-salmos-nos-conduzem-a-felicidade-e-nos-preparam-para-o-jubileu","status":"publish","type":"post","link":"https:\/\/portalcatolico.net\/portal\/papa-os-salmos-nos-conduzem-a-felicidade-e-nos-preparam-para-o-jubileu\/","title":{"rendered":"Papa: os Salmos nos conduzem \u00e0 felicidade e nos preparam para o Jubileu"},"content":{"rendered":"<div class=\"article__subTitle\">Na Pra\u00e7a S\u00e3o Pedro, Francisco prosseguiu seu ciclo de catequeses sobre o Esp\u00edrito Santo e recordou que a Igreja vive o Ano da Ora\u00e7\u00e3o em prepara\u00e7\u00e3o ao Jubileu de 2025, aconselhando a medita\u00e7\u00e3o do Livro dos Salmos.<\/div>\n<div>&nbsp;<\/div>\n<div class=\"title__separator\">\n<p>Os Salmos e o Esp\u00edrito Santo foram o tema da catequese do Papa na Audi\u00eancia Geral de hoje, realizada na Pra\u00e7a S\u00e3o Pedro.<\/p>\n<p>Francisco definiu este livro do Antigo Testamento como uma \u201csinfonia de ora\u00e7\u00e3o&#8221;, cujo compositor \u00e9 o Esp\u00edrito Santo. E citou as edi\u00e7\u00f5es que cont\u00eam o Novo Testamento e os Salmos juntos, revelando que mant\u00e9m em sua escrivaninha um desses volumes em ucraniano, que pertenceu a um soldado que morreu na guerra: &#8220;E ele rezava na frente de combate com este livro&#8221;.<\/p>\n<p>Como em toda sinfonia, nela existem v\u00e1rios \u201cmovimentos\u201d, ou seja, v\u00e1rios tipos de ora\u00e7\u00e3o: louvor, a\u00e7\u00e3o de gra\u00e7as, s\u00faplica, lamento, narra\u00e7\u00e3o, reflex\u00e3o de sabedoria e outros, tanto na forma pessoal quanto comunit\u00e1ria.<\/p>\n<p>Alguns salmos refletem, por vezes, uma situa\u00e7\u00e3o hist\u00f3rica e uma mentalidade religiosa que j\u00e1 n\u00e3o s\u00e3o as nossas. Mas vale lembrar que foram a ora\u00e7\u00e3o de Jesus, de Maria, dos Ap\u00f3stolos e de todas as gera\u00e7\u00f5es crist\u00e3s que nos precederam. \u00c9 um elemento fixo na celebra\u00e7\u00e3o da Missa e na Liturgia das Horas.&nbsp;<\/p>\n<div>\n<div class=\"article__embed article__embed--border embed_style\">\n<blockquote><p>\u201cEu me pergunto: voc\u00eas rezam com os salmos algumas vezes? Peguem a B\u00edblia ou o Novo Testamento e rezem um salmo. Por exemplo, quando est\u00e3o um pouco tristes por terem pecado, rezam o salmo 50? Existem muitos salmos que nos ajudam a ir em frente. Criem o h\u00e1bito de rezar com os salmos. Eu lhes garanto que, no final, ficar\u00e3o felizes.\u201d<\/p><\/blockquote>\n<\/div>\n<\/div>\n<p>Mas n\u00e3o podemos viver apenas da heran\u00e7a do passado, afirmou o Pont\u00edfice. \u00c9 necess\u00e1rio fazer dos salmos a&nbsp;<i>nossa<\/i>&nbsp;ora\u00e7\u00e3o, como se f\u00f4ssemos n\u00f3s os \u201cautores\u201d. Se existem vers\u00edculos que falam ao nosso cora\u00e7\u00e3o, recomendou o Papa, \u00e9 bom repeti-los e rezar durante o dia, pois s\u00e3o v\u00e1lidos para todos os momentos e aumentam a sua efic\u00e1cia com a const\u00e2ncia.<\/p>\n<p>De fato, n\u00e3o h\u00e1 estado de esp\u00edrito ou necessidade que n\u00e3o encontre neles as melhores palavras para transform\u00e1-los em ora\u00e7\u00e3o. Culpa, medo e ang\u00fastia se transformam em prece. Podemos repetir com David, por exemplo: \u201cTem piedade de mim, \u00f3 Deus, pela tua miseric\u00f3rdia, segundo a tua grande compaix\u00e3o\u201d (<i>Sl<\/i>&nbsp;51,3). Ou&nbsp;\u201cO Senhor \u00e9 meu pastor [\u2026]. Mesmo que eu ande por vales tenebrosos, n\u00e3o temerei mal algum\u201d (<i>Sl<\/i>&nbsp;23,1,4).<\/p>\n<p>E mais: os salmos enriquecem a nossa ora\u00e7\u00e3o, pois n\u00e3o est\u00e1 centrada em n\u00f3s mesmos, pois com eles podemos expressar louvor, b\u00ean\u00e7\u00e3o, a\u00e7\u00e3o de gra\u00e7as, envolvendo tamb\u00e9m a cria\u00e7\u00e3o.<\/p>\n<p>\u201cIrm\u00e3os e irm\u00e3s, o Esp\u00edrito Santo, que deu \u00e0 Igreja Noiva as palavras para rezar ao seu divino Esposo, nos ajude a faz\u00ea-las ressoar na Igreja de hoje e a fazer deste ano preparat\u00f3rio para o Jubileu uma sinfonia de ora\u00e7\u00e3o\u201d, concluiu o Pont\u00edfice.(Vatican News)<\/p>\n<\/div>\n","protected":false},"excerpt":{"rendered":"<p>Na Pra\u00e7a S\u00e3o Pedro, Francisco prosseguiu seu ciclo de catequeses sobre o Esp\u00edrito Santo e recordou que a Igreja vive o Ano da Ora\u00e7\u00e3o em prepara\u00e7\u00e3o ao Jubileu de 2025, aconselhando a medita\u00e7\u00e3o do Livro dos Salmos. &nbsp; Os Salmos e o Esp\u00edrito Santo foram o tema da catequese do Papa na Audi\u00eancia Geral de&nbsp;<\/p>\n<p><a class=\"btn btn-style\" href=\"https:\/\/portalcatolico.net\/portal\/papa-os-salmos-nos-conduzem-a-felicidade-e-nos-preparam-para-o-jubileu\/\">Continue Reading<\/a><\/p>\n","protected":false},"author":2,"featured_media":80860,"comment_status":"open","ping_status":"open","sticky":false,"template":"","format":"standard","meta":{"footnotes":""},"categories":[5],"tags":[],"class_list":["post-80907","post","type-post","status-publish","format-standard","has-post-thumbnail","hentry","category-igreja_no_mundo"],"_links":{"self":[{"href":"https:\/\/portalcatolico.net\/portal\/wp-json\/wp\/v2\/posts\/80907","targetHints":{"allow":["GET"]}}],"collection":[{"href":"https:\/\/portalcatolico.net\/portal\/wp-json\/wp\/v2\/posts"}],"about":[{"href":"https:\/\/portalcatolico.net\/portal\/wp-json\/wp\/v2\/types\/post"}],"author":[{"embeddable":true,"href":"https:\/\/portalcatolico.net\/portal\/wp-json\/wp\/v2\/users\/2"}],"replies":[{"embeddable":true,"href":"https:\/\/portalcatolico.net\/portal\/wp-json\/wp\/v2\/comments?post=80907"}],"version-history":[{"count":1,"href":"https:\/\/portalcatolico.net\/portal\/wp-json\/wp\/v2\/posts\/80907\/revisions"}],"predecessor-version":[{"id":80908,"href":"https:\/\/portalcatolico.net\/portal\/wp-json\/wp\/v2\/posts\/80907\/revisions\/80908"}],"wp:featuredmedia":[{"embeddable":true,"href":"https:\/\/portalcatolico.net\/portal\/wp-json\/wp\/v2\/media\/80860"}],"wp:attachment":[{"href":"https:\/\/portalcatolico.net\/portal\/wp-json\/wp\/v2\/media?parent=80907"}],"wp:term":[{"taxonomy":"category","embeddable":true,"href":"https:\/\/portalcatolico.net\/portal\/wp-json\/wp\/v2\/categories?post=80907"},{"taxonomy":"post_tag","embeddable":true,"href":"https:\/\/portalcatolico.net\/portal\/wp-json\/wp\/v2\/tags?post=80907"}],"curies":[{"name":"wp","href":"https:\/\/api.w.org\/{rel}","templated":true}]}}