{"id":80903,"date":"2024-06-17T19:03:03","date_gmt":"2024-06-17T22:03:03","guid":{"rendered":"http:\/\/portalcatolico.net\/portal\/?p=80903"},"modified":"2024-06-17T19:03:03","modified_gmt":"2024-06-17T22:03:03","slug":"sob-o-olhar-do-redentor","status":"publish","type":"post","link":"https:\/\/portalcatolico.net\/portal\/sob-o-olhar-do-redentor\/","title":{"rendered":"Sob o olhar do Redentor!"},"content":{"rendered":"<div class=\"article__subTitle\">A Comiss\u00e3o Teol\u00f3gica Internacional desembarcou recentemente em solo sul-americano para uma semana de estudos da Subcomiss\u00e3o encarregada de aprofundar o tema: O primeiro Conc\u00edlio Ecum\u00eanico de Nic\u00e9ia e a atualidade de seu dogma.<\/div>\n<div>No pitoresco cen\u00e1rio do Rio de Janeiro, a &#8220;Cidade Maravilhosa&#8221;, a Subcomiss\u00e3o &#8220;Nic\u00e9ia&#8221; foi recebida com solicitude paternal e&nbsp;<i>bra\u00e7os abertos<\/i>&nbsp;pelo arcebispo do Rio de Janeiro, cardeal Orani Jo\u00e3o Tempesta, e seu bispo auxiliar dom Antonio Luiz Catelan Ferreira, membro da Subcomiss\u00e3o, para sua sess\u00e3o de ver\u00e3o, h\u00f3spedes da estrutura diocesana &#8220;S\u00e3o Jo\u00e3o Paulo II&#8221;.<\/div>\n<div class=\"title__separator\">\n<p>Mas \u00e9 sobretudo sob o olhar acolhedor do Cristo Redentor, a est\u00e1tua colocada no topo do Monte Corcovado a 709 metros acima do n\u00edvel do mar, que o grupo de te\u00f3logos de diferentes partes do mundo &#8211; Estados Unidos, Brasil, M\u00e9xico, It\u00e1lia, Fran\u00e7a, L\u00edbano &#8211; sob a s\u00e1bia orienta\u00e7\u00e3o do Secret\u00e1rio Geral, Mons. Piero Coda, e a competente coordena\u00e7\u00e3o do Prof. Philippe Vallin, continuou a delicada tarefa de redigir o documento que ver\u00e1 a luz no in\u00edcio do ano 2025, por ocasi\u00e3o do 1700\u00ba anivers\u00e1rio da abertura do Conc\u00edlio de Nic\u00e9ia.<\/p>\n<p>N\u00e3o s\u00e3o poucas as iniciativas preparadas, j\u00e1 a partir deste ano, para comemorar esse anivers\u00e1rio, tanto no contexto acad\u00eamico quanto no pastoral-eclesial, com uma variedade de perspectivas que contribuem para considerar o evento conciliar a partir das perspectivas hist\u00f3rico-patr\u00edstica, teol\u00f3gico-doutrinal, disciplinar-can\u00f4nica e ecum\u00eanico-pastoral.<\/p>\n<p>O Conc\u00edlio de Nic\u00e9ia foi o primeiro conc\u00edlio chamado &#8220;ecum\u00eanico&#8221;, um evento teol\u00f3gico e ao mesmo tempo eclesial, no qual a violenta disputa ariana sobre a confiss\u00e3o cristol\u00f3gica foi resolvida de forma sinodal e foi definida a quest\u00e3o pastoral-disciplinar da data da P\u00e1scoa. Isso nos deixou em heran\u00e7a o S\u00edmbolo, no qual a f\u00e9 trinit\u00e1ria e cristol\u00f3gica da Igreja encontra sua plena identidade, e, acima de tudo, nos fez saborear a beleza da salva\u00e7\u00e3o oferecida em Cristo Jesus, Filho de Deus e Salvador da humanidade.<\/p>\n<p>O documento da Comiss\u00e3o Teol\u00f3gica Internacional se insere nessa linha de aprofundamento do evento conciliar, com o objetivo de realizar uma leitura &#8220;doxol\u00f3gica&#8221; do S\u00edmbolo, para evidenciar seus recursos soteriol\u00f3gicos e, portanto, criotol\u00f3gicos, trinit\u00e1rios e antropol\u00f3gicos. Trata-se, de fato, de redescobrir Cristo, &#8220;Luz da Luz&#8221; e luz do mundo, em todo o seu poder de atra\u00e7\u00e3o.<\/p>\n<p><img loading=\"lazy\" decoding=\"async\" class=\"alignnone  wp-image-80904\" src=\"http:\/\/portalcatolico.net\/portal\/wp-content\/uploads\/2024\/06\/cq5dam.thumbnail.cropped.750.422-1-1-300x169.jpeg\" alt=\"\" width=\"827\" height=\"466\" srcset=\"https:\/\/portalcatolico.net\/portal\/wp-content\/uploads\/2024\/06\/cq5dam.thumbnail.cropped.750.422-1-1-300x169.jpeg 300w, https:\/\/portalcatolico.net\/portal\/wp-content\/uploads\/2024\/06\/cq5dam.thumbnail.cropped.750.422-1-1.jpeg 750w\" sizes=\"auto, (max-width: 827px) 100vw, 827px\" \/><\/p>\n<div>\n<div class=\"article__embed article__embed--unwrap article__embed--photo\">\n<figure><picture><source srcset=\"\/content\/dam\/vaticannews\/multimedia\/2024\/giugno\/17\/xxx.jpg\/_jcr_content\/renditions\/cq5dam.thumbnail.cropped.1500.844.jpeg 2x, \/content\/dam\/vaticannews\/multimedia\/2024\/giugno\/17\/xxx.jpg\/_jcr_content\/renditions\/cq5dam.thumbnail.cropped.750.422.jpeg 1x\" media=\"(min-width: 1024px)\" data-original-set=\"\/content\/dam\/vaticannews\/multimedia\/2024\/giugno\/17\/xxx.jpg\/_jcr_content\/renditions\/cq5dam.thumbnail.cropped.1500.844.jpeg 2x, \/content\/dam\/vaticannews\/multimedia\/2024\/giugno\/17\/xxx.jpg\/_jcr_content\/renditions\/cq5dam.thumbnail.cropped.750.422.jpeg 1x\"><source srcset=\"\/content\/dam\/vaticannews\/multimedia\/2024\/giugno\/17\/xxx.jpg\/_jcr_content\/renditions\/cq5dam.thumbnail.cropped.1000.563.jpeg 2x, \/content\/dam\/vaticannews\/multimedia\/2024\/giugno\/17\/xxx.jpg\/_jcr_content\/renditions\/cq5dam.thumbnail.cropped.500.281.jpeg 1x\" media=\"(min-width: 768px)\" data-original-set=\"\/content\/dam\/vaticannews\/multimedia\/2024\/giugno\/17\/xxx.jpg\/_jcr_content\/renditions\/cq5dam.thumbnail.cropped.1000.563.jpeg 2x, \/content\/dam\/vaticannews\/multimedia\/2024\/giugno\/17\/xxx.jpg\/_jcr_content\/renditions\/cq5dam.thumbnail.cropped.500.281.jpeg 1x\"><source srcset=\"\/content\/dam\/vaticannews\/multimedia\/2024\/giugno\/17\/xxx.jpg\/_jcr_content\/renditions\/cq5dam.thumbnail.cropped.500.281.jpeg\" data-original-set=\"\/content\/dam\/vaticannews\/multimedia\/2024\/giugno\/17\/xxx.jpg\/_jcr_content\/renditions\/cq5dam.thumbnail.cropped.500.281.jpeg\"><\/picture><\/figure>\n<div class=\"photo_embed--Title\">Comiss\u00e3o Teol\u00f3gica Internacional<\/div>\n<\/div>\n<\/div>\n<p>De um ponto de vista patr\u00edstico, o texto examinar\u00e1 a vida lit\u00fargica e a vida de ora\u00e7\u00e3o para ver como essas \u00e1reas foram frut\u00edferas na Igreja ap\u00f3s o Conc\u00edlio e como ainda podem ser frut\u00edferas hoje.<\/p>\n<p>Al\u00e9m disso, o documento tamb\u00e9m \u00e9 enriquecido por um olhar especial sobre o &#8220;evento&#8221; que Niceia representou para a hist\u00f3ria do pensamento e para a hist\u00f3ria das estruturas de governo da Igreja, juntamente com uma vis\u00e3o geral da estrutura de &#8220;teologia fundamental&#8221; delineada pelo que o primeiro conc\u00edlio ecum\u00eanico manifestou sobre a miss\u00e3o constante da Igreja a servi\u00e7o da credibilidade de sua f\u00e9. Nesse sentido, manifesta-se assim a fecundidade da Revela\u00e7\u00e3o crist\u00e3 para renovar o pensamento e as formas de vida comum do ser humano.<\/p>\n<p>O documento retoma e aprofunda o convite do Papa Francisco, expresso em seu discurso na Assembleia Plen\u00e1ria da Comiss\u00e3o Teol\u00f3gica Internacional no ano passado, para redescobrir a atualidade do evento do Conc\u00edlio de Nic\u00e9ia e a beleza do conte\u00fado da f\u00e9 trinit\u00e1ria e cristol\u00f3gica da Igreja, retomando as tr\u00eas raz\u00f5es que ele deu para tornar essa redescoberta promissora e eficaz.<\/p>\n<p>Antes de tudo, um motivo&nbsp;<i>espiritual<\/i>, reiterado a partir da profiss\u00e3o de f\u00e9 em Cristo, &#8220;Deus de Deus, luz da luz&#8221;. O Papa exortou os te\u00f3logos a testemunharem com a pr\u00f3pria vida aquela &#8220;luz nascente e eterna&#8221;, que n\u00e3o \u00e9 apenas &#8220;a luz de um conhecimento impens\u00e1vel, mas \u00e9 a luz que ilumina a exist\u00eancia&#8221;, comprometendo-se a irradi\u00e1-la com uma vida luminosa e alegre, &#8220;difundindo novos e surpreendentes fulgores da luz eterna de Cristo na casa da Igreja e nas trevas do mundo&#8221;.<\/p>\n<p>Uma segunda raz\u00e3o \u00e9 a&nbsp;<i>sinodal<\/i>, j\u00e1 que em Nic\u00e9ia a Igreja p\u00f4de refletir sobre a natureza de sua f\u00e9 e de sua miss\u00e3o e tratou as quest\u00f5es debatidas com um m\u00e9todo sinodal. Em tal horizonte, explica o Papa, a sinodalidade constitui a ocasi\u00e3o prop\u00edcia &#8220;para traduzir em atitudes de comunh\u00e3o e em processos de participa\u00e7\u00e3o a din\u00e2mica trinit\u00e1ria com a qual Deus, por meio de Cristo e no sopro do Esp\u00edrito Santo, vem ao encontro da humanidade&#8221;. A tarefa dos te\u00f3logos, portanto, \u00e9 &#8220;liberar a riqueza dessa maravilhosa &#8216;energia humanizadora'&#8221;.<\/p>\n<p>Outro motivo \u00e9&nbsp;<i>ecum\u00eanico<\/i>, lembrando a relev\u00e2ncia do evento conciliar no contexto do camimho rumo \u00e0 unidade dos crist\u00e3os. A esse respeito, o Papa, lembrando que o S\u00edmbolo Niceno n\u00e3o s\u00f3 une os disc\u00edpulos de Cristo, mas que em 2025 a data da P\u00e1scoa coincidir\u00e1 para todas as denomina\u00e7\u00f5es crist\u00e3s, fez votos que essa ocasi\u00e3o possa marcar &#8220;o in\u00edcio concreto de uma celebra\u00e7\u00e3o sempre comum da P\u00e1scoa&#8221;.<\/p>\n<p>O documento da Comiss\u00e3o Teol\u00f3gica, caminhando na dire\u00e7\u00e3o de compreender a efic\u00e1cia desse Conc\u00edlio para a vida da Igreja no s\u00e9culo XXI, chamada a enfrentar antigos e novos desafios, tanto em n\u00edvel universal quanto local, privilegia a perspectiva da atualidade do dogma niceno, compreendendo a necessidade do homem moderno de reafirmar sua f\u00e9 dentro de um contexto cultural que solicita a redescoberta da rela\u00e7\u00e3o entre f\u00e9 e vida.<\/p>\n<p>Em seu discurso solene na abertura do Conc\u00edlio Vaticano II, S\u00e3o Jo\u00e3o XXIII assim se expressou: &#8220;\u00c9 necess\u00e1rio que essa doutrina certa e imut\u00e1vel, que deve ser fielmente respeitada, seja aprofundada e apresentada de uma forma que responda \u00e0s necessidades de nosso tempo. Outra coisa \u00e9, de fato, o dep\u00f3sito da f\u00e9, ou seja, as verdades contidas em nossa doutrina, outra coisa, \u00e9 a forma em que s\u00e3o enunciadas, preservando o mesmo significado e o mesmo objetivo. Ser\u00e1 preciso dar grande import\u00e2ncia a essa forma e, se necess\u00e1rio, ser\u00e1 preciso insistir pacientemente em sua elabora\u00e7\u00e3o; e ser\u00e1 preciso recorrer a uma maneira de apresentar as coisas que melhor corresponda ao magist\u00e9rio, cujo car\u00e1ter \u00e9 preeminentemente pastoral.<\/p>\n<p>A ocasi\u00e3o da comemora\u00e7\u00e3o do Conc\u00edlio de Nic\u00e9ia e, em particular, o S\u00edmbolo que dele emergiu, desempenha um papel fundamental na cust\u00f3dia e transmiss\u00e3o da f\u00e9, colocando no centro da evangeliza\u00e7\u00e3o o aprofundamento do Kerigma Trinit\u00e1rio, como uma experi\u00eancia vital do encontro com o Senhor crucificado e ressuscitado, Filho de Deus e Salvador, na luz do Esp\u00edrito.<\/p>\n<p>A famosa est\u00e1tua monumental do Cristo Redentor no Rio de Janeiro oferece iconicamente uma par\u00e1bola da salva\u00e7\u00e3o em Cristo que a Igreja deseja celebrar em 2025. Esplendidamente colocada no Morro do Corcovado, ela, ao mesmo tempo em que atrai milhares de peregrinos, revela ao homem moderno infinitos vislumbres de beleza, atrav\u00e9s de uma vista impressionante de toda a cidade reunida e abra\u00e7ada no horizonte encantador dos bra\u00e7os abertos de Cristo, cuja extens\u00e3o parece alcan\u00e7ar todos os cantos da Terra.<\/p>\n<p>Aos p\u00e9s do monumento que delineia a inconfund\u00edvel silhueta da cruz, o homem crente tem a oportunidade de mergulhar naquela vis\u00e3o espiritual e crist\u00e3 da exist\u00eancia que lhe permite ver a hist\u00f3ria, o mundo e a humanidade com os pr\u00f3prios olhos do Redentor.<\/p>\n<\/div>\n<div class=\"article__text\">Mons. Maurizio Barba &#8211; Secret\u00e1rio Adjunto da Comiss\u00e3o Teol\u00f3gica InternacionalFonte e fotos: Vatican News<\/p>\n<\/div>\n","protected":false},"excerpt":{"rendered":"<p>A Comiss\u00e3o Teol\u00f3gica Internacional desembarcou recentemente em solo sul-americano para uma semana de estudos da Subcomiss\u00e3o encarregada de aprofundar o tema: O primeiro Conc\u00edlio Ecum\u00eanico de Nic\u00e9ia e a atualidade de seu dogma. No pitoresco cen\u00e1rio do Rio de Janeiro, a &#8220;Cidade Maravilhosa&#8221;, a Subcomiss\u00e3o &#8220;Nic\u00e9ia&#8221; foi recebida com solicitude paternal e&nbsp;bra\u00e7os abertos&nbsp;pelo arcebispo do&nbsp;<\/p>\n<p><a class=\"btn btn-style\" href=\"https:\/\/portalcatolico.net\/portal\/sob-o-olhar-do-redentor\/\">Continue Reading<\/a><\/p>\n","protected":false},"author":2,"featured_media":80905,"comment_status":"open","ping_status":"open","sticky":false,"template":"","format":"standard","meta":{"footnotes":""},"categories":[5],"tags":[],"class_list":["post-80903","post","type-post","status-publish","format-standard","has-post-thumbnail","hentry","category-igreja_no_mundo"],"_links":{"self":[{"href":"https:\/\/portalcatolico.net\/portal\/wp-json\/wp\/v2\/posts\/80903","targetHints":{"allow":["GET"]}}],"collection":[{"href":"https:\/\/portalcatolico.net\/portal\/wp-json\/wp\/v2\/posts"}],"about":[{"href":"https:\/\/portalcatolico.net\/portal\/wp-json\/wp\/v2\/types\/post"}],"author":[{"embeddable":true,"href":"https:\/\/portalcatolico.net\/portal\/wp-json\/wp\/v2\/users\/2"}],"replies":[{"embeddable":true,"href":"https:\/\/portalcatolico.net\/portal\/wp-json\/wp\/v2\/comments?post=80903"}],"version-history":[{"count":1,"href":"https:\/\/portalcatolico.net\/portal\/wp-json\/wp\/v2\/posts\/80903\/revisions"}],"predecessor-version":[{"id":80906,"href":"https:\/\/portalcatolico.net\/portal\/wp-json\/wp\/v2\/posts\/80903\/revisions\/80906"}],"wp:featuredmedia":[{"embeddable":true,"href":"https:\/\/portalcatolico.net\/portal\/wp-json\/wp\/v2\/media\/80905"}],"wp:attachment":[{"href":"https:\/\/portalcatolico.net\/portal\/wp-json\/wp\/v2\/media?parent=80903"}],"wp:term":[{"taxonomy":"category","embeddable":true,"href":"https:\/\/portalcatolico.net\/portal\/wp-json\/wp\/v2\/categories?post=80903"},{"taxonomy":"post_tag","embeddable":true,"href":"https:\/\/portalcatolico.net\/portal\/wp-json\/wp\/v2\/tags?post=80903"}],"curies":[{"name":"wp","href":"https:\/\/api.w.org\/{rel}","templated":true}]}}