{"id":80892,"date":"2024-06-16T19:41:48","date_gmt":"2024-06-16T22:41:48","guid":{"rendered":"http:\/\/portalcatolico.net\/portal\/?p=80892"},"modified":"2024-06-17T06:45:03","modified_gmt":"2024-06-17T09:45:03","slug":"seminarista-de-itabuna-e-ordenado-diacono-transitorio-em-salvador","status":"publish","type":"post","link":"https:\/\/portalcatolico.net\/portal\/seminarista-de-itabuna-e-ordenado-diacono-transitorio-em-salvador\/","title":{"rendered":"Seminarista de Itabuna \u00e9 ordenado di\u00e1cono transit\u00f3rio em Salvador."},"content":{"rendered":"<div dir=\"auto\"><span style=\"font-family: Roboto, sans-serif;\"><img loading=\"lazy\" decoding=\"async\" class=\"alignnone wp-image-80895\" src=\"http:\/\/portalcatolico.net\/portal\/wp-content\/uploads\/2024\/06\/Ordenacao-Diaconal-de-Lucas-e-Otavio-Fotos-Sara-Gomes-173-300x200.jpg\" alt=\"\" width=\"824\" height=\"549\" srcset=\"https:\/\/portalcatolico.net\/portal\/wp-content\/uploads\/2024\/06\/Ordenacao-Diaconal-de-Lucas-e-Otavio-Fotos-Sara-Gomes-173-300x200.jpg 300w, https:\/\/portalcatolico.net\/portal\/wp-content\/uploads\/2024\/06\/Ordenacao-Diaconal-de-Lucas-e-Otavio-Fotos-Sara-Gomes-173-768x512.jpg 768w, https:\/\/portalcatolico.net\/portal\/wp-content\/uploads\/2024\/06\/Ordenacao-Diaconal-de-Lucas-e-Otavio-Fotos-Sara-Gomes-173.jpg 1000w\" sizes=\"auto, (max-width: 824px) 100vw, 824px\" \/><\/span><\/div>\n<div dir=\"auto\"><img loading=\"lazy\" decoding=\"async\" class=\"alignnone wp-image-80897\" src=\"http:\/\/portalcatolico.net\/portal\/wp-content\/uploads\/2024\/06\/Ordenacao-Diaconal-de-Lucas-e-Otavio-Fotos-Sara-Gomes-176-300x200.jpg\" alt=\"\" width=\"825\" height=\"550\" srcset=\"https:\/\/portalcatolico.net\/portal\/wp-content\/uploads\/2024\/06\/Ordenacao-Diaconal-de-Lucas-e-Otavio-Fotos-Sara-Gomes-176-300x200.jpg 300w, https:\/\/portalcatolico.net\/portal\/wp-content\/uploads\/2024\/06\/Ordenacao-Diaconal-de-Lucas-e-Otavio-Fotos-Sara-Gomes-176-768x512.jpg 768w, https:\/\/portalcatolico.net\/portal\/wp-content\/uploads\/2024\/06\/Ordenacao-Diaconal-de-Lucas-e-Otavio-Fotos-Sara-Gomes-176.jpg 1000w\" sizes=\"auto, (max-width: 825px) 100vw, 825px\" \/><\/div>\n<div dir=\"auto\"><span style=\"font-family: Roboto, sans-serif;\">Na manh\u00e3 do dia 15 de junho, o Arcebispo de S\u00e3o Salvador da Bahia, Primaz do Brasil, Cardeal Dom S\u00e9rgio da Rocha, ordenou dois novos di\u00e1conos transit\u00f3rios para a Igreja de Cristo: Lucas Sena Rodrigues e Lu\u00eds Ot\u00e1vio Silva dos Santos.&nbsp;<\/span>&nbsp;A Santa Missa com o rito de Ordena\u00e7\u00e3o Diaconal aconteceu na Catedral Bas\u00edlica do Sant\u00edssimo Salvador (Pra\u00e7a Quinze de Novembro, s\/n, Centro Hist\u00f3rico de Salvador), \u00e0s 9h.&nbsp;<\/div>\n<div dir=\"auto\">&nbsp;<\/div>\n<div dir=\"auto\">Em prepara\u00e7\u00e3o a este grande dia, os candidatos ao diaconato transit\u00f3rio, organizaram tr\u00edduos, nos dias 12, 13 e 14 de junho, em diferentes hor\u00e1rios e locais.<\/div>\n<div dir=\"auto\">&nbsp;<\/div>\n<div dir=\"auto\">Lucas Sena, nascido em itabuna, mas sua prepara\u00e7\u00e3o e estudo \u00e9 na Arquidiocese de Salvador e seus familiares s\u00e3o da diocese de <a href=\"https:\/\/arquidiocesesalvador.org.br\/confira-fotos-da-ordenacao-diaconal-dos-diaconos-transitorios-lucas-sena-e-luis-otavio-silva\/\">Itabuna<\/a>, no Sul da Bahia. Os pais dele participam das missas na Par\u00f3quia Santa Maria Goretti, situada no bairro Mangabinha, no munic\u00edpio itabunense.<\/div>\n<div dir=\"auto\">&nbsp;<\/div>\n<div dir=\"auto\">Confira, na \u00edntegra, a Celebra\u00e7\u00e3o Eucar\u00edstica que foi transmitida pelo canal&nbsp;&nbsp;<a href=\"https:\/\/www.youtube.com\/watch?v=K1oQxZh2Ufw\"><strong>youtube.com\/arquidiocesedesalvador<\/strong><\/a>.&nbsp;<\/div>\n<div dir=\"auto\">Fotos: Sara Gomes\/Arquidiocese de Salvador(BA)<\/div>\n","protected":false},"excerpt":{"rendered":"<p>Na manh\u00e3 do dia 15 de junho, o Arcebispo de S\u00e3o Salvador da Bahia, Primaz do Brasil, Cardeal Dom S\u00e9rgio da Rocha, ordenou dois novos di\u00e1conos transit\u00f3rios para a Igreja de Cristo: Lucas Sena Rodrigues e Lu\u00eds Ot\u00e1vio Silva dos Santos.&nbsp;&nbsp;A Santa Missa com o rito de Ordena\u00e7\u00e3o Diaconal aconteceu na Catedral Bas\u00edlica do Sant\u00edssimo&nbsp;<\/p>\n<p><a class=\"btn btn-style\" href=\"https:\/\/portalcatolico.net\/portal\/seminarista-de-itabuna-e-ordenado-diacono-transitorio-em-salvador\/\">Continue Reading<\/a><\/p>\n","protected":false},"author":2,"featured_media":80893,"comment_status":"open","ping_status":"open","sticky":false,"template":"","format":"standard","meta":{"footnotes":""},"categories":[4],"tags":[],"class_list":["post-80892","post","type-post","status-publish","format-standard","has-post-thumbnail","hentry","category-destaques"],"_links":{"self":[{"href":"https:\/\/portalcatolico.net\/portal\/wp-json\/wp\/v2\/posts\/80892","targetHints":{"allow":["GET"]}}],"collection":[{"href":"https:\/\/portalcatolico.net\/portal\/wp-json\/wp\/v2\/posts"}],"about":[{"href":"https:\/\/portalcatolico.net\/portal\/wp-json\/wp\/v2\/types\/post"}],"author":[{"embeddable":true,"href":"https:\/\/portalcatolico.net\/portal\/wp-json\/wp\/v2\/users\/2"}],"replies":[{"embeddable":true,"href":"https:\/\/portalcatolico.net\/portal\/wp-json\/wp\/v2\/comments?post=80892"}],"version-history":[{"count":7,"href":"https:\/\/portalcatolico.net\/portal\/wp-json\/wp\/v2\/posts\/80892\/revisions"}],"predecessor-version":[{"id":80902,"href":"https:\/\/portalcatolico.net\/portal\/wp-json\/wp\/v2\/posts\/80892\/revisions\/80902"}],"wp:featuredmedia":[{"embeddable":true,"href":"https:\/\/portalcatolico.net\/portal\/wp-json\/wp\/v2\/media\/80893"}],"wp:attachment":[{"href":"https:\/\/portalcatolico.net\/portal\/wp-json\/wp\/v2\/media?parent=80892"}],"wp:term":[{"taxonomy":"category","embeddable":true,"href":"https:\/\/portalcatolico.net\/portal\/wp-json\/wp\/v2\/categories?post=80892"},{"taxonomy":"post_tag","embeddable":true,"href":"https:\/\/portalcatolico.net\/portal\/wp-json\/wp\/v2\/tags?post=80892"}],"curies":[{"name":"wp","href":"https:\/\/api.w.org\/{rel}","templated":true}]}}