{"id":80613,"date":"2024-05-19T16:31:25","date_gmt":"2024-05-19T19:31:25","guid":{"rendered":"http:\/\/portalcatolico.net\/portal\/?p=80613"},"modified":"2024-05-19T16:31:25","modified_gmt":"2024-05-19T19:31:25","slug":"ha-254-anos-paroquia-santo-antonio-alem-do-carmo-celebra-a-festa-do-divino-espirito-santo","status":"publish","type":"post","link":"https:\/\/portalcatolico.net\/portal\/ha-254-anos-paroquia-santo-antonio-alem-do-carmo-celebra-a-festa-do-divino-espirito-santo\/","title":{"rendered":"H\u00e1 254 anos, Par\u00f3quia Santo Ant\u00f4nio Al\u00e9m do Carmo celebra a Festa do Divino Esp\u00edrito Santo"},"content":{"rendered":"<figure id=\"attachment_167913\" class=\"wp-caption aligncenter\" aria-describedby=\"caption-attachment-167913\"><figcaption id=\"caption-attachment-167913\" class=\"wp-caption-text\">Este ano, o Menino Imperador \u00e9 o Lucas Souza Santos (nas fotos). Cr\u00e9ditos das imagens: Sara Gomes\/Arquidiocese de Salvador<\/figcaption><\/figure>\n<p>A Solenidade de Pentecostes ser\u00e1 vivenciada pela Igreja no mundo inteiro, no pr\u00f3ximo domingo, 19 de maio. Na Arquidiocese de S\u00e3o Salvador da Bahia, a Par\u00f3quia Santo Ant\u00f4nio Al\u00e9m do Carmo celebra com uma programa\u00e7\u00e3o especial, realizada h\u00e1 254 anos: na Festa do Divino Esp\u00edrito Santo ser\u00e1 libertado, pelo Poder Judici\u00e1rio e o Minist\u00e9rio P\u00fablico da Bahia, um preso.<\/p>\n<p>De acordo com o p\u00e1roco, padre Jailson Jesus, este ato de libertar uma pessoa apenada acontece desde o in\u00edcio da tradicional festa, h\u00e1 mais de dois s\u00e9culos e meio. Para que isso seja poss\u00edvel, a Irmandade do Divino Esp\u00edrito Santo e o p\u00e1roco fazem contato com os \u00f3rg\u00e3os respons\u00e1veis, que j\u00e1 preveem a liberta\u00e7\u00e3o de algu\u00e9m que cumpriu a pena. \u201cDesde bem antes dessa festa, n\u00f3s j\u00e1 estamos em contato com o Poder Judici\u00e1rio e o Minist\u00e9rio P\u00fablico, para que a liberta\u00e7\u00e3o deste preso possa acontecer. Tradicionalmente, o Menino Imperador l\u00ea o decreto de liberta\u00e7\u00e3o e toca aquele preso com o cetro, como era feito pelo Imperador\u201d, explica o padre Jailson.<\/p>\n<p>Sobre o Menino Imperador, tamb\u00e9m \u00e9 uma tradi\u00e7\u00e3o mantida pela Par\u00f3quia Santo Ant\u00f4nio Al\u00e9m do Carmo, \u00fanica da S\u00e9 Primacial do Brasil que conserva a festa do mesmo modo que foi iniciada em 1770. Representando o Esp\u00edrito Santo, que \u00e9 o Advogado, um menino \u00e9 escolhido pela Irmandade do Divino Esp\u00edrito Santo, coroado, recebe o cetro e as vestes de realeza. \u00c9 este menino que l\u00ea o decreto de liberta\u00e7\u00e3o e declara que aquele preso est\u00e1 livre.<\/p>\n<p>\u201cNos primeiros anos da festa, o Forte do Barbalho e o Forte de Santo Ant\u00f4nio, pr\u00f3ximos \u00e0 Igreja, eram cadeias p\u00fablicas. Como os presos pobres n\u00e3o tinham como pagar as fian\u00e7as, a Irmandade e o Menino Imperador da Festa do Divino sa\u00edam, durante todo o ano, recolhendo esmolas e assim pagavam o valor devido de quem estava preso, que recebia a liberdade. Por isso, o Menino Imperador representa o Esp\u00edrito Santo, que \u00e9 o Defensor\u201d, conta o padre Jailson, destacando que, nos pr\u00f3ximos anos, o desejo \u00e9 que a pessoa que for libertada seja acompanhada pela par\u00f3quia, juntamente com a Pastoral Carcer\u00e1ria, para ajud\u00e1-la na ressocializa\u00e7\u00e3o.<\/p>\n<p>O ato da leitura do decreto acontecer\u00e1 ao final da Santa Missa que ter\u00e1 in\u00edcio \u00e0s 10h, e ser\u00e1 presidida pelo bispo auxiliar da Arquidiocese de Salvador, Dom Marco Eug\u00eanio Galr\u00e3o. Antes, \u00e0s 9h, a Irmandade do Divino Esp\u00edrito Santo ir\u00e1 se dirigir at\u00e9 a Igreja Nossa Senhora do Boqueir\u00e3o para buscar o Menino Imperador que, com vestes de realeza e acompanhado por pessoas que representam, nas vestimentas, membros da Coroa Portuguesa, caminhar\u00e3o de volta at\u00e9 a Matriz da Par\u00f3quia Santo Ant\u00f4nio Al\u00e9m do Carmo.(texto) Sara Gomes)<\/p>\n","protected":false},"excerpt":{"rendered":"<p>Este ano, o Menino Imperador \u00e9 o Lucas Souza Santos (nas fotos). Cr\u00e9ditos das imagens: Sara Gomes\/Arquidiocese de Salvador A Solenidade de Pentecostes ser\u00e1 vivenciada pela Igreja no mundo inteiro, no pr\u00f3ximo domingo, 19 de maio. Na Arquidiocese de S\u00e3o Salvador da Bahia, a Par\u00f3quia Santo Ant\u00f4nio Al\u00e9m do Carmo celebra com uma programa\u00e7\u00e3o especial,&nbsp;<\/p>\n<p><a class=\"btn btn-style\" href=\"https:\/\/portalcatolico.net\/portal\/ha-254-anos-paroquia-santo-antonio-alem-do-carmo-celebra-a-festa-do-divino-espirito-santo\/\">Continue Reading<\/a><\/p>\n","protected":false},"author":2,"featured_media":80614,"comment_status":"open","ping_status":"open","sticky":false,"template":"","format":"standard","meta":{"footnotes":""},"categories":[4],"tags":[],"class_list":["post-80613","post","type-post","status-publish","format-standard","has-post-thumbnail","hentry","category-destaques"],"_links":{"self":[{"href":"https:\/\/portalcatolico.net\/portal\/wp-json\/wp\/v2\/posts\/80613","targetHints":{"allow":["GET"]}}],"collection":[{"href":"https:\/\/portalcatolico.net\/portal\/wp-json\/wp\/v2\/posts"}],"about":[{"href":"https:\/\/portalcatolico.net\/portal\/wp-json\/wp\/v2\/types\/post"}],"author":[{"embeddable":true,"href":"https:\/\/portalcatolico.net\/portal\/wp-json\/wp\/v2\/users\/2"}],"replies":[{"embeddable":true,"href":"https:\/\/portalcatolico.net\/portal\/wp-json\/wp\/v2\/comments?post=80613"}],"version-history":[{"count":1,"href":"https:\/\/portalcatolico.net\/portal\/wp-json\/wp\/v2\/posts\/80613\/revisions"}],"predecessor-version":[{"id":80615,"href":"https:\/\/portalcatolico.net\/portal\/wp-json\/wp\/v2\/posts\/80613\/revisions\/80615"}],"wp:featuredmedia":[{"embeddable":true,"href":"https:\/\/portalcatolico.net\/portal\/wp-json\/wp\/v2\/media\/80614"}],"wp:attachment":[{"href":"https:\/\/portalcatolico.net\/portal\/wp-json\/wp\/v2\/media?parent=80613"}],"wp:term":[{"taxonomy":"category","embeddable":true,"href":"https:\/\/portalcatolico.net\/portal\/wp-json\/wp\/v2\/categories?post=80613"},{"taxonomy":"post_tag","embeddable":true,"href":"https:\/\/portalcatolico.net\/portal\/wp-json\/wp\/v2\/tags?post=80613"}],"curies":[{"name":"wp","href":"https:\/\/api.w.org\/{rel}","templated":true}]}}