{"id":80594,"date":"2024-05-17T23:36:24","date_gmt":"2024-05-18T02:36:24","guid":{"rendered":"http:\/\/portalcatolico.net\/portal\/?p=80594"},"modified":"2024-05-18T07:39:52","modified_gmt":"2024-05-18T10:39:52","slug":"a-exemplo-de-santa-rita-somos-chamados-a-viver-o-essencial-de-deus","status":"publish","type":"post","link":"https:\/\/portalcatolico.net\/portal\/a-exemplo-de-santa-rita-somos-chamados-a-viver-o-essencial-de-deus\/","title":{"rendered":"A exemplo de Santa Rita, somos chamados a viver o essencial de Deus"},"content":{"rendered":"<p><img loading=\"lazy\" decoding=\"async\" class=\"alignnone wp-image-80597\" src=\"http:\/\/portalcatolico.net\/portal\/wp-content\/uploads\/2024\/05\/311595e8-528a-4ce6-a7b7-c6df5047a1e3-300x169.jpg\" alt=\"\" width=\"829\" height=\"467\" srcset=\"https:\/\/portalcatolico.net\/portal\/wp-content\/uploads\/2024\/05\/311595e8-528a-4ce6-a7b7-c6df5047a1e3-300x169.jpg 300w, https:\/\/portalcatolico.net\/portal\/wp-content\/uploads\/2024\/05\/311595e8-528a-4ce6-a7b7-c6df5047a1e3-768x432.jpg 768w, https:\/\/portalcatolico.net\/portal\/wp-content\/uploads\/2024\/05\/311595e8-528a-4ce6-a7b7-c6df5047a1e3-1024x576.jpg 1024w\" sizes=\"auto, (max-width: 829px) 100vw, 829px\" \/>Gra\u00e7as e louvores sejam dadas a todo momento a Deus, por nos permitir viver dias de j\u00fabilos, alegria,<br \/>\nora\u00e7\u00e3o e f\u00e9 com a realiza\u00e7\u00e3o do noven\u00e1rio de Santa Rita de C\u00e1ssia, que celebrou nesta sexta-feira (17),<br \/>\n\u00e0s 19h, a quinta noite em prepara\u00e7\u00e3o a festa da padroeira da Par\u00f3quia Santa Rita de C\u00e1ssia, situada no<br \/>\nbairro S\u00e3o Caetano, em Itabuna\/BA. Mais cedo, a partir das 18h, foi realizado o Momento Mariano,<br \/>\nque ap\u00f3s a sua conclus\u00e3o deu-se in\u00edcio a Santa Missa.<\/p>\n<p>A noite de solenidade teve como presidente da Celebra\u00e7\u00e3o eucar\u00edstica o Frei Roberto Fernandes Pereira OFM Cap,<br \/>\nda Fraternidade Frei Urbano, em Salvador\/BA. A liturgia proclamada foi realizada pelo Apostolado da<br \/>\nOra\u00e7\u00e3o e Postulantes, a liturgia foi cantada pelos Minist\u00e9rios de M\u00fasica Theou, Santa Dulce e Santa<br \/>\nRita de C\u00e1ssia e os convidados da noite foram o Apostolado da Ora\u00e7\u00e3o, os Ministros Extraordin\u00e1rios<br \/>\nda Sagrada Comunh\u00e3o Eucar\u00edstica, as Comunidades de Vida e de Alian\u00e7a e os Di\u00e1conos.<br \/>\nTrazendo a medita\u00e7\u00e3o do Evangelho deste dia, o Frei Roberto nos levou a refletir sobre o encontro de<br \/>\nJesus com os disc\u00edpulos, mais especificamente com Pedro, onde ap\u00f3s a tentativa da pesca ser fracassada,<br \/>\no Mestre os ordena a lan\u00e7ar a redes do outro lado e eles acabam pescando muitos peixes, sendo assim<br \/>\nreconhecido e realizam o encontro na beira do lago. Jesus pergunta a Pedro tr\u00eas vezes: Pedro, tu me<br \/>\namas? E ele responde: Tu sabes que eu te amo Senhor! Jesus, hoje, faz a mesma pergunta para n\u00f3s e<br \/>\nessa resposta n\u00e3o pode ser da boca para fora, mas sim, uma resposta vinda do nosso interior. Ser\u00e1 que<br \/>\nsomos capazes de colocar em primeiro lugar em nossas vidas?<\/p>\n<p>\u201cQuantas desculpas n\u00f3s damos para n\u00e3o estar na presen\u00e7a de Jesus? Quantas vezes n\u00f3s deixamos<br \/>\nCristo em segundo plano? A sociedade vive essa din\u00e2mica e o mundo usa esse mesmo argumento: eu<br \/>\nn\u00e3o fa\u00e7o, porque n\u00e3o tenho tempo; eu n\u00e3o vou para a igreja, porque n\u00e3o tenho tempo; eu n\u00e3o rezo;<br \/>\nporque trabalho o dia todo, chego cansado e n\u00e3o tenho tempo para rezar. A verdade \u00e9 que n\u00f3s n\u00e3o<br \/>\nestamos dando prioridade a Cristo e \u00e9 isso que a liturgia de hoje nos ajuda a refletir, sobre a nossa<br \/>\nmiss\u00e3o e nosso compromisso de batizados. Ser\u00e1 que n\u00f3s amamos Cristo de todo nosso cora\u00e7\u00e3o? Sou<br \/>\ncapaz de dar a vida por Cristo? Deixo tudo por Cristo?<\/p>\n<p>Esse deixar tudo \u00e9 dar prioridade a Ele, \u00e9 saber que Jesus \u00e9 o essencial da nossa vida e que preciso fazer tudo por Ele\u201d, disse Frei Roberto.<br \/>\nNesta homilia, tamb\u00e9m fomos convidados e pensar sobre como estamos agindo com Jesus. Sabemos<br \/>\nque quando estamos com Ele e fazemos tudo com amor e por amor, seja na fam\u00edlia, no trabalho, na<br \/>\nigreja, as coisas ganham um novo significado, um novo sentido \u201cEu preciso redescobrir o valor da<br \/>\nOra\u00e7\u00e3o, como Santa Rita de C\u00e1ssia, e isso \u00e9 saber que a ora\u00e7\u00e3o precisa me levar a uma pr\u00e1tica, a um<br \/>\ncompromisso de f\u00e9, e nesse encontro com Jesus vamos descobrindo a resposta que precisamos dar a<br \/>\nEle, assim como Pedro: Senhor, tu sabes que eu te amo. Jesus sabe tudo de nossa vida, mas precisamos<br \/>\nter consci\u00eancia desse compromisso, dessa resposta que precisamos dar a Ele. Eu posso dizer:<\/p>\n<p>Eu amo Jesus, Ele \u00e9 meu salvador e meu libertador, mas como eu provo isso? Qual \u00e9 a nossa pratica para que<br \/>\neu possamos provar que Ele \u00e9 tudo isso? \u00c9 atrav\u00e9s dessa pr\u00e1tica que vamos provando, n\u00e3o apenas<br \/>\ncolocando o joelho no ch\u00e3o na adora\u00e7\u00e3o, rezando o ros\u00e1rio, na Eucaristia que recebemos e na<br \/>\nconfiss\u00e3o que fazemos e que nos leva a uma convers\u00e3o de vida\u201d, completou Frei Roberto Pereira.<br \/>\nFalando dessa pr\u00e1tica de ora\u00e7\u00e3o na vida de Santa Rita, o Frei Roberto nos revelou \u201co sonho que ela<br \/>\ntinha de se consagrar a Deus, mas sua fam\u00edlia tinha outro plano, que era o casamento, e ela assumiu.<br \/>\nMas ela foi uma mulher de f\u00e9 e de ora\u00e7\u00e3o que enfrentou os desafios de seu casamento, de ver o<br \/>\nassassinato de seu esposo e a morte dos seus filhos, Mas ela foi perseverante na f\u00e9, n\u00e3o deixou que os<br \/>\nproblemas e o sofrimento tomassem conta da vida dela, porque ela confiou em Nosso Senhor, por meio<br \/>\nda ora\u00e7\u00e3o. Uma ora\u00e7\u00e3o que a levou ter um encontro com Cristo, a se identificar com Cristo<br \/>\ncrucificado, e por meio da ora\u00e7\u00e3o, Santa Rita foi alcan\u00e7ando seu grande sonho que era se consagrar<br \/>\na Deus. Como religiosa e consagrada ela pode viver isso com mais intensidade no sentido de colocar<br \/>\ntoda a sua vida a disposi\u00e7\u00e3o de Cristo Jesus e mesmo quando recebe o estigma do espinho na sua testa,<br \/>\nela n\u00e3o se exalta com isso, mas se envergonha, porque aquele ferimento exalava mau odor, mas ela foi<br \/>\nfiel no segmento de Cristo\u201d.<\/p>\n<p>Pe. Roberto finalizou chamando a todos a viverem na pr\u00e1tica o chamado de Deus: \u201cQuando falamos em redescobrir o valor da ora\u00e7\u00e3o, como Santa Rita, \u00e9 olhar para a nossa caminhada, nossa vida de f\u00e9,e \u00e9 olhando para a vida dos santos, aqueles que temos uma grande devo\u00e7\u00e3o, n\u00e3o \u00e9 uma simples admira\u00e7\u00e3o, mas \u00e9 desejar viver a vida que essa santa viveu, colocar em pr\u00e1tica os valores e virtudes dela, porque brota do cora\u00e7\u00e3o de Jesus. A devo\u00e7\u00e3o \u00e9 para isso. Os santos s\u00e3o setas de caminho de santidade e convers\u00e3o e Santa Rita \u00e9 um modelo de vida doada e gasta em favor do Reino de Deus\u201d.<br \/>\nCom som ao vivo e muita anima\u00e7\u00e3o, as iguarias disponibilizadas na quermesse foram de responsabilidade do Encontro de Jovens com Cristo (EJC), Grupo Padre Pio de Pietrelcina e Comunidade Nossa Senhora de Lourdes.<br \/>\nVale salientar que a Pastoral da Comunica\u00e7\u00e3o (Pascom) est\u00e1 transmitindo o noven\u00e1rio atrav\u00e9s do canal da Par\u00f3quia Santa Rita de C\u00e1ssia no Youtube: https:\/\/www.youtube.com\/@igrejasantaritaoficial e fazendo toda cobertura atrav\u00e9s das redes sociais (Instagram e Facebook). Confira l\u00e1, compartilhe,<br \/>\ncomente, fa\u00e7a essa intera\u00e7\u00e3o conosco.<\/p>\n<p>Fotos e texto: Pastoral da Comunica\u00e7\u00e3o<br \/>\nPar\u00f3quia Santa Rita de C\u00e1ssia\/Diocese de Itabuna(BA)<\/p>\n<p><img loading=\"lazy\" decoding=\"async\" class=\"alignnone wp-image-80599\" src=\"http:\/\/portalcatolico.net\/portal\/wp-content\/uploads\/2024\/05\/36c0c085-4cb7-4661-a2ed-9a5b58383d7a-300x225.jpg\" alt=\"\" width=\"827\" height=\"620\" srcset=\"https:\/\/portalcatolico.net\/portal\/wp-content\/uploads\/2024\/05\/36c0c085-4cb7-4661-a2ed-9a5b58383d7a-300x225.jpg 300w, https:\/\/portalcatolico.net\/portal\/wp-content\/uploads\/2024\/05\/36c0c085-4cb7-4661-a2ed-9a5b58383d7a-768x576.jpg 768w, https:\/\/portalcatolico.net\/portal\/wp-content\/uploads\/2024\/05\/36c0c085-4cb7-4661-a2ed-9a5b58383d7a-1024x768.jpg 1024w, https:\/\/portalcatolico.net\/portal\/wp-content\/uploads\/2024\/05\/36c0c085-4cb7-4661-a2ed-9a5b58383d7a.jpg 1600w\" sizes=\"auto, (max-width: 827px) 100vw, 827px\" \/> <img loading=\"lazy\" decoding=\"async\" class=\"alignnone wp-image-80601\" src=\"http:\/\/portalcatolico.net\/portal\/wp-content\/uploads\/2024\/05\/c0f82bdc-d05a-460b-96ba-ccd9f584bd68-300x225.jpg\" alt=\"\" width=\"823\" height=\"617\" srcset=\"https:\/\/portalcatolico.net\/portal\/wp-content\/uploads\/2024\/05\/c0f82bdc-d05a-460b-96ba-ccd9f584bd68-300x225.jpg 300w, https:\/\/portalcatolico.net\/portal\/wp-content\/uploads\/2024\/05\/c0f82bdc-d05a-460b-96ba-ccd9f584bd68-768x576.jpg 768w, https:\/\/portalcatolico.net\/portal\/wp-content\/uploads\/2024\/05\/c0f82bdc-d05a-460b-96ba-ccd9f584bd68-1024x768.jpg 1024w\" sizes=\"auto, (max-width: 823px) 100vw, 823px\" \/> <img loading=\"lazy\" decoding=\"async\" class=\"alignnone wp-image-80602\" src=\"http:\/\/portalcatolico.net\/portal\/wp-content\/uploads\/2024\/05\/c5feea67-7beb-4d66-8078-3504e90d1121-300x225.jpg\" alt=\"\" width=\"821\" height=\"616\" srcset=\"https:\/\/portalcatolico.net\/portal\/wp-content\/uploads\/2024\/05\/c5feea67-7beb-4d66-8078-3504e90d1121-300x225.jpg 300w, https:\/\/portalcatolico.net\/portal\/wp-content\/uploads\/2024\/05\/c5feea67-7beb-4d66-8078-3504e90d1121-768x576.jpg 768w, https:\/\/portalcatolico.net\/portal\/wp-content\/uploads\/2024\/05\/c5feea67-7beb-4d66-8078-3504e90d1121-1024x768.jpg 1024w, https:\/\/portalcatolico.net\/portal\/wp-content\/uploads\/2024\/05\/c5feea67-7beb-4d66-8078-3504e90d1121.jpg 1600w\" sizes=\"auto, (max-width: 821px) 100vw, 821px\" \/><\/p>\n","protected":false},"excerpt":{"rendered":"<p>Gra\u00e7as e louvores sejam dadas a todo momento a Deus, por nos permitir viver dias de j\u00fabilos, alegria, ora\u00e7\u00e3o e f\u00e9 com a realiza\u00e7\u00e3o do noven\u00e1rio de Santa Rita de C\u00e1ssia, que celebrou nesta sexta-feira (17), \u00e0s 19h, a quinta noite em prepara\u00e7\u00e3o a festa da padroeira da Par\u00f3quia Santa Rita de C\u00e1ssia, situada no&nbsp;<\/p>\n<p><a class=\"btn btn-style\" href=\"https:\/\/portalcatolico.net\/portal\/a-exemplo-de-santa-rita-somos-chamados-a-viver-o-essencial-de-deus\/\">Continue Reading<\/a><\/p>\n","protected":false},"author":2,"featured_media":80595,"comment_status":"open","ping_status":"open","sticky":false,"template":"","format":"standard","meta":{"footnotes":""},"categories":[4],"tags":[],"class_list":["post-80594","post","type-post","status-publish","format-standard","has-post-thumbnail","hentry","category-destaques"],"_links":{"self":[{"href":"https:\/\/portalcatolico.net\/portal\/wp-json\/wp\/v2\/posts\/80594","targetHints":{"allow":["GET"]}}],"collection":[{"href":"https:\/\/portalcatolico.net\/portal\/wp-json\/wp\/v2\/posts"}],"about":[{"href":"https:\/\/portalcatolico.net\/portal\/wp-json\/wp\/v2\/types\/post"}],"author":[{"embeddable":true,"href":"https:\/\/portalcatolico.net\/portal\/wp-json\/wp\/v2\/users\/2"}],"replies":[{"embeddable":true,"href":"https:\/\/portalcatolico.net\/portal\/wp-json\/wp\/v2\/comments?post=80594"}],"version-history":[{"count":3,"href":"https:\/\/portalcatolico.net\/portal\/wp-json\/wp\/v2\/posts\/80594\/revisions"}],"predecessor-version":[{"id":80605,"href":"https:\/\/portalcatolico.net\/portal\/wp-json\/wp\/v2\/posts\/80594\/revisions\/80605"}],"wp:featuredmedia":[{"embeddable":true,"href":"https:\/\/portalcatolico.net\/portal\/wp-json\/wp\/v2\/media\/80595"}],"wp:attachment":[{"href":"https:\/\/portalcatolico.net\/portal\/wp-json\/wp\/v2\/media?parent=80594"}],"wp:term":[{"taxonomy":"category","embeddable":true,"href":"https:\/\/portalcatolico.net\/portal\/wp-json\/wp\/v2\/categories?post=80594"},{"taxonomy":"post_tag","embeddable":true,"href":"https:\/\/portalcatolico.net\/portal\/wp-json\/wp\/v2\/tags?post=80594"}],"curies":[{"name":"wp","href":"https:\/\/api.w.org\/{rel}","templated":true}]}}