{"id":80574,"date":"2024-05-16T18:16:52","date_gmt":"2024-05-16T21:16:52","guid":{"rendered":"http:\/\/portalcatolico.net\/portal\/?p=80574"},"modified":"2024-05-16T22:17:13","modified_gmt":"2024-05-17T01:17:13","slug":"manifestacoes-de-nossa-senhora-sao-abordadas-em-congresso","status":"publish","type":"post","link":"https:\/\/portalcatolico.net\/portal\/manifestacoes-de-nossa-senhora-sao-abordadas-em-congresso\/","title":{"rendered":"Manifesta\u00e7\u00f5es de Nossa Senhora s\u00e3o abordadas em Congresso"},"content":{"rendered":"<p><strong><i>Encontro ocorre entre os dias 15 e 18 de maio, em Aparecida (SP)<\/i><\/strong><br \/>\n&nbsp;<\/p>\n<div>\n<p><i>Por Lucas Torres<\/i><\/p>\n<\/div>\n<div>\n<p>A&nbsp;<b>Academia Marial&nbsp;<\/b>de Aparecida<b>,&nbsp;<\/b>em comunh\u00e3o com os estudos realizados no Vaticano<b>,<\/b>&nbsp;pretende, por meio do&nbsp;<b>XVII Congresso Mariol\u00f3gico<\/b>&nbsp;, refletir sobre os fen\u00f4menos das apari\u00e7\u00f5es marianas e as experi\u00eancias m\u00edsticas que supostamente envolvem Nossa Senhora. Para tal reflex\u00e3o,&nbsp;<b>te\u00f3logos<\/b>&nbsp;e&nbsp;<b>estudiosos&nbsp;<\/b>sobre o tema palestram e<b>&nbsp;participam<\/b>&nbsp;do evento.<\/p>\n<p>O&nbsp;<b>tema&nbsp;<\/b>central do&nbsp;Congresso Mariol\u00f3gico<b>,&nbsp;<\/b>que tem in\u00edcio nesta quarta-feira (15) e se estende at\u00e9 o dia 18 de maio,&nbsp;foi inspirado na passagem b\u00edblica: \u201c<b><i>Todas as gera\u00e7\u00f5es me chamar\u00e3o de bem-aventurada!\u201d&nbsp;<\/i><\/b><i>(Lc 1,48)<\/i><i>.&nbsp;<\/i>A&nbsp;<b>abertura&nbsp;<\/b>est\u00e1 marcada \u00e0s&nbsp;<b>17h<\/b>, no&nbsp;<b>Centro de Eventos Padre Vitor Coelho<\/b>, dentro do complexo do Santu\u00e1rio Nacional de Aparecida. Ap\u00f3s o credenciamento, a primeira atividade ocorre \u00e0s 19h, com a fala inicial do Arcebispo de Aparecida, Dom Orlando Brandes.<\/p>\n<p><b><i>\u201cEsse Congresso, da Academia, deseja trabalhar a quest\u00e3o das chamadas Mariofanias. Essa palavra t\u00e9cnica se refere \u00e0s apari\u00e7\u00f5es, manifesta\u00e7\u00f5es e vis\u00f5es de Nossa Senhora\u201d<\/i><\/b>&nbsp;explica&nbsp;o Diretor da Academia Marial, Ir. Andr\u00e9 Luiz de Oliveira. O Congresso Mariol\u00f3gico \u00e9 uma das iniciativas da&nbsp;<b>Academia Marial de Aparecida,&nbsp;<\/b>fundada em 16 de julho de 1985, tendo como objetivo&nbsp;o cultivo e o&nbsp;desenvolvimento te\u00f3rico e pr\u00e1tico da devo\u00e7\u00e3o \u00e0 Padroeira do Brasil, por meio do conhecimento teol\u00f3gico, evangelizador e pastoral.<\/p>\n<p>A Santa S\u00e9 tem sido muito cautelosa ao aprovar&nbsp;<b>supostos eventos milagrosos<\/b>. Na verdade, no s\u00e9culo XX, das centenas de reivindica\u00e7\u00f5es p\u00fablicas, houve apenas 12 com aprova\u00e7\u00e3o episcopal ,4 delas com reconhecimento do Vaticano.&nbsp;O&nbsp;<b>Observat\u00f3rio Internacional sobre Apari\u00e7\u00f5es e Fen\u00f4menos M\u00edsticos&nbsp;<\/b>foi lan\u00e7ado oficialmente na Pontif\u00edcia Academia Mariana Internationalis, em&nbsp;<b>Roma<\/b>, no dia 3 de maio de&nbsp;<b>2023<\/b>.<\/p>\n<p>Somente na It\u00e1lia, nas \u00faltimas d\u00e9cadas, milhares de pessoas relataram ter tido revela\u00e7\u00f5es particulares de Nossa Senhora, por isso o Vaticano tem se debru\u00e7ado sobre o tema<b>. &#8220;Nossa ambi\u00e7\u00e3o \u00e9 ajudar a formar um conhecimento cr\u00edtico&#8221;<\/b>, contextualiza a Irm\u00e3 Daniela Del Gaudio, que \u00e9 diretora do comit\u00ea de dire\u00e7\u00e3o do Observat\u00f3rio Internacional. &nbsp;<\/p>\n<p>O Padre Jo\u00e3o Carlos Almeida, dehoniano, conhecido popularmente como&nbsp;<b>Padre Jo\u00e3ozinho<\/b>, \u00e9 um dos nomes confirmados entre os palestrantes. O Congresso pode ser acompanhado de maneira presencial e tamb\u00e9m online. Para mais informa\u00e7\u00f5es acesse&nbsp;<b>a12.com&nbsp;<\/b><b>\/congressomariologico<\/b>.<\/p>\n<\/div>\n<p>Foto:&nbsp;Thiago Leon\/ Santu\u00e1rio Nacional<\/p>\n","protected":false},"excerpt":{"rendered":"<p>Encontro ocorre entre os dias 15 e 18 de maio, em Aparecida (SP) &nbsp; Por Lucas Torres A&nbsp;Academia Marial&nbsp;de Aparecida,&nbsp;em comunh\u00e3o com os estudos realizados no Vaticano,&nbsp;pretende, por meio do&nbsp;XVII Congresso Mariol\u00f3gico&nbsp;, refletir sobre os fen\u00f4menos das apari\u00e7\u00f5es marianas e as experi\u00eancias m\u00edsticas que supostamente envolvem Nossa Senhora. Para tal reflex\u00e3o,&nbsp;te\u00f3logos&nbsp;e&nbsp;estudiosos&nbsp;sobre o tema palestram e&nbsp;participam&nbsp;do&nbsp;<\/p>\n<p><a class=\"btn btn-style\" href=\"https:\/\/portalcatolico.net\/portal\/manifestacoes-de-nossa-senhora-sao-abordadas-em-congresso\/\">Continue Reading<\/a><\/p>\n","protected":false},"author":2,"featured_media":80575,"comment_status":"open","ping_status":"open","sticky":false,"template":"","format":"standard","meta":{"footnotes":""},"categories":[3],"tags":[],"class_list":["post-80574","post","type-post","status-publish","format-standard","has-post-thumbnail","hentry","category-noticias_regionais"],"_links":{"self":[{"href":"https:\/\/portalcatolico.net\/portal\/wp-json\/wp\/v2\/posts\/80574","targetHints":{"allow":["GET"]}}],"collection":[{"href":"https:\/\/portalcatolico.net\/portal\/wp-json\/wp\/v2\/posts"}],"about":[{"href":"https:\/\/portalcatolico.net\/portal\/wp-json\/wp\/v2\/types\/post"}],"author":[{"embeddable":true,"href":"https:\/\/portalcatolico.net\/portal\/wp-json\/wp\/v2\/users\/2"}],"replies":[{"embeddable":true,"href":"https:\/\/portalcatolico.net\/portal\/wp-json\/wp\/v2\/comments?post=80574"}],"version-history":[{"count":2,"href":"https:\/\/portalcatolico.net\/portal\/wp-json\/wp\/v2\/posts\/80574\/revisions"}],"predecessor-version":[{"id":80577,"href":"https:\/\/portalcatolico.net\/portal\/wp-json\/wp\/v2\/posts\/80574\/revisions\/80577"}],"wp:featuredmedia":[{"embeddable":true,"href":"https:\/\/portalcatolico.net\/portal\/wp-json\/wp\/v2\/media\/80575"}],"wp:attachment":[{"href":"https:\/\/portalcatolico.net\/portal\/wp-json\/wp\/v2\/media?parent=80574"}],"wp:term":[{"taxonomy":"category","embeddable":true,"href":"https:\/\/portalcatolico.net\/portal\/wp-json\/wp\/v2\/categories?post=80574"},{"taxonomy":"post_tag","embeddable":true,"href":"https:\/\/portalcatolico.net\/portal\/wp-json\/wp\/v2\/tags?post=80574"}],"curies":[{"name":"wp","href":"https:\/\/api.w.org\/{rel}","templated":true}]}}