{"id":80545,"date":"2024-05-14T18:06:24","date_gmt":"2024-05-14T21:06:24","guid":{"rendered":"http:\/\/portalcatolico.net\/portal\/?p=80545"},"modified":"2024-05-14T22:06:38","modified_gmt":"2024-05-15T01:06:38","slug":"abadia-mais-antiga-do-mundo-tem-quase-mil-anos-e-mais-de-100-monges-um-oasis-da-igreja-na-europa","status":"publish","type":"post","link":"https:\/\/portalcatolico.net\/portal\/abadia-mais-antiga-do-mundo-tem-quase-mil-anos-e-mais-de-100-monges-um-oasis-da-igreja-na-europa\/","title":{"rendered":"Abadia mais antiga do mundo tem quase mil anos e mais de 100 monges: um o\u00e1sis da Igreja na Europa"},"content":{"rendered":"<p>A abadia cisterciense de Heiligenkreuz, na \u00c1ustria, \u00e9 a mais antiga ainda em atividade no mundo, com quase mil anos e mais de 100 monges. Nunca teve \u201cinterrup\u00e7\u00f5es\u201d na sua hist\u00f3ria e \u00e9 agora um o\u00e1sis da Igreja Cat\u00f3lica na Europa.<\/p>\n<p>Heiligenkreuz fica a cerca de 30 quil\u00f4metros de Viena, capital da \u00c1ustria. Os monges t\u00eam uma idade m\u00e9dia de 49 anos, o que significa que s\u00e3o \u201cjovens\u201d no ambiente eclesial, especialmente na Europa onde h\u00e1 cada vez menos voca\u00e7\u00f5es, diz o jornal italiano&nbsp;<em>Avvenire<\/em>.<\/p>\n<p>Al\u00e9m disso, quatro ou cinco homens juntam-se todos os anos \u00e0 abadia fundada em 1135.<\/p>\n<p>Atualmente vivem ali 103 monges, 11 religiosos com votos tempor\u00e1rios e seis novi\u00e7os, todos liderados pelo abade Maximilian Heim.<\/p>\n<p>\u201cO mais importante \u00e9 o amor a Deus e aos outros\u201d, diz o abade. \u201cNum mosteiro beneditino [os cistercienses seguem a regra de S\u00e3o Bento], isto se completa com a tr\u00edade&nbsp;<em>ora, lege et labora<\/em>, ou seja, rezar, ler e trabalhar\u201d.<\/p>\n<p>Para o abade, tamb\u00e9m \u00e9 importante \u201chonrar o mandamento de Jesus \u2018para que todos sejam um\u2019: a unidade dentro da comunidade sem igualitarismo e com a liberdade necess\u00e1ria para cada indiv\u00edduo, bem como a unidade com a Igreja na pr\u00e1tica, isto significa unidade dentro da ordem, bem como com o papa e o bispo diocesano\u201d.<\/p>\n<p><strong>O trabalho para resgatar outros mosteiros na Europa<\/strong><\/p>\n<p>No dia 21 de novembro de 2021, as duas \u00faltimas freiras beneditinas do mosteiro de Sabiona, em Chiusa, na prov\u00edncia italiana de Bolzano, deixaram o local depois de 335 anos de presen\u00e7a ali.<\/p>\n<p>O bispo de Bolzano-Bressanone, dom Ivo Muser, e a abadessa Maria Ancilla Hohenegger lamentaram o fato e manifestaram o desejo de que o mosteiro localizado continue a ser um lugar de peregrina\u00e7\u00e3o e um centro de vida contemplativa. Isso s\u00f3 foi poss\u00edvel algum tempo depois, gra\u00e7as \u00e0 abadia de Heiligenkreuz.<\/p>\n<p>Depois de in\u00fameras consultas, o cap\u00edtulo conventual da abadia de Heiligenkreuz decidiu assumir o mosteiro de Sabiona no dia 14 de mar\u00e7o, com o objetivo de criar um \u201ccentro espiritual\u201d na chamada \u201cmontanha sagrada\u201d, como \u00e9 conhecido o local onde est\u00e1 localizado, conforme dito pelo padre Johannes Paul Chavanne.<\/p>\n<p>Os monges que ir\u00e3o para o mosteiro de Sabiona continuar\u00e3o pertencendo \u00e0 abadia de Heiligenkreuz.<\/p>\n<p>O mosteiro cisterciense localizado na diocese alem\u00e3 de G\u00f6rlitzer, na fronteira com a Pol\u00f4nia tamb\u00e9m recebeu ajuda da abadia de Heiligenkreuz.<\/p>\n<p>Em 2018, o bispo de G\u00f6rlitz, Alemanha, dom Wolfgang Ipolt, pediu ajuda para o mosteiro cisterciense de Neuzelle, e conseguiu que a abadia enviasse seis dos seus monges em setembro daquele ano.<\/p>\n<p>Com eles foi poss\u00edvel devolver \u00e0 regi\u00e3o essa parte da vida contemplativa, depois de 200 anos.<\/p>\n<p><strong>O papa Bento XVI e a abadia de Heiligenkreuz<\/strong><\/p>\n<p>Ao lado da abadia de Heiligenkreuz fica a Faculdade de Teologia Bento XVI, reconhecida como pontif\u00edcia em 2007. Acad\u00eamicos renomados como Hanna-Barbara Gerl-Falkovitz, uma das maiores especialistas na obra do te\u00f3logo Romano Guardini e de santa Teresa Benedita da Cruz, ou o canonista Alfred Hierold, ex-reitor da Universidade de Bamberg, s\u00e3o professores l\u00e1.<\/p>\n<p>Atualmente conta com 342 alunos, de 39 pa\u00edses como Alemanha, \u00c1ustria, \u00cdndia, It\u00e1lia, Nig\u00e9ria, EUA e Vietn\u00e3.<\/p>\n<p>O abade Heim de Heiligenkreuz, membro do c\u00edrculo de ex-alunos do papa Bento XVI, recebeu em 2011 o Pr\u00eamio da Funda\u00e7\u00e3o Joseph Ratzinger-Bento XVI .<\/p>\n<p>\u201cAl\u00e9m de monge e te\u00f3logo, ele divulga temas relativos \u00e0 f\u00e9 e \u00e0 teologia por meio de confer\u00eancias e da publica\u00e7\u00e3o de uma s\u00e9rie de livros: ambas as iniciativas s\u00e3o chamadas de \u2018Auditorium\u2019 \u201d, disse ent\u00e3o o cardeal Camillo Ruini.<\/p>\n<p>No dia 9 de setembro de 2007, o papa Bento XVI<u>&nbsp;falou<\/u>&nbsp;aos monges de Heiligenkreuz. \u201cQuis vir a este lugar rico de hist\u00f3ria, para chamar a aten\u00e7\u00e3o para a diretriz fundamental de S\u00e3o Bento, sob cuja&nbsp;<em>Regula<\/em>&nbsp;vivem tamb\u00e9m os cistercienses\u201d, disse o papa na ocasi\u00e3o.<\/p>\n<p><strong>Secret\u00e1rio de Bento XVI e o cardeal Koch em Heiligenkreuz<\/strong><\/p>\n<p>Em abril deste ano, foi feita na abadia uma confer\u00eancia intitulada \u201cBeleza, exig\u00eancias e crise do sacerd\u00f3cio\u201d, da qual participou dom Georg G\u00e4nswein, secret\u00e1rio do papa Bento XVI; e o cardeal Kurt Koch, prefeito do dicast\u00e9rio para a Promo\u00e7\u00e3o da Unidade dos Crist\u00e3os da Santa S\u00e9.<\/p>\n<p>O cardeal falou sobre a import\u00e2ncia da Eucaristia para a Igreja; tamb\u00e9m para os primeiros crist\u00e3os. O secret\u00e1rio de Bento XVI destacou a necessidade de promover \u201cuma teologia s\u00f3lida do sacerd\u00f3cio que possa resistir aos mal-entendidos do mundo moderno\u201d.(ACI)<\/p>\n","protected":false},"excerpt":{"rendered":"<p>A abadia cisterciense de Heiligenkreuz, na \u00c1ustria, \u00e9 a mais antiga ainda em atividade no mundo, com quase mil anos e mais de 100 monges. Nunca teve \u201cinterrup\u00e7\u00f5es\u201d na sua hist\u00f3ria e \u00e9 agora um o\u00e1sis da Igreja Cat\u00f3lica na Europa. Heiligenkreuz fica a cerca de 30 quil\u00f4metros de Viena, capital da \u00c1ustria. Os monges&nbsp;<\/p>\n<p><a class=\"btn btn-style\" href=\"https:\/\/portalcatolico.net\/portal\/abadia-mais-antiga-do-mundo-tem-quase-mil-anos-e-mais-de-100-monges-um-oasis-da-igreja-na-europa\/\">Continue Reading<\/a><\/p>\n","protected":false},"author":2,"featured_media":80546,"comment_status":"open","ping_status":"open","sticky":false,"template":"","format":"standard","meta":{"footnotes":""},"categories":[5],"tags":[],"class_list":["post-80545","post","type-post","status-publish","format-standard","has-post-thumbnail","hentry","category-igreja_no_mundo"],"_links":{"self":[{"href":"https:\/\/portalcatolico.net\/portal\/wp-json\/wp\/v2\/posts\/80545","targetHints":{"allow":["GET"]}}],"collection":[{"href":"https:\/\/portalcatolico.net\/portal\/wp-json\/wp\/v2\/posts"}],"about":[{"href":"https:\/\/portalcatolico.net\/portal\/wp-json\/wp\/v2\/types\/post"}],"author":[{"embeddable":true,"href":"https:\/\/portalcatolico.net\/portal\/wp-json\/wp\/v2\/users\/2"}],"replies":[{"embeddable":true,"href":"https:\/\/portalcatolico.net\/portal\/wp-json\/wp\/v2\/comments?post=80545"}],"version-history":[{"count":1,"href":"https:\/\/portalcatolico.net\/portal\/wp-json\/wp\/v2\/posts\/80545\/revisions"}],"predecessor-version":[{"id":80547,"href":"https:\/\/portalcatolico.net\/portal\/wp-json\/wp\/v2\/posts\/80545\/revisions\/80547"}],"wp:featuredmedia":[{"embeddable":true,"href":"https:\/\/portalcatolico.net\/portal\/wp-json\/wp\/v2\/media\/80546"}],"wp:attachment":[{"href":"https:\/\/portalcatolico.net\/portal\/wp-json\/wp\/v2\/media?parent=80545"}],"wp:term":[{"taxonomy":"category","embeddable":true,"href":"https:\/\/portalcatolico.net\/portal\/wp-json\/wp\/v2\/categories?post=80545"},{"taxonomy":"post_tag","embeddable":true,"href":"https:\/\/portalcatolico.net\/portal\/wp-json\/wp\/v2\/tags?post=80545"}],"curies":[{"name":"wp","href":"https:\/\/api.w.org\/{rel}","templated":true}]}}