{"id":80534,"date":"2024-05-14T21:29:21","date_gmt":"2024-05-15T00:29:21","guid":{"rendered":"http:\/\/portalcatolico.net\/portal\/?p=80534"},"modified":"2024-05-14T21:29:21","modified_gmt":"2024-05-15T00:29:21","slug":"celebracao-em-catedral-anglicana-de-brasilia-marca-a-abertura-da-semana-de-oracao-pela-unidade-crista-2024","status":"publish","type":"post","link":"https:\/\/portalcatolico.net\/portal\/celebracao-em-catedral-anglicana-de-brasilia-marca-a-abertura-da-semana-de-oracao-pela-unidade-crista-2024\/","title":{"rendered":"CELEBRA\u00c7\u00c3O EM CATEDRAL ANGLICANA DE BRAS\u00cdLIA MARCA A ABERTURA DA SEMANA DE ORA\u00c7\u00c3O PELA UNIDADE CRIST\u00c3 2024"},"content":{"rendered":"<p>Na segunda-feira, 13 de maio, \u00e0s 19h30, na catedral anglicana de Bras\u00edlia, foi realizada a celebra\u00e7\u00e3o de abertura da Semana de Ora\u00e7\u00e3o pela Unidade Crist\u00e3 (SOUC) 2024. Tratou-se de um encontro fraterno que reuniu as Igrejas que fazem parte do Conselho Nacional de Igrejas Crist\u00e3s (Conic) e algumas organiza\u00e7\u00f5es ecum\u00eanicas presentes no Brasil.<\/p>\n<p>A celebra\u00e7\u00e3o se deteve, como texto central de reflex\u00e3o, na par\u00e1bola do Bom Samaritano (Lc 25, 25-37). O bispo auxiliar de Bras\u00edlia e secret\u00e1rio-geral da Confer\u00eancia Nacional dos Bispos do Brasil (CNBB), dom Ricardo Hoepers, participou da solenidade representando a Igreja Cat\u00f3lica Apost\u00f3lica Romana e conduziu a homilia e reflex\u00e3o sobre a unidade dos crist\u00e3os.<\/p>\n<p>De acordo com o assessor da Comiss\u00e3o Episcopal para o Ecumenismo e o Di\u00e1logo Inter-religioso da CNBB, padre Marcus Barbosa, tamb\u00e9m presente na abertura da SOUC 2024, a celebra\u00e7\u00e3o permitiu ouvir o \u201cchamado divino para amar a Deus e ao pr\u00f3ximo como a n\u00f3s mesmos\u201d.<\/p>\n<blockquote><p>\u201cUnidos \u00e0s Igrejas Crist\u00e3s do Brasil, e enviados para a miss\u00e3o, pedimos que Deus nos envolva sempre mais em seu amor e fa\u00e7a a Sua bondade fluir sempre em n\u00f3s. Que Deus nos d\u00ea humildade e perseveran\u00e7a para, com a for\u00e7a do Esp\u00edrito, alimentar a unidade\u201d, disse.<\/p><\/blockquote>\n<p>Participantes na abertura da SOUC 2024: secret\u00e1rio-geral da CNBB, dom Ricardo Hoepers; o bispo da Igreja Anglicana, dom Maur\u00edcio de Andrade; a secret\u00e1ria executiva do Conic, pastora Romi Becker; o membro do Grupo Ecum\u00eanico de Bras\u00edlia, pastor Carlos M\u00fcller; a de\u00e2 da catedral Anglicana de Bras\u00edlia, reverenda Tatiane Ribeiro; a representante do S\u00ednodo Brasil Central da IECLB, pastora Patr\u00edcia Bauer.(CNBB)<\/p>\n","protected":false},"excerpt":{"rendered":"<p>Na segunda-feira, 13 de maio, \u00e0s 19h30, na catedral anglicana de Bras\u00edlia, foi realizada a celebra\u00e7\u00e3o de abertura da Semana de Ora\u00e7\u00e3o pela Unidade Crist\u00e3 (SOUC) 2024. Tratou-se de um encontro fraterno que reuniu as Igrejas que fazem parte do Conselho Nacional de Igrejas Crist\u00e3s (Conic) e algumas organiza\u00e7\u00f5es ecum\u00eanicas presentes no Brasil. A celebra\u00e7\u00e3o&nbsp;<\/p>\n<p><a class=\"btn btn-style\" href=\"https:\/\/portalcatolico.net\/portal\/celebracao-em-catedral-anglicana-de-brasilia-marca-a-abertura-da-semana-de-oracao-pela-unidade-crista-2024\/\">Continue Reading<\/a><\/p>\n","protected":false},"author":2,"featured_media":80535,"comment_status":"open","ping_status":"open","sticky":false,"template":"","format":"standard","meta":{"footnotes":""},"categories":[4],"tags":[],"class_list":["post-80534","post","type-post","status-publish","format-standard","has-post-thumbnail","hentry","category-destaques"],"_links":{"self":[{"href":"https:\/\/portalcatolico.net\/portal\/wp-json\/wp\/v2\/posts\/80534","targetHints":{"allow":["GET"]}}],"collection":[{"href":"https:\/\/portalcatolico.net\/portal\/wp-json\/wp\/v2\/posts"}],"about":[{"href":"https:\/\/portalcatolico.net\/portal\/wp-json\/wp\/v2\/types\/post"}],"author":[{"embeddable":true,"href":"https:\/\/portalcatolico.net\/portal\/wp-json\/wp\/v2\/users\/2"}],"replies":[{"embeddable":true,"href":"https:\/\/portalcatolico.net\/portal\/wp-json\/wp\/v2\/comments?post=80534"}],"version-history":[{"count":1,"href":"https:\/\/portalcatolico.net\/portal\/wp-json\/wp\/v2\/posts\/80534\/revisions"}],"predecessor-version":[{"id":80536,"href":"https:\/\/portalcatolico.net\/portal\/wp-json\/wp\/v2\/posts\/80534\/revisions\/80536"}],"wp:featuredmedia":[{"embeddable":true,"href":"https:\/\/portalcatolico.net\/portal\/wp-json\/wp\/v2\/media\/80535"}],"wp:attachment":[{"href":"https:\/\/portalcatolico.net\/portal\/wp-json\/wp\/v2\/media?parent=80534"}],"wp:term":[{"taxonomy":"category","embeddable":true,"href":"https:\/\/portalcatolico.net\/portal\/wp-json\/wp\/v2\/categories?post=80534"},{"taxonomy":"post_tag","embeddable":true,"href":"https:\/\/portalcatolico.net\/portal\/wp-json\/wp\/v2\/tags?post=80534"}],"curies":[{"name":"wp","href":"https:\/\/api.w.org\/{rel}","templated":true}]}}