{"id":80528,"date":"2024-05-13T21:22:31","date_gmt":"2024-05-14T00:22:31","guid":{"rendered":"http:\/\/portalcatolico.net\/portal\/?p=80528"},"modified":"2024-05-13T21:26:07","modified_gmt":"2024-05-14T00:26:07","slug":"muita-alegria-fe-e-louvor-marcam-a-primeira-noite-do-novenario-de-santa-rita-de-cassia","status":"publish","type":"post","link":"https:\/\/portalcatolico.net\/portal\/muita-alegria-fe-e-louvor-marcam-a-primeira-noite-do-novenario-de-santa-rita-de-cassia\/","title":{"rendered":"Muita alegria, f\u00e9 e louvor marcam a primeira noite do Noven\u00e1rio de Santa Rita de C\u00e1ssia"},"content":{"rendered":"<p><img loading=\"lazy\" decoding=\"async\" class=\"alignnone wp-image-80531\" src=\"http:\/\/portalcatolico.net\/portal\/wp-content\/uploads\/2024\/05\/46e0b50b-f2fc-4bfb-a685-06fdff022e27-300x135.jpg\" alt=\"\" width=\"831\" height=\"374\" srcset=\"https:\/\/portalcatolico.net\/portal\/wp-content\/uploads\/2024\/05\/46e0b50b-f2fc-4bfb-a685-06fdff022e27-300x135.jpg 300w, https:\/\/portalcatolico.net\/portal\/wp-content\/uploads\/2024\/05\/46e0b50b-f2fc-4bfb-a685-06fdff022e27-768x346.jpg 768w, https:\/\/portalcatolico.net\/portal\/wp-content\/uploads\/2024\/05\/46e0b50b-f2fc-4bfb-a685-06fdff022e27-1024x461.jpg 1024w, https:\/\/portalcatolico.net\/portal\/wp-content\/uploads\/2024\/05\/46e0b50b-f2fc-4bfb-a685-06fdff022e27.jpg 1280w\" sizes=\"auto, (max-width: 831px) 100vw, 831px\" \/>Ap\u00f3s a grande noite de abertura do Noven\u00e1rio de Santa Rita de C\u00e1ssia, do an\u00fancio dos festejos de sua padroeira, que aconteceu no domingo (12) com a Santa Missa, seguida de carreata pelas principais ruas do bairro, a Par\u00f3quia Santa Rita de C\u00e1ssia realizou nesta segunda (13), \u00e0s 19h, a 1\u00aa Noite do seu noven\u00e1rio, que teve como presidente da Celebra\u00e7\u00e3o Eucar\u00edstica, o Padre Adriano Fernandes, p\u00e1roco da Matriz de Nossa Senhora da Concei\u00e7\u00e3o, localizada no bairro Concei\u00e7\u00e3o, em Itabuna\/BA.<\/p>\n<p>Na homilia, o Pe. Adriano refletiu sobre a import\u00e2ncia da ora\u00e7\u00e3o e de deixarmos Jesus nos tocar para que a mudan\u00e7a de vida aconte\u00e7a verdadeiramente: <em>\u201ca nossa ora\u00e7\u00e3o deve ser instrumento para ouvir a Jesus, de se permitir ser tocado por Ele e abrirmos o nosso cora\u00e7\u00e3o na sua presen\u00e7a. \u00c9 preciso deixar que Deus fale em mim, assim como sua obra tamb\u00e9m, atrav\u00e9s do Esp\u00edrito Santo.&nbsp; \u00c9 na presen\u00e7a do Senhor que devo abrir o meu cora\u00e7\u00e3o, assim como Santa Rita de C\u00e1ssia, um grande exemplo de const\u00e2ncia de f\u00e9 e ora\u00e7\u00e3o\u201d.<\/em><\/p>\n<p>Continuando sua reflex\u00e3o, o Pe. Adriano enfatizou que <em>\u201cA rela\u00e7\u00e3o de Santa Rita era de intimidade e confian\u00e7a em Deus, assim como deve ser a nossa miss\u00e3o como igreja, homens e mulheres batizados e chamados a partilhar a f\u00e9. O batismo n\u00e3o deve ser apenas um v\u00ednculo social, o batismo nos torna pertencentes a Jesus, nos faz dizer que estamos abertos e acess\u00edveis a condu\u00e7\u00e3o do Esp\u00edrito Santo, para que seja realizado em n\u00f3s todo o mist\u00e9rio de Cristo.\u201d.<\/em><\/p>\n<p>Fi\u00e9is e devotos entoaram louvores a Deus, nesta noite de j\u00fabilo, agradecendo a intercess\u00e3o de Santa Rita de C\u00e1ssia, por muitas gra\u00e7as alcan\u00e7adas. A liturgia proclamada ficou a cargo das comunidades paroquiais: Nossa Senhora de Lourdes, S\u00e3o Francisco de Assis, Santa Luzia e S\u00e3o Paulo Ap\u00f3stolo), sendo o Minist\u00e9rio de M\u00fasica Porta Vozes da Paz, o respons\u00e1vel pela liturgia cantada da noite. Os convidados da noite foram a Par\u00f3quia Nossa Senhora da Concei\u00e7\u00e3o, as Comunidades Paroquiais, A Secretaria de Sa\u00fade, o SAMU, os Abrigos e Creches da nossa cidade.<\/p>\n<p>Como verdadeiros crist\u00e3o, \u00e9 necess\u00e1rio refletirmos sobre nossa miss\u00e3o na Igreja de Cristo: <em>\u201cComo a igreja vai dar testemunho de Jesus, se ela estiver longe do Senhor? Como a igreja vai ser um sinal de salva\u00e7\u00e3o, se n\u00f3s n\u00e3o estivermos incorporados no Senhor, introduzidos, ligados como os ramos a videira? Como seremos uma igreja testemunha de Cristo, se n\u00f3s n\u00e3o dialogamos, n\u00e3o falamos, n\u00e3o rezamos, n\u00e3o estamos em comunh\u00e3o com o Senhor. N\u00e3o existe disc\u00edpulo longe do seu Mestre\u201d,<\/em> concluiu o Pe. Adriano Fernandes.<\/p>\n<p>Os festejos foram conclu\u00eddos com a realiza\u00e7\u00e3o da quermesse, que teve os Ministros Extraordin\u00e1rios da Sagrada Comunh\u00e3o Eucar\u00edstica (MESCE) e os Ac\u00f3litos\/Coroinhas como respons\u00e1veis pelas comidas e bebidas, iguarias da melhor qualidade. A noite contou com som ao vivo para animar mais ainda a conviv\u00eancia fraterna entre os presentes.<\/p>\n<p>Lembramos que a programa\u00e7\u00e3o das noites inicia sempre com o Momento Mariano, \u00e0s 18h. Os festejos de Santa Rita de C\u00e1ssia v\u00e3o at\u00e9 o dia 22\/05.<\/p>\n<p>Texto e fotos: Pastoral da Comunica\u00e7\u00e3o\/Par\u00f3quia Santa Rita de Cassia de Itabuna(BA)<\/p>\n","protected":false},"excerpt":{"rendered":"<p>Ap\u00f3s a grande noite de abertura do Noven\u00e1rio de Santa Rita de C\u00e1ssia, do an\u00fancio dos festejos de sua padroeira, que aconteceu no domingo (12) com a Santa Missa, seguida de carreata pelas principais ruas do bairro, a Par\u00f3quia Santa Rita de C\u00e1ssia realizou nesta segunda (13), \u00e0s 19h, a 1\u00aa Noite do seu noven\u00e1rio,&nbsp;<\/p>\n<p><a class=\"btn btn-style\" href=\"https:\/\/portalcatolico.net\/portal\/muita-alegria-fe-e-louvor-marcam-a-primeira-noite-do-novenario-de-santa-rita-de-cassia\/\">Continue Reading<\/a><\/p>\n","protected":false},"author":2,"featured_media":80530,"comment_status":"open","ping_status":"open","sticky":false,"template":"","format":"standard","meta":{"footnotes":""},"categories":[68],"tags":[],"class_list":["post-80528","post","type-post","status-publish","format-standard","has-post-thumbnail","hentry","category-homilias"],"_links":{"self":[{"href":"https:\/\/portalcatolico.net\/portal\/wp-json\/wp\/v2\/posts\/80528","targetHints":{"allow":["GET"]}}],"collection":[{"href":"https:\/\/portalcatolico.net\/portal\/wp-json\/wp\/v2\/posts"}],"about":[{"href":"https:\/\/portalcatolico.net\/portal\/wp-json\/wp\/v2\/types\/post"}],"author":[{"embeddable":true,"href":"https:\/\/portalcatolico.net\/portal\/wp-json\/wp\/v2\/users\/2"}],"replies":[{"embeddable":true,"href":"https:\/\/portalcatolico.net\/portal\/wp-json\/wp\/v2\/comments?post=80528"}],"version-history":[{"count":3,"href":"https:\/\/portalcatolico.net\/portal\/wp-json\/wp\/v2\/posts\/80528\/revisions"}],"predecessor-version":[{"id":80533,"href":"https:\/\/portalcatolico.net\/portal\/wp-json\/wp\/v2\/posts\/80528\/revisions\/80533"}],"wp:featuredmedia":[{"embeddable":true,"href":"https:\/\/portalcatolico.net\/portal\/wp-json\/wp\/v2\/media\/80530"}],"wp:attachment":[{"href":"https:\/\/portalcatolico.net\/portal\/wp-json\/wp\/v2\/media?parent=80528"}],"wp:term":[{"taxonomy":"category","embeddable":true,"href":"https:\/\/portalcatolico.net\/portal\/wp-json\/wp\/v2\/categories?post=80528"},{"taxonomy":"post_tag","embeddable":true,"href":"https:\/\/portalcatolico.net\/portal\/wp-json\/wp\/v2\/tags?post=80528"}],"curies":[{"name":"wp","href":"https:\/\/api.w.org\/{rel}","templated":true}]}}