{"id":80524,"date":"2024-05-13T13:29:29","date_gmt":"2024-05-13T16:29:29","guid":{"rendered":"http:\/\/portalcatolico.net\/portal\/?p=80524"},"modified":"2024-05-13T13:32:54","modified_gmt":"2024-05-13T16:32:54","slug":"bispo-de-ilheus-celebra-hoje-o-12o-aniversario-de-ordenacao-episcopal","status":"publish","type":"post","link":"https:\/\/portalcatolico.net\/portal\/bispo-de-ilheus-celebra-hoje-o-12o-aniversario-de-ordenacao-episcopal\/","title":{"rendered":"Bispo de Ilh\u00e9us celebra hoje o 12\u00ba anivers\u00e1rio de Ordena\u00e7\u00e3o Episcopal!"},"content":{"rendered":"<div dir=\"auto\"><img loading=\"lazy\" decoding=\"async\" class=\"alignnone  wp-image-80526\" src=\"http:\/\/portalcatolico.net\/portal\/wp-content\/uploads\/2024\/05\/631f5fb7-4aa8-4dbc-82af-09ebf9b45f88-300x300.jpg\" alt=\"\" width=\"830\" height=\"830\" srcset=\"https:\/\/portalcatolico.net\/portal\/wp-content\/uploads\/2024\/05\/631f5fb7-4aa8-4dbc-82af-09ebf9b45f88-300x300.jpg 300w, https:\/\/portalcatolico.net\/portal\/wp-content\/uploads\/2024\/05\/631f5fb7-4aa8-4dbc-82af-09ebf9b45f88-150x150.jpg 150w, https:\/\/portalcatolico.net\/portal\/wp-content\/uploads\/2024\/05\/631f5fb7-4aa8-4dbc-82af-09ebf9b45f88-768x768.jpg 768w, https:\/\/portalcatolico.net\/portal\/wp-content\/uploads\/2024\/05\/631f5fb7-4aa8-4dbc-82af-09ebf9b45f88-1024x1024.jpg 1024w, https:\/\/portalcatolico.net\/portal\/wp-content\/uploads\/2024\/05\/631f5fb7-4aa8-4dbc-82af-09ebf9b45f88.jpg 1600w\" sizes=\"auto, (max-width: 830px) 100vw, 830px\" \/>Nesta segunda-feira, 13 de maio, o Bispo da Diocese de Ilh\u00e9us, Dom Giovanni Crippa, celebra o d\u00e9cimo segundo anivers\u00e1rio de Ordena\u00e7\u00e3o Episcopal. A Diocese de Ilh\u00e9us parabenizou o religioso nas redes sociais.<\/div>\n<div dir=\"auto\">Dom Giovanni era Bispo da Diocese de Est\u00e2ncia (SE) e foi nomeado pelo Papa Francisco como Bispo da Diocese de Ilh\u00e9us em 11 de agosto de 2021. A posse can\u00f4nica ocorreu no dia 09 outubro, \u00e0s 10h, na Catedral de S\u00e3o Sebasti\u00e3o. Anteriormente, foi Bispo Auxiliar da Arquidiocese de S\u00e3o Salvador e referencial para a Pastoral na Forania 11, regi\u00e3o em que foi criada a Diocese de Cruz das Almas.<\/div>\n<div dir=\"auto\">&nbsp;<\/div>\n<div dir=\"auto\">Ele \u00e9 o 10\u00b0 Bispo de Ilh\u00e9us a assumir o governo diocesano, no lugar de Dom Mauro Montagnoli, que completou 75 anos tendo o Vaticano aceitado a sua ren\u00fancia compuls\u00f3ria depois de 26 anos \u00e0 frente da Diocese.<\/div>\n<div dir=\"auto\">Dom Giovanni nasceu em Mil\u00e3o, Lombardia, It\u00e1lia. Em 13 de setembro de 1958, professou os votos perp\u00e9tuos no Instituto da Consolata Foi ordenado presb\u00edtero no dia 14 de setembro de 1985. Doutorou-se em Hist\u00f3ria da Igreja pela Pontif\u00edcia Universidade Gregoriana, em 1996. Viveu seus primeiros anos de sacerd\u00f3cio na It\u00e1lia, onde foi Animador Mission\u00e1rio e Vocacional, professor na Faculdade de Missiologia da Pontif\u00edcia Universidade Urbaniana e membro da Equipe de Coordena\u00e7\u00e3o do Departamento Hist\u00f3rico do Instituto da Consolata.<\/div>\n<div dir=\"auto\">&nbsp;<\/div>\n<div dir=\"auto\">Em 2001, veio para o Brasil e se estabeleceu em Feira de Santana, no Estado da Bahia, onde se tornou vig\u00e1rio da par\u00f3quia Sant\u00edssima Trindade. Em 2004, tornou-se p\u00e1roco da mesma. Ainda como padre, foi professor da Faculdade Cat\u00f3lica, diretor espiritual do Semin\u00e1rio Santana Mestra, membro do Conselho Presbiteral, Conselheiro Provincial do Instituto da Consolata e Conselheiro Espiritual das Equipes de Nossa Senhora e do Encontro de Casais com Cristo.<\/div>\n<div dir=\"auto\">&nbsp;<\/div>\n<div dir=\"auto\">Em 21 de mar\u00e7o de 2012, o Papa Bento XVI o nomeou bispo-auxiliar da arquidiocese de S\u00e3o Salvador e titular de Accia. Sua sagra\u00e7\u00e3o episcopal ocorreu em 13 de maio seguinte, na Igreja de Santo Ant\u00f4nio, em Feira de Santana, presidida pelo arcebispo dom Frei Itamar Navildo Vian, sendo c0-sagrantes o arcebispo-primaz dom Murilo Krieger e dom Walmir Alberto Valle, bispo em\u00e9rito de Joa\u00e7aba, que tamb\u00e9m \u00e9 mission\u00e1rio da Consolata.<\/div>\n<div dir=\"auto\">Em 25 de setembro de 2013, foi designado pelo Papa Francisco para ser administrador apost\u00f3lico da diocese de Est\u00e2ncia. Em 9 de julho de 2014, dom Giovanni foi efetivamente nomeado bispo daquela diocese e sua posse ocorreu em 24 de agosto seguinte.<\/div>\n<p>A equipe deste Portal de not\u00edcias parabeniza o Bispo por esse momento comemorativo t\u00e3o especial!<\/p>\n","protected":false},"excerpt":{"rendered":"<p>Nesta segunda-feira, 13 de maio, o Bispo da Diocese de Ilh\u00e9us, Dom Giovanni Crippa, celebra o d\u00e9cimo segundo anivers\u00e1rio de Ordena\u00e7\u00e3o Episcopal. A Diocese de Ilh\u00e9us parabenizou o religioso nas redes sociais. Dom Giovanni era Bispo da Diocese de Est\u00e2ncia (SE) e foi nomeado pelo Papa Francisco como Bispo da Diocese de Ilh\u00e9us em 11&nbsp;<\/p>\n<p><a class=\"btn btn-style\" href=\"https:\/\/portalcatolico.net\/portal\/bispo-de-ilheus-celebra-hoje-o-12o-aniversario-de-ordenacao-episcopal\/\">Continue Reading<\/a><\/p>\n","protected":false},"author":2,"featured_media":73383,"comment_status":"open","ping_status":"open","sticky":false,"template":"","format":"standard","meta":{"footnotes":""},"categories":[4],"tags":[],"class_list":["post-80524","post","type-post","status-publish","format-standard","has-post-thumbnail","hentry","category-destaques"],"_links":{"self":[{"href":"https:\/\/portalcatolico.net\/portal\/wp-json\/wp\/v2\/posts\/80524","targetHints":{"allow":["GET"]}}],"collection":[{"href":"https:\/\/portalcatolico.net\/portal\/wp-json\/wp\/v2\/posts"}],"about":[{"href":"https:\/\/portalcatolico.net\/portal\/wp-json\/wp\/v2\/types\/post"}],"author":[{"embeddable":true,"href":"https:\/\/portalcatolico.net\/portal\/wp-json\/wp\/v2\/users\/2"}],"replies":[{"embeddable":true,"href":"https:\/\/portalcatolico.net\/portal\/wp-json\/wp\/v2\/comments?post=80524"}],"version-history":[{"count":2,"href":"https:\/\/portalcatolico.net\/portal\/wp-json\/wp\/v2\/posts\/80524\/revisions"}],"predecessor-version":[{"id":80527,"href":"https:\/\/portalcatolico.net\/portal\/wp-json\/wp\/v2\/posts\/80524\/revisions\/80527"}],"wp:featuredmedia":[{"embeddable":true,"href":"https:\/\/portalcatolico.net\/portal\/wp-json\/wp\/v2\/media\/73383"}],"wp:attachment":[{"href":"https:\/\/portalcatolico.net\/portal\/wp-json\/wp\/v2\/media?parent=80524"}],"wp:term":[{"taxonomy":"category","embeddable":true,"href":"https:\/\/portalcatolico.net\/portal\/wp-json\/wp\/v2\/categories?post=80524"},{"taxonomy":"post_tag","embeddable":true,"href":"https:\/\/portalcatolico.net\/portal\/wp-json\/wp\/v2\/tags?post=80524"}],"curies":[{"name":"wp","href":"https:\/\/api.w.org\/{rel}","templated":true}]}}