{"id":80521,"date":"2024-05-13T13:27:10","date_gmt":"2024-05-13T16:27:10","guid":{"rendered":"http:\/\/portalcatolico.net\/portal\/?p=80521"},"modified":"2024-05-13T13:27:19","modified_gmt":"2024-05-13T16:27:19","slug":"13-de-maio-dia-de-celebrar-nossa-senhora-de-fatima","status":"publish","type":"post","link":"https:\/\/portalcatolico.net\/portal\/13-de-maio-dia-de-celebrar-nossa-senhora-de-fatima\/","title":{"rendered":"13 de maio: dia de celebrar Nossa Senhora de F\u00e1tima!"},"content":{"rendered":"<p>Hoje, 13 de maio, celebra-se a festa lit\u00fargica de Nossa Senhora de F\u00e1tima, por ocasi\u00e3o da primeira apari\u00e7\u00e3o da Sant\u00edssima Virgem Maria a tr\u00eas crian\u00e7as: L\u00facia, Francisco e Jacinta.<\/p>\n<p>Em Itabuna (BA), a santa \u00e9 padroeira do bairro que leva o seu nome. A novena em homenagem \u00e0 Nossa Senhora de F\u00e1tima teve in\u00edcio no dia 4 de maio. Hoje, dia festivo, haver\u00e1 ora\u00e7\u00e3o do santo ter\u00e7o, \u00e0s 17h e santa missa \u00e0s 18h, presidida pelo p\u00e1roco Nicolau Klak, na par\u00f3quia de Nossa Senhora de F\u00e1tima, situada na Avenida Juracy Magalh\u00e3es. Em seguida, os fieis v\u00e3o seguir pelas principais ruas do bairro, com a tradicional prociss\u00e3o luminosa. Durante todo o noven\u00e1rio, teve quermesse e m\u00fasica ao vivo.<\/p>\n<p>Clique neste link e conhe\u00e7a um pouco da hist\u00f3ria de Nossa Senhora de F\u00e1tima, como aconteceram as suas apari\u00e7\u00f5es e o que ela veio revelar e pedir aos seus filhos:&nbsp;<a href=\"https:\/\/bibliotecacatolica.com.br\/blog\/formacao\/historia-de-nossa-senhora-de-fatima\/\" target=\"_blank\" rel=\"noopener noreferrer\">https:\/\/bibliotecacatolica.com.br\/blog\/formacao\/historia-de-nossa-senhora-de-fatima\/<\/a><\/p>\n","protected":false},"excerpt":{"rendered":"<p>Hoje, 13 de maio, celebra-se a festa lit\u00fargica de Nossa Senhora de F\u00e1tima, por ocasi\u00e3o da primeira apari\u00e7\u00e3o da Sant\u00edssima Virgem Maria a tr\u00eas crian\u00e7as: L\u00facia, Francisco e Jacinta. Em Itabuna (BA), a santa \u00e9 padroeira do bairro que leva o seu nome. A novena em homenagem \u00e0 Nossa Senhora de F\u00e1tima teve in\u00edcio no&nbsp;<\/p>\n<p><a class=\"btn btn-style\" href=\"https:\/\/portalcatolico.net\/portal\/13-de-maio-dia-de-celebrar-nossa-senhora-de-fatima\/\">Continue Reading<\/a><\/p>\n","protected":false},"author":2,"featured_media":27199,"comment_status":"open","ping_status":"open","sticky":false,"template":"","format":"standard","meta":{"footnotes":""},"categories":[4],"tags":[],"class_list":["post-80521","post","type-post","status-publish","format-standard","has-post-thumbnail","hentry","category-destaques"],"_links":{"self":[{"href":"https:\/\/portalcatolico.net\/portal\/wp-json\/wp\/v2\/posts\/80521","targetHints":{"allow":["GET"]}}],"collection":[{"href":"https:\/\/portalcatolico.net\/portal\/wp-json\/wp\/v2\/posts"}],"about":[{"href":"https:\/\/portalcatolico.net\/portal\/wp-json\/wp\/v2\/types\/post"}],"author":[{"embeddable":true,"href":"https:\/\/portalcatolico.net\/portal\/wp-json\/wp\/v2\/users\/2"}],"replies":[{"embeddable":true,"href":"https:\/\/portalcatolico.net\/portal\/wp-json\/wp\/v2\/comments?post=80521"}],"version-history":[{"count":2,"href":"https:\/\/portalcatolico.net\/portal\/wp-json\/wp\/v2\/posts\/80521\/revisions"}],"predecessor-version":[{"id":80523,"href":"https:\/\/portalcatolico.net\/portal\/wp-json\/wp\/v2\/posts\/80521\/revisions\/80523"}],"wp:featuredmedia":[{"embeddable":true,"href":"https:\/\/portalcatolico.net\/portal\/wp-json\/wp\/v2\/media\/27199"}],"wp:attachment":[{"href":"https:\/\/portalcatolico.net\/portal\/wp-json\/wp\/v2\/media?parent=80521"}],"wp:term":[{"taxonomy":"category","embeddable":true,"href":"https:\/\/portalcatolico.net\/portal\/wp-json\/wp\/v2\/categories?post=80521"},{"taxonomy":"post_tag","embeddable":true,"href":"https:\/\/portalcatolico.net\/portal\/wp-json\/wp\/v2\/tags?post=80521"}],"curies":[{"name":"wp","href":"https:\/\/api.w.org\/{rel}","templated":true}]}}